{"id":620445,"date":"2026-06-22T14:32:13","date_gmt":"2026-06-22T14:32:13","guid":{"rendered":"https:\/\/www.europesays.com\/es\/620445\/"},"modified":"2026-06-22T14:32:13","modified_gmt":"2026-06-22T14:32:13","slug":"hector-quinteiro-y-cristina-menendez-se-imponen-en-el-dhi-manzaneda-estacion-de-la-copa-de-espana-de-descenso-esciclismo","status":"publish","type":"post","link":"https:\/\/www.europesays.com\/es\/620445\/","title":{"rendered":"H\u00e9ctor Quinteiro y Cristina Men\u00e9ndez se imponen en el DHI Manzaneda Estaci\u00f3n de la Copa de Espa\u00f1a de Descenso &#8211; Esciclismo"},"content":{"rendered":"<ol>\n<li><a href=\"https:\/\/news.google.com\/rss\/articles\/CBMib0FVX3lxTE5PTlNzOEYwM2x3ajVnb0ZHT3ZlR1ZNVjZsOE1qcVJpQmNFLUlGTlRBUTh1Q0RlUGM5dmx3dFRhZENNc3FaeUZjQWtxNVlRU2pBRUNHUnduRHhTTEtNMjFhTHY3dkhyU0hZd1JSQVVqTQ?oc=5\" target=\"_blank\" rel=\"nofollow noopener\">H\u00e9ctor Quinteiro y Cristina Men\u00e9ndez se imponen en el DHI Manzaneda Estaci\u00f3n de la Copa de Espa\u00f1a de Descenso<\/a>&nbsp;&nbsp;Esciclismo<\/li>\n<li><a href=\"https:\/\/news.google.com\/rss\/articles\/CBMivgFBVV95cUxOMXhQYUVhdVd1YXUzeUl2dndKeEtfTVpMbnU5bkVZYjIwZmY4U0FRQ1hYV3I0NGxQUXczUDl6Y0stTGpnOGpVMS1CbU1jcF92Y1lwZnB3a2VuYlRoaXZyWmNoaTJOem9YSFJrWm15a3ptNTJmUmRZdklia3hlMlVYM1Rka1d4cUxFQWZOOURPRDRnTEo4dXk0alk3RjZ2bEkzaGxKekFobVE4cUQtR25rSEZZTFJ2Z2h1S0g3NXBB?oc=5\" target=\"_blank\" rel=\"nofollow noopener\">H\u00e9ctor Quinteiro refuerza su liderato con una s\u00f3lida victoria en el DHI Manzaneda de la Copa de Espa\u00f1a<\/a>&nbsp;&nbsp;TodoMountainBike<\/li>\n<li><a href=\"https:\/\/news.google.com\/rss\/articles\/CBMi9wFBVV95cUxPdjh3S2xpQVR2cGU5LWNtS1Iwa1J5SGxlM2dyS2tzc3RaandVa3paeFJ4bS1ZTHpiZDVfSW9SZEVhX1RLWXF1Q0htVXZNc0k5Zzh6dnBPS0VJYUZwblhiWWxXc3hHcUIwYzM2d21hR0x3NExUSFhJYk5XT3NxSTZWRXNSSnZCa2tQbmUwMGkwWWRCQmo0QWpTSkVzVm5nTlBiUm9PdGJLNW80NXJTSzlMT19CRHhLU1E3NlFBVlUxaklpQ0dDWThPZUZEYWdHY1RUMWpZTENuOXVkRUtJNGs5Mjdvb09OalhlUEZYdFl6X0VCejM2bENF0gH8AUFVX3lxTFA5ZU5KYzU2cG0zUXdwYnlRMGREcm5wdUpoS1ZRQ3RrWDduMXRzc0pla3ZvenE5MjhjbjRPSFN0LVZ3bWlVQjFFUklad1g2ODRrX0kyMURFekxkOWQ1STlna1JiTnh6eWxRaEp0LW9tSFcxSFl0TlFXZXJIRHhjVkE2OWVWQ3h6VXZzOXRBcFdMSURIZ3pYaWJZXzNBTVNscllLc3BTRy1jUHp1bHJaR0tUX1FGQzBYdEU2TVVwcUNsaUphNTFiTHk3R2N0ODUzQ2FURmRwUDE0akpmVDVDYVhjUWdwdWdWZFlyUVFPNXE5UGZwV2syYzRzMlNqRg?oc=5\" target=\"_blank\" rel=\"nofollow noopener\">El corredor de Ot\u00edvar \u00c1lvaro Garc\u00eda, del AC La Herradura, gana la tercera prueba de la Copa de Espa\u00f1a B&#8230;<\/a>&nbsp;&nbsp;Diario Sexitano<\/li>\n<li><a href=\"https:\/\/news.google.com\/rss\/articles\/CBMi0gFBVV95cUxQcW1FZHgySHVSWmpzQTh6X1ZQSUVva0pEY2dXZFJCVW1SbVBkRE5FZUQ4ZGx5YmpRd3NwV3NmWmJXVl9Za3pkMEJ1cllXTm9URDhQYVNnaXBoeHdlaXFicWJFVkdmU0pJRG9PQnVPbDhyQ04yQ3hLVlNOTUUxVTE2ZGRDOHB3d054QzBVTkJwWDloRjdEdU1PNFZPXzY2dWVieHBTNEpiUGJEOElhYWFWNzlWN3ZNWlMzUDNTMVNfSG1YaDdjWlBISUpqNGlzRllwZlE?oc=5\" target=\"_blank\" rel=\"nofollow noopener\">El DHI Manzaneda Estaci\u00f3n, 3\u00aa cita de la Copa de Espa\u00f1a de Descenso<\/a>&nbsp;&nbsp;REAL FEDERACI\u00d3N ESPA\u00d1OLA DE CICLISMO<\/li>\n<li><a href=\"https:\/\/news.google.com\/rss\/articles\/CBMingFBVV95cUxPell6REtrYVhVUEQtRFlFYnRibXh2VTZVZWtZcWo2SmlBck1FZklvSW9Jam1pOEJadDUzZTROeW9UZEpVa0VIMFExMVNRTVVrMVA5WGpfNE9NeE9Ubm14aGYzN1pzUUVlYUZUN0VqaUIxeHd4LWJONjcwZlJvVFROOU51UU9lMmY2Y3RYaDhLMlZDNnpYdGpxcThFRDUwdw?oc=5\" target=\"_blank\" rel=\"nofollow noopener\">Manzaneda pone a prueba a los favoritos de la Copa de Espa\u00f1a de Descenso<\/a>&nbsp;&nbsp;TodoMountainBike<\/li>\n<\/ol>\n","protected":false},"excerpt":{"rendered":"H\u00e9ctor Quinteiro y Cristina Men\u00e9ndez se imponen en el DHI Manzaneda Estaci\u00f3n de la Copa de Espa\u00f1a de&hellip;\n","protected":false},"author":2,"featured_media":620446,"comment_status":"","ping_status":"","sticky":false,"template":"","format":"standard","meta":{"footnotes":""},"categories":[273],"tags":[2237,22340,313,1757,7716,1798,2493,7538,312,168,6258,115614,1053,25,24,115616,22957,20830,2326,46982,115615,1179,41279,5329,33344,19704,2599,4356,13376,2761,11213,115613,23,167,1049,1261],"class_list":["post-620445","post","type-post","status-publish","format-standard","has-post-thumbnail","category-ciclismo","tag-bici","tag-celebrada","tag-ciclismo","tag-ciclista","tag-cita","tag-club","tag-copa","tag-cristina","tag-cycling","tag-deportes","tag-descenso","tag-dhi","tag-domingo","tag-es","tag-espana","tag-estaci","tag-estacion","tag-hector","tag-junto","tag-lograron","tag-manzaneda","tag-mas","tag-menendez","tag-montana","tag-organizada","tag-ourense","tag-participacion","tag-penultima","tag-pilotos","tag-prueba","tag-puntuable","tag-quinteiro","tag-spain","tag-sports","tag-verde","tag-victoria"],"share_on_mastodon":{"url":"https:\/\/pubeurope.com\/@es\/116794251333502226","error":""},"_links":{"self":[{"href":"https:\/\/www.europesays.com\/es\/wp-json\/wp\/v2\/posts\/620445","targetHints":{"allow":["GET"]}}],"collection":[{"href":"https:\/\/www.europesays.com\/es\/wp-json\/wp\/v2\/posts"}],"about":[{"href":"https:\/\/www.europesays.com\/es\/wp-json\/wp\/v2\/types\/post"}],"author":[{"embeddable":true,"href":"https:\/\/www.europesays.com\/es\/wp-json\/wp\/v2\/users\/2"}],"replies":[{"embeddable":true,"href":"https:\/\/www.europesays.com\/es\/wp-json\/wp\/v2\/comments?post=620445"}],"version-history":[{"count":0,"href":"https:\/\/www.europesays.com\/es\/wp-json\/wp\/v2\/posts\/620445\/revisions"}],"wp:featuredmedia":[{"embeddable":true,"href":"https:\/\/www.europesays.com\/es\/wp-json\/wp\/v2\/media\/620446"}],"wp:attachment":[{"href":"https:\/\/www.europesays.com\/es\/wp-json\/wp\/v2\/media?parent=620445"}],"wp:term":[{"taxonomy":"category","embeddable":true,"href":"https:\/\/www.europesays.com\/es\/wp-json\/wp\/v2\/categories?post=620445"},{"taxonomy":"post_tag","embeddable":true,"href":"https:\/\/www.europesays.com\/es\/wp-json\/wp\/v2\/tags?post=620445"}],"curies":[{"name":"wp","href":"https:\/\/api.w.org\/{rel}","templated":true}]}}