{"id":620515,"date":"2026-06-22T15:22:20","date_gmt":"2026-06-22T15:22:20","guid":{"rendered":"https:\/\/www.europesays.com\/es\/620515\/"},"modified":"2026-06-22T15:22:20","modified_gmt":"2026-06-22T15:22:20","slug":"entre-trenzas-biberones-y-una-tarta-de-verano-la-cara-mas-familiar-de-isabelle-junot","status":"publish","type":"post","link":"https:\/\/www.europesays.com\/es\/620515\/","title":{"rendered":"Entre trenzas, biberones y una tarta de verano, la cara m\u00e1s familiar de Isabelle Junot"},"content":{"rendered":"<p id=\"eYVjxfISia\" data-wc=\"81\">Podr\u00edamos decir que 2026 est\u00e1 siendo uno de los a\u00f1os m\u00e1s agridulces en la vida de<strong>\u00a0Isabelle Junot.<\/strong> Mientras esperaba a su segunda hija, Simona, la marquesa de Cubas tuvo que enfrentarse a uno de los golpes m\u00e1s duros de su vida, <a class=\"hm-link ho-link\" href=\"https:\/\/www.hola.com\/actualidad\/20260109876913\/muere-philippe-junot\/\" data-mrf-recirculation=\"article-body-link\" rel=\"nofollow noopener\" target=\"_blank\">la p\u00e9rdida de su padre, Philippe Junot<\/a>, fallecido el pasado mes de enero. Sin embargo, en medio de ese dif\u00edcil proceso, sus hijas y el apoyo incondicional de<strong>\u00a0su marido, \u00c1lvaro Falc\u00f3<\/strong>, se han convertido en su mejor refugio.<\/p>\n<p> <img src=\"https:\/\/www.europesays.com\/es\/wp-content\/uploads\/2026\/06\/b9762405bd0e-72705828019824054726379608338786777795329024n.jpg\"   width=\"1080\" height=\"1800\" loading=\"lazy\" decoding=\"async\" alt=\"Philippa protagoniz\u00f3 una de las escenas m\u00e1s divertidas al intentar &quot;apropiarse&quot; del biber\u00f3n de su hermana peque\u00f1a, Simona\" fetchpriority=\"auto\" class=\"image ho-image\"\/>\u00a9 isabellejunotPhilippa protagoniz\u00f3 una de las escenas m\u00e1s divertidas al intentar \u00abapropiarse\u00bb del biber\u00f3n de su hermana peque\u00f1a, Simona<\/p>\n<p class=\"\" id=\"eEOz8kweGUN\" data-wc=\"91\">Porque, aunque la vida contin\u00faa incluso cuando parece haberse detenido tras la marcha de un ser querido, Isabelle ha encontrado en su familia motivos para seguir sonriendo. As\u00ed lo reflejan las \u00faltimas im\u00e1genes que ha compartido en sus redes sociales, unas entra\u00f1ables instant\u00e1neas en las que<strong>\u00a0<\/strong><a class=\"hm-link ho-link\" href=\"https:\/\/www.hola.com\/actualidad\/20260529904390\/isabelle-junot-fotos-hijas-escapada-rural-ensueno\/\" data-mrf-recirculation=\"article-body-link\" rel=\"nofollow noopener\" target=\"_blank\">Philippa y la peque\u00f1a Simona<\/a>, nacida el pasado abril, se convierten en las absolutas protagonistas. Escenas cotidianas, llenas de ternura y complicidad, que demuestran que sus hijas son hoy su mayor fuente de alegr\u00eda y el motor que impulsa esta nueva etapa de su vida.<\/p>\n<p>Plan casero para huir de los 39 grados en Madrid<\/p>\n<p id=\"egmiaPX3Tvo\" data-wc=\"64\">Intentando sobrellevar la intensa ola de calor que este fin de semana ha dejado temperaturas cercanas a los 39 grados en Madrid, Isabelle Junot ha optado por uno de los planes m\u00e1s apetecibles: refugiarse en casa junto a sus hijas. Entre aire acondicionado, ventiladores y mucho tiempo en familia,<strong>\u00a0la marquesa de Cubas ha compartido algunas escenas cotidianas\u00a0<\/strong>que han conquistado a sus seguidores.<\/p>\n<p> <img src=\"https:\/\/www.europesays.com\/es\/wp-content\/uploads\/2026\/06\/7011737a256a-7295755572287746168664448202622770506277187n.jpg\"   width=\"576\" height=\"1024\" loading=\"lazy\" decoding=\"async\" alt=\"La marquesa de Cubas no pudo resistirse a fotografiar a su hija mayor luciendo sus divertidas trenzitas\" fetchpriority=\"auto\" class=\"image ho-image\"\/>\u00a9 isabellejunotLa marquesa de Cubas no pudo resistirse a fotografiar a su hija mayor luciendo sus divertidas trenzitas<br \/>\nPhilippa, la hermana mayor m\u00e1s divertida<\/p>\n<p id=\"exDeoPLem2k\" data-wc=\"58\">Pero si hubo una imagen capaz de arrancar sonrisas, fue la protagonizada por Philippa. En una de las fotograf\u00edas, <strong>la peque\u00f1a parece intentar \u00abrobarle\u00bb con picard\u00eda el biber\u00f3n a<\/strong><a class=\"hm-link ho-link\" href=\"https:\/\/www.hola.com\/actualidad\/20260421897030\/isabelle-junot-primeras-imagenes-segunda-hija-nombre\/\" data-mrf-recirculation=\"article-body-link\" rel=\"nofollow noopener\" target=\"_blank\">\u00a0su hermana Simona<\/a>, como si quisiera qued\u00e1rselo para ella. Una divertida travesura que Isabelle comparti\u00f3 con humor y que refleja la complicidad que ya existe entre las dos hermanas.<\/p>\n<p> <img src=\"https:\/\/www.europesays.com\/es\/wp-content\/uploads\/2026\/06\/04dc3d0cc998-isabelle-junot1-1.jpg\"   width=\"576\" height=\"1024\" loading=\"lazy\" decoding=\"async\" alt=\"Con Madrid rozando los 40 grados, la marquesa de Cubas opt\u00f3 por disfrutar de una jornada casera junto a sus hijas\" fetchpriority=\"auto\" class=\"image ho-image\"\/>\u00a9 isabellejunotCon Madrid rozando los 40 grados, la marquesa de Cubas opt\u00f3 por disfrutar de una jornada casera junto a sus hijas<\/p>\n<p id=\"eKu_ac9a0fn\" data-wc=\"49\">A sus <a class=\"hm-link ho-link\" href=\"https:\/\/www.hola.com\/actualidad\/20260613907190\/las-imagenes-mas-tiernas-del-cumpleanos-banado-en-confeti-y-purpurina-de-philippa-la-hija-mayor-de-isabelle-junot\/\" data-mrf-recirculation=\"article-body-link\" rel=\"nofollow noopener\" target=\"_blank\">reci\u00e9n cumplidos tres a\u00f1os<\/a>, Philippa parece haber asumido con total naturalidad su papel de hermana mayor. No es algo que sorprenda a Isabelle. Durante el embarazo ya contaba que su hija estaba convencida de que tendr\u00eda una hermana. \u00abMe dec\u00eda que iba a tener hermana\u00bb, explicaba entonces.<\/p>\n<p>Reposter\u00eda en familia y una pinche muy especial<\/p>\n<p id=\"eCYTjaK9WUP\" data-wc=\"41\">Otra de las im\u00e1genes m\u00e1s comentadas ha sido la <strong>espectacular tarta\u00a0<\/strong>que Isabelle prepar\u00f3 en casa. Decorada con fresas, frambuesas, ar\u00e1ndanos y grosellas, la coach nutricional presum\u00eda con humor de su creaci\u00f3n al escribir: \u00abA veces me sorprendo. Hecho por m\u00ed\u00bb.<\/p>\n<p id=\"eTp3ZFGvt8N\" data-wc=\"41\">Aunque todo apunta a que cont\u00f3 con una ayudante de excepci\u00f3n. <strong>Philippa particip\u00f3 en la elaboraci\u00f3n del postre<\/strong>, convirti\u00e9ndose en la pinche m\u00e1s especial de la casa y protagonizando uno de esos momentos sencillos que Isabelle disfruta compartiendo con sus seguidores.<\/p>\n<p>  <img src=\"https:\/\/www.europesays.com\/es\/wp-content\/uploads\/2026\/06\/ca39b8fdf642-isabelle-junot1-2.jpg\"   width=\"1080\" height=\"1800\" loading=\"lazy\" decoding=\"async\" alt=\"&quot;A veces me sorprendo. Hecho por m\u00ed&quot;, brome\u00f3 Isabelle Junot junto a esta espectacular tarta de verano decorada con frutos rojos\" fetchpriority=\"auto\" class=\"image ho-image\"\/>\u00a9 isabellejunot\u00bbA veces me sorprendo. Hecho por m\u00ed\u00bb, brome\u00f3 Isabelle Junot junto a esta espectacular tarta de verano decorada con frutos rojos<\/p>\n<p>  <img src=\"https:\/\/www.europesays.com\/es\/wp-content\/uploads\/2026\/06\/def11977df8f-72696340213217821101660084779489877614434566n.jpg\"   width=\"1080\" height=\"1800\" loading=\"lazy\" decoding=\"async\" alt=\"Concentrada y muy aplicada, Philippa ejerci\u00f3 de pinche de cocina\" fetchpriority=\"auto\" class=\"image ho-image\"\/>\u00a9 isabellejunotConcentrada y muy aplicada, Philippa ejerci\u00f3 de pinche de cocina, vigilando en todo momento el proceso de la elaboraci\u00f3n de la tarta<\/p>\n<p>El mejor ant\u00eddoto contra la ausencia de Philippe Junot<\/p>\n<p id=\"evAwlPDhyVl\" data-wc=\"36\">Estas im\u00e1genes llegan apenas unos meses despu\u00e9s de <a class=\"hm-link ho-link\" href=\"https:\/\/www.hola.com\/actualidad\/20260420896602\/isabelle-junot-recuerdo-padre-tras-dar-a-luz-segunda-hija\/\" data-mrf-recirculation=\"article-body-link\" rel=\"nofollow noopener\" target=\"_blank\">uno de los momentos m\u00e1s dolorosos de la vida de Isabelle Junot<\/a>. El pasado 8 de enero fallec\u00eda en Madrid su padre, Philippe Junot, a los 85 a\u00f1os.<\/p>\n<p id=\"eSZ7gFK5Pb8\" data-wc=\"39\">La noticia lleg\u00f3 en un momento especialmente delicado, ya que Isabelle se encontraba embarazada de su segunda hija. Pese al golpe emocional, siempre trat\u00f3 de afrontar la situaci\u00f3n con serenidad. \u00abMucho que agradecer y mirar hacia adelante\u00bb, declaraba entonces.<\/p>\n<p id=\"emgpWCExzBV\" data-wc=\"45\">La <a class=\"hm-link ho-link\" href=\"https:\/\/www.hola.com\/actualidad\/20260415895913\/isabelle-junot-ya-ha-dado-a-luz-a-su-segunda-hija-con-alvaro-falco\/\" data-mrf-recirculation=\"article-body-link\" rel=\"nofollow noopener\" target=\"_blank\">llegada de Simona el pasado 14 de abril<\/a>, coincidiendo adem\u00e1s con el aniversario de boda de sus padres, supuso una enorme alegr\u00eda para toda la familia. Su nacimiento convirti\u00f3 a Philippa en hermana mayor y abri\u00f3 una nueva etapa para Isabelle y \u00c1lvaro Falc\u00f3.<\/p>\n<p> <img src=\"https:\/\/www.europesays.com\/es\/wp-content\/uploads\/2026\/06\/495143ba6f92-europapress7475194isabellejunotalvarofalcodisfrutanpaseopareja19abril.jpg\"   width=\"1080\" height=\"1800\" loading=\"lazy\" decoding=\"async\" alt=\"Isabelle Junot y \u00c1lvaro Falc\u00f3 disfrutan de un paseo en pareja tras ser pap\u00e1s por segunda vez  \" fetchpriority=\"auto\" class=\"image ho-image\"\/>\u00a9 Europa PressIsabelle Junot y \u00c1lvaro Falc\u00f3 atraviesan una de las etapas m\u00e1s felices de su vida, volcados en el cuidado de sus dos hijas<br \/>\nUn hogar centrado en ver crecer a sus hijas<\/p>\n<p id=\"eZPMrFGlihu\" data-wc=\"51\">Casados desde abril de 2022, Isabelle Junot y \u00c1lvaro Falc\u00f3 atraviesan hoy uno de los momentos m\u00e1s plenos de su historia. Tras dar la bienvenida a <strong>Philippa en junio de 2023 y a Simona en abril de 2026<\/strong>, la pareja ha construido una vida cada vez m\u00e1s centrada en la familia.<\/p>\n<p id=\"eAZzW0thDgF6\" data-wc=\"50\">Y si algo reflejan estas nuevas im\u00e1genes es precisamente eso, que, tras un a\u00f1o de emociones intensas, p\u00e9rdidas y nuevos comienzos, <strong>Isabelle ha encontrado en sus hijas el mejor refugio posible<\/strong>. Entre biberones, trenzas y tartas caseras, la felicidad parece haberse instalado definitivamente en casa de los marqueses de Cubas.<\/p>\n","protected":false},"excerpt":{"rendered":"Podr\u00edamos decir que 2026 est\u00e1 siendo uno de los a\u00f1os m\u00e1s agridulces en la vida de\u00a0Isabelle Junot. Mientras&hellip;\n","protected":false},"author":2,"featured_media":620516,"comment_status":"","ping_status":"","sticky":false,"template":"","format":"standard","meta":{"footnotes":""},"categories":[174],"tags":[517,255,146,147,25,24,256,39747,23],"class_list":["post-620515","post","type-post","status-publish","format-standard","has-post-thumbnail","category-famosos","tag-actualidad","tag-celebrities","tag-entertainment","tag-entretenimiento","tag-es","tag-espana","tag-famosos","tag-isabelle-junot","tag-spain"],"share_on_mastodon":{"url":"https:\/\/pubeurope.com\/@es\/116794448404747317","error":""},"_links":{"self":[{"href":"https:\/\/www.europesays.com\/es\/wp-json\/wp\/v2\/posts\/620515","targetHints":{"allow":["GET"]}}],"collection":[{"href":"https:\/\/www.europesays.com\/es\/wp-json\/wp\/v2\/posts"}],"about":[{"href":"https:\/\/www.europesays.com\/es\/wp-json\/wp\/v2\/types\/post"}],"author":[{"embeddable":true,"href":"https:\/\/www.europesays.com\/es\/wp-json\/wp\/v2\/users\/2"}],"replies":[{"embeddable":true,"href":"https:\/\/www.europesays.com\/es\/wp-json\/wp\/v2\/comments?post=620515"}],"version-history":[{"count":0,"href":"https:\/\/www.europesays.com\/es\/wp-json\/wp\/v2\/posts\/620515\/revisions"}],"wp:featuredmedia":[{"embeddable":true,"href":"https:\/\/www.europesays.com\/es\/wp-json\/wp\/v2\/media\/620516"}],"wp:attachment":[{"href":"https:\/\/www.europesays.com\/es\/wp-json\/wp\/v2\/media?parent=620515"}],"wp:term":[{"taxonomy":"category","embeddable":true,"href":"https:\/\/www.europesays.com\/es\/wp-json\/wp\/v2\/categories?post=620515"},{"taxonomy":"post_tag","embeddable":true,"href":"https:\/\/www.europesays.com\/es\/wp-json\/wp\/v2\/tags?post=620515"}],"curies":[{"name":"wp","href":"https:\/\/api.w.org\/{rel}","templated":true}]}}