{"id":620523,"date":"2026-06-22T15:28:11","date_gmt":"2026-06-22T15:28:11","guid":{"rendered":"https:\/\/www.europesays.com\/es\/620523\/"},"modified":"2026-06-22T15:28:11","modified_gmt":"2026-06-22T15:28:11","slug":"diario-del-mundial-9-uruguay-se-complica-su-continuidad-al-empatar-con-cabo-verde-el-deportivo-de-rfi","status":"publish","type":"post","link":"https:\/\/www.europesays.com\/es\/620523\/","title":{"rendered":"Diario del Mundial #9: Uruguay se complica su continuidad al empatar con Cabo Verde &#8211; El Deportivo de RFI"},"content":{"rendered":"<p>\n                                                Uruguay no pudo pasar del empate ante una sorprendente Cabo Verde, 2-2, y los charr\u00faas, con dos puntos en dos partidos, podr\u00edan incluso quedar fuera si pierden su tercer encuentro, con una Espa\u00f1a que ha recuperado la inspiraci\u00f3n goleando a Arabia Saud\u00ed. Estaremos en Dallas, en la previa del segundo partido de Argentina, con un Messi m\u00e1s que motivado tras su hat-trick inicial. Adem\u00e1s, haremos un peque\u00f1o homenaje a los porteros de las selecciones chicas, los Vozinha, Room y compa\u00f1\u00eda.                    <\/p>\n<p>En esta edici\u00f3n del Diario del Mundial de RFI hablamos de Uruguay, que se queda cerca de la eliminaci\u00f3n. Es cierto que mereci\u00f3 ganar a Cabo Verde, pero en el f\u00fatbol lo que cuenta es el resultado y termin\u00f3 su partido 2-2. Tras un tanto inicial y sorpresivo de Pina, Araujo y Canobbio dieron la vuelta al marcador, pero en una segunda parte en la que los uruguayos no supieron sentenciar, Varela puso las tablas.<\/p>\n<p>Los charr\u00faas se quedan con dos puntos tras dos choques, los mismos que Cabo Verde, con la diferencia de que el equipo del &#8216;Loco&#8217; Bielsa se medir\u00e1 en la \u00faltima jornada a Espa\u00f1a y una derrota a buen seguro los enviar\u00eda de regreso a casa.<\/p>\n<p>Un empate podr\u00eda valer a ambas selecciones, pero la verdad es que Espa\u00f1a ha cambiado de un plumazo su imagen y ha recuperado el cartel de favorita. La Roja, despu\u00e9s de defraudar en su arranque con Cabo Verde, gole\u00f3 a Arabia Saud\u00ed 4-0, mostrando no solo punter\u00eda, sino tambi\u00e9n buen juego y velocidad. Lamine Yamal, que regres\u00f3 a la titularidad, abri\u00f3 el marcador, mientras que Oyarzabal firm\u00f3 un doblete. Espa\u00f1a, con 4 puntos, encarrila su participaci\u00f3n y sus aspiraciones a terminar primera de grupo.<\/p>\n<p>Iremos tambi\u00e9n a Dallas, donde este lunes Argentina disputa su segundo partido tras golear a Argelia con un hat-trick de Leo Messi. Algo m\u00e1s tarde entra en liza Francia, con un Mbapp\u00e9 inspirado, que en su caso marc\u00f3 dos tantos en su primer partido de la cita contra Senegal. Estaremos pendientes de este partido, porque hay previsiones de tormentas en Filadelfia y el choque podr\u00eda verse aplazado.<\/p>\n<p>Para terminar, tendremos nuestros Ecos del Mundial, con las noticias que ocurren fuera del c\u00e9sped pero que tambi\u00e9n cuentan, y haremos un peque\u00f1o homenaje a los guardametas de los equipos peque\u00f1os, que est\u00e1n siendo una de las atracciones de la Copa del Mundo. Hablamos de los Vozinha, Room y compa\u00f1\u00eda.<\/p>\n","protected":false},"excerpt":{"rendered":"Uruguay no pudo pasar del empate ante una sorprendente Cabo Verde, 2-2, y los charr\u00faas, con dos puntos&hellip;\n","protected":false},"author":2,"featured_media":620524,"comment_status":"","ping_status":"","sticky":false,"template":"","format":"standard","meta":{"footnotes":""},"categories":[93],"tags":[283,168,113758,25,24,3411,1913,62488,23,167,13862],"class_list":["post-620523","post","type-post","status-publish","format-standard","has-post-thumbnail","category-deportes","tag-argentina","tag-deportes","tag-el-deportivo-de-rfi","tag-es","tag-espana","tag-lionel-messi","tag-maternidad","tag-mundial-de-futbol-2026","tag-spain","tag-sports","tag-uruguay"],"share_on_mastodon":{"url":"https:\/\/pubeurope.com\/@es\/116794471762635485","error":""},"_links":{"self":[{"href":"https:\/\/www.europesays.com\/es\/wp-json\/wp\/v2\/posts\/620523","targetHints":{"allow":["GET"]}}],"collection":[{"href":"https:\/\/www.europesays.com\/es\/wp-json\/wp\/v2\/posts"}],"about":[{"href":"https:\/\/www.europesays.com\/es\/wp-json\/wp\/v2\/types\/post"}],"author":[{"embeddable":true,"href":"https:\/\/www.europesays.com\/es\/wp-json\/wp\/v2\/users\/2"}],"replies":[{"embeddable":true,"href":"https:\/\/www.europesays.com\/es\/wp-json\/wp\/v2\/comments?post=620523"}],"version-history":[{"count":0,"href":"https:\/\/www.europesays.com\/es\/wp-json\/wp\/v2\/posts\/620523\/revisions"}],"wp:featuredmedia":[{"embeddable":true,"href":"https:\/\/www.europesays.com\/es\/wp-json\/wp\/v2\/media\/620524"}],"wp:attachment":[{"href":"https:\/\/www.europesays.com\/es\/wp-json\/wp\/v2\/media?parent=620523"}],"wp:term":[{"taxonomy":"category","embeddable":true,"href":"https:\/\/www.europesays.com\/es\/wp-json\/wp\/v2\/categories?post=620523"},{"taxonomy":"post_tag","embeddable":true,"href":"https:\/\/www.europesays.com\/es\/wp-json\/wp\/v2\/tags?post=620523"}],"curies":[{"name":"wp","href":"https:\/\/api.w.org\/{rel}","templated":true}]}}