{"id":620562,"date":"2026-06-22T15:55:17","date_gmt":"2026-06-22T15:55:17","guid":{"rendered":"https:\/\/www.europesays.com\/es\/620562\/"},"modified":"2026-06-22T15:55:17","modified_gmt":"2026-06-22T15:55:17","slug":"twitter-x-dirigido-por-elon-musk-sufre-una-caida-temporal","status":"publish","type":"post","link":"https:\/\/www.europesays.com\/es\/620562\/","title":{"rendered":"Twitter (X), dirigido por Elon Musk, sufre una ca\u00edda temporal"},"content":{"rendered":"<p>    <img fetchpriority=\"high\" decoding=\"async\" src=\"https:\/\/www.europesays.com\/es\/wp-content\/uploads\/2026\/06\/de4eb7edfe0d2ae1af691ff135adf0b0.png\" alt=\"Photo by BeInCrypto\" loading=\"eager\" height=\"540\" width=\"960\" class=\"yf-lglytj  loaded\"\/> Photo by BeInCrypto      <\/p>\n<p class=\"yf-1fy9kyt\"><strong>En la tarde del 22 de junio de 2026 (UTC), X (antes Twitter) est\u00e1 experimentando problemas intermitentes para muchos usuarios en todo el mundo.<\/strong><\/p>\n<p class=\"yf-1fy9kyt\">Aunque los principales sitios de monitoreo como Downdetector no muestran un gran apag\u00f3n en su punto m\u00e1s alto, los reportes de usuarios han subido m\u00e1s de lo normal en la \u00faltima hora.<\/p>\n<p>         X sufre una ca\u00edda temporal    <\/p>\n<p class=\"yf-1fy9kyt\">Las quejas comunes incluyen que no cargan los feeds ni las publicaciones (errores de \u201clas publicaciones est\u00e1n cargando\u201d), dificultades para dar \u201cme gusta\u201d o interactuar con el contenido, bloqueos de la aplicaci\u00f3n y lentitud general tanto en la web como en m\u00f3viles.<\/p>\n<p class=\"yf-1fy9kyt\">Publicaciones recientes en tiempo real en la misma X confirman la frustraci\u00f3n: los usuarios reportan mensajes como \u201cAlgo sali\u00f3 mal\u201d al intentar dar me gusta, l\u00edneas de tiempo que se quedan cargando y errores de \u201cinaccesible\u201d desde diferentes pa\u00edses como Estados Unidos, Jap\u00f3n, Filipinas y Suecia.<\/p>\n<p class=\"yf-1fy9kyt\"><strong>S\u00edguenos en X para recibir las \u00faltimas noticias en tiempo real<\/strong><\/p>\n<p class=\"yf-1fy9kyt\">Algunos usuarios piensan que podr\u00eda deberse a un posible ataque DDoS o simplemente otro fallo habitual en la infraestructura de X.<\/p>\n<p class=\"yf-1fy9kyt\">Esto sigue el patr\u00f3n de inestabilidad reciente. Ayer (21 de junio) hubo una ca\u00edda confirmada que dur\u00f3 cerca de una hora, y la plataforma ha tenido varias interrupciones a lo largo de 2026.<\/p>\n<p class=\"yf-1fy9kyt\">Adem\u00e1s, Twitter tambi\u00e9n ha reportado ca\u00eddas similares antes, como los incidentes de 2019 que afectaron a TweetDeck y impidieron que los traders compartieran gr\u00e1ficos, adem\u00e1s de apagones en varias plataformas que mostraron la fortaleza de la descentralizaci\u00f3n de Bitcoin.<\/p>\n<p class=\"yf-1fy9kyt\">Estas historias anteriores siempre muestran estas ca\u00eddas como un duro recordatorio de los riesgos de depender de plataformas centralizadas para el sentimiento del mercado en tiempo real y para las comunidades de trading.<\/p>\n<p class=\"yf-1fy9kyt\">Las causas casi nunca se confirman oficialmente por parte de X, pero en el pasado se han relacionado con mucho tr\u00e1fico, mantenimiento de servidores o supuestos ataques externos.<\/p>\n<p class=\"yf-1fy9kyt\">El equipo de Elon Musk suele resolver estos problemas r\u00e1pidamente, a veces en minutos o en menos de una hora.<\/p>\n<p class=\"yf-1fy9kyt\">Lee la historia original <a href=\"https:\/\/es.beincrypto.com\/twitter-x-dirigido-por-elon-musk-sufre-caida-temporal\/\" rel=\"nofollow noopener\" target=\"_blank\" data-ylk=\"slk:Twitter (X), dirigido por Elon Musk, sufre una ca\u00edda temporal;elm:context_link;itc:0;sec:content-canvas\" data-yga=\"{&quot;yLinkElement&quot;:&quot;context_link&quot;,&quot;yModuleName&quot;:&quot;content-canvas&quot;,&quot;yLinkText&quot;:&quot;Twitter (X), dirigido por Elon Musk, sufre una ca\u00edda temporal&quot;}\" class=\"link \">Twitter (X), dirigido por Elon Musk, sufre una ca\u00edda temporal<\/a> por Lockridge Okoth en <a href=\"https:\/\/es.beincrypto.com\" rel=\"nofollow noopener\" target=\"_blank\" data-ylk=\"slk:es.beincrypto.com;elm:context_link;itc:0;sec:content-canvas\" data-yga=\"{&quot;yLinkElement&quot;:&quot;context_link&quot;,&quot;yModuleName&quot;:&quot;content-canvas&quot;,&quot;yLinkText&quot;:&quot;es.beincrypto.com&quot;}\" class=\"link \">es.beincrypto.com<\/a><\/p>\n","protected":false},"excerpt":{"rendered":"Photo by BeInCrypto En la tarde del 22 de junio de 2026 (UTC), X (antes Twitter) est\u00e1 experimentando&hellip;\n","protected":false},"author":2,"featured_media":620563,"comment_status":"","ping_status":"","sticky":false,"template":"","format":"standard","meta":{"footnotes":""},"categories":[80],"tags":[82,95,94,25,24,81624,115622,23,6052],"class_list":["post-620562","post","type-post","status-publish","format-standard","has-post-thumbnail","category-economia","tag-business","tag-economia","tag-economy","tag-es","tag-espana","tag-la-ultima-hora","tag-lineas-de-tiempo","tag-spain","tag-twitter"],"share_on_mastodon":{"url":"https:\/\/pubeurope.com\/@es\/116794578766022358","error":""},"_links":{"self":[{"href":"https:\/\/www.europesays.com\/es\/wp-json\/wp\/v2\/posts\/620562","targetHints":{"allow":["GET"]}}],"collection":[{"href":"https:\/\/www.europesays.com\/es\/wp-json\/wp\/v2\/posts"}],"about":[{"href":"https:\/\/www.europesays.com\/es\/wp-json\/wp\/v2\/types\/post"}],"author":[{"embeddable":true,"href":"https:\/\/www.europesays.com\/es\/wp-json\/wp\/v2\/users\/2"}],"replies":[{"embeddable":true,"href":"https:\/\/www.europesays.com\/es\/wp-json\/wp\/v2\/comments?post=620562"}],"version-history":[{"count":0,"href":"https:\/\/www.europesays.com\/es\/wp-json\/wp\/v2\/posts\/620562\/revisions"}],"wp:featuredmedia":[{"embeddable":true,"href":"https:\/\/www.europesays.com\/es\/wp-json\/wp\/v2\/media\/620563"}],"wp:attachment":[{"href":"https:\/\/www.europesays.com\/es\/wp-json\/wp\/v2\/media?parent=620562"}],"wp:term":[{"taxonomy":"category","embeddable":true,"href":"https:\/\/www.europesays.com\/es\/wp-json\/wp\/v2\/categories?post=620562"},{"taxonomy":"post_tag","embeddable":true,"href":"https:\/\/www.europesays.com\/es\/wp-json\/wp\/v2\/tags?post=620562"}],"curies":[{"name":"wp","href":"https:\/\/api.w.org\/{rel}","templated":true}]}}