{"id":620688,"date":"2026-06-22T17:27:31","date_gmt":"2026-06-22T17:27:31","guid":{"rendered":"https:\/\/www.europesays.com\/es\/620688\/"},"modified":"2026-06-22T17:27:31","modified_gmt":"2026-06-22T17:27:31","slug":"el-visitante-3i-atlas-nacio-hace-12-000-millones-de-anos-en-un-rincon-helado-de-la-galaxia","status":"publish","type":"post","link":"https:\/\/www.europesays.com\/es\/620688\/","title":{"rendered":"El visitante 3I\/ATLAS naci\u00f3 hace 12.000 millones de a\u00f1os en un rinc\u00f3n helado de la galaxia"},"content":{"rendered":"<p style=\"\">Ha pasado ya un a\u00f1o desde que los telescopios de la red ATLAS en Chile detectaron un tenue punto de luz movi\u00e9ndose a la ins\u00f3lita velocidad de 61 kil\u00f3metros por segundo (casi 220.000 kil\u00f3metros por hora). Las alarmas saltaron de inmediato: la fren\u00e9tica trayectoria  &#8230; hiperb\u00f3lica de aquel objeto nos dec\u00eda claramente que no pertenec\u00eda a nuestro vecindario, que ven\u00eda de m\u00e1s all\u00e1 de nuestro Sistema Solar. <\/p>\n<p class=\"v-d-p\" style=\"\">Era 3I\/ATLAS, nuestro tercer visitante interestelar confirmado, el flamante sucesor del pol\u00e9mico &#8216;Oumuamua y del cometa Borisov. Hoy, aunque el objeto se aleja a toda prisa de nosotros en un viaje sin retorno, la estela de informaci\u00f3n que dej\u00f3 a su paso mantiene a los astr\u00f3nomos trabajando sin descanso. Y lo que est\u00e1n descubriendo es, sencillamente, apasionante.<\/p>\n<p class=\"v-d-p\" style=\"\">Sin ir m\u00e1s lejos, esta misma semana la revista <a href=\"https:\/\/www.nature.com\/articles\/s41586-026-10771-6\" target=\"_self\" data-voc-vtm-id=\"in-text-traffic\" title=\"&#039;Nature&#039;\" data-mrf-link=\"www.nature.com\" rel=\"nofollow noopener\">&#8216;Nature&#8217;<\/a> publica un exhaustivo an\u00e1lisis que arroja luz, por fin, sobre el origen de este misterioso vagabundo c\u00f3smico. Firmado por Martin Cordiner y un nutrido equipo internacional de investigadores, el estudio revela que 3I\/ATLAS <a href=\"https:\/\/www.abc.es\/ciencia\/tercer-visitante-interestelar-llega-mayor-acercamiento-tierra-20251218031354-nt.html\" target=\"_self\" data-voc-vtm-id=\"in-text-traffic\" title=\"no es un cometa cualquiera\" data-mrf-link=\"www.abc.es\" rel=\"nofollow noopener\">no es un cometa cualquiera<\/a>. Su composici\u00f3n qu\u00edmica, de hecho, es extraterrestre en el sentido m\u00e1s estricto de la palabra: no se parece absolutamente a nada que hayamos visto nunca en nuestro Sistema Solar.<\/p>\n<ul class=\"v-cmp-rld__u\">\n<li class=\"v-cmp-rld__l\">\n<p><a class=\"v-a-lnk\" href=\"https:\/\/www.abc.es\/ciencia\/tercer-visitante-interestelar-llega-mayor-acercamiento-tierra-20251218031354-nt.html#vtm_modulosEngag=noticiasrelacionadas-cmp-uno:ciencia:noticia:1\" title=\"El tercer visitante interestelar llega a su mayor acercamiento a la Tierra este viernes\" data-voc-vtm-id=\"in-text-traffic\" rel=\"nofollow noopener\" target=\"_blank\"><br \/>\n<img decoding=\"async\" loading=\"lazy\" src=\"https:\/\/www.europesays.com\/es\/wp-content\/uploads\/2026\/06\/Cometa 3i_ATLAS_20251217191913-kvEC-U24748518110ZuX-366x256@diario_abc.jpg\" class=\"v-a-img\" width=\"258\" height=\"180\" alt=\"El tercer visitante interestelar llega a su mayor acercamiento a la Tierra este viernes\"\/><br \/>\n<\/a><\/p>\n<\/li>\n<\/ul>\n<p>\n&#8216;Oliendo&#8217; la estela del cometa\n<\/p>\n<p class=\"v-d-p\" style=\"\">\u00bfY c\u00f3mo podemos saber de d\u00f3nde viene un objeto que apenas se ve\u00eda como un borr\u00f3n de p\u00edxeles a cientos de millones de kil\u00f3metros de la Tierra? Por sus is\u00f3topos, versiones m\u00e1s &#8216;pesadas&#8217; o m\u00e1s &#8216;ligeras&#8217; de \u00e1tomos de un mismo elemento qu\u00edmico. En el espacio, la proporci\u00f3n exacta en la que se mezclan unas y otras versiones funciona como una inconfundible huella dactilar del lugar, la radiaci\u00f3n y las temperaturas extremas en las que naci\u00f3 un objeto.<\/p>\n<p class=\"v-d-p\" style=\"\">As\u00ed, y utilizando las capacidades infrarrojas del Telescopio Espacial James Webb y la precisi\u00f3n extrema del observatorio de radio ALMA en el desierto de Atacama, Cordiner y sus colegas se dedicaron a &#8216;oler&#8217; a distancia la estela de gas y polvo que 3I\/ATLAS emit\u00eda al calentarse durante su acercamiento al Sol.<\/p>\n<p class=\"v-a-t\">\nEl coraz\u00f3n helado de este visitante interestelar est\u00e1 formado por una extra\u00f1a \u00abagua pesada\u00bb nunca vista en nuestro propio Sistema Solar\n<\/p>\n<p class=\"v-d-p\" style=\"\">Y descubrieron que el agua presente en el cometa conten\u00eda diez veces m\u00e1s deuterio (el is\u00f3topo pesado del hidr\u00f3geno) que la de cualquier otro cometa conocido en nuestro vecindario c\u00f3smico. Dicho de otro modo, el coraz\u00f3n de hielo de este visitante est\u00e1 formado por una extra\u00f1a &#8216;agua pesada&#8217; que no existe a nuestro alrededor.<\/p>\n<p>\nM\u00e1s carbono que agua\n<\/p>\n<p class=\"v-d-p\" style=\"\">Pero eso no es todo. Normalmente, sabemos que los cometas son enormes y antiguas &#8216;bolas de nieve sucias&#8217; donde el hielo de agua abunda. Sin embargo, las observaciones de 3I\/ATLAS rompieron los esquemas. \u00abLo normal -explica el propio Cordiner- es que el agua sea el elemento dominante en los cometas. Pero en este caso, no lo es. Es bastante raro observar un cometa que tiene m\u00e1s di\u00f3xido de carbono que agua en su coma\u00bb.<\/p>\n<p class=\"v-d-p\" style=\"\">Esa anomal\u00eda, sumada a una proporci\u00f3n de is\u00f3topos de carbono que supera con creces los valores t\u00edpicos de las nubes interestelares m\u00e1s cercanas, dibuja un escenario de formaci\u00f3n extremo. En su art\u00edculo, los investigadores proponen que estas cifras s\u00f3lo pueden darse si el cometa se form\u00f3 en un entorno terriblemente fr\u00edo, a menos de -243 grados cent\u00edgrados. Un ambiente oscuro y muy pobre en metales pesados, radicalmente opuesto al c\u00e1lido y rico disco de escombros de gas y polvo que dio a luz a la Tierra.<\/p>\n<p class=\"v-a-t\">\nLa huella qu\u00edmica apunta a que el objeto cristaliz\u00f3 a -243 \u00b0C hace unos 12.000 millones de a\u00f1os, much\u00edsimo antes de que naciera nuestro Sol\n<\/p>\n<p class=\"v-d-p\" style=\"\">Adem\u00e1s, la extra\u00f1a firma qu\u00edmica de 3I\/ATLAS nos ayuda tambi\u00e9n a conocer la edad del visitante. Y su huella isot\u00f3pica apunta directamente a que<a href=\"https:\/\/www.abc.es\/ciencia\/conspiracion-ocultamiento-nuevas-noticias-objeto-interestelar-3iatlas-20251013174403-nt.html\" target=\"_self\" data-voc-vtm-id=\"in-text-traffic\" title=\" se ensambl\u00f3 hace unos 10.000 o 12.000 millones de a\u00f1os\" data-mrf-link=\"www.abc.es\" rel=\"nofollow noopener\"> se ensambl\u00f3 hace unos 10.000 o 12.000 millones de a\u00f1os<\/a>, poco despu\u00e9s de un violento per\u00edodo de formaci\u00f3n estelar en los primeros compases de la V\u00eda L\u00e1ctea. Es decir, que cuando nuestro Sol y la Tierra apenas comenzaban a formarse, hace unos 4.600 millones de a\u00f1os, este cometa ya llevaba miles de millones de a\u00f1os vagando en silencio por el espacio.<\/p>\n<p class=\"v-d-p\" style=\"\">Como ya ocurri\u00f3 con el caso de &#8216;Oumuamua, no han faltado en las redes quienes se han lanzado a especular con la idea de que <a href=\"https:\/\/www.abc.es\/ciencia\/nasa-niega-tajante-3iatlas-nave-espacial-extraterrestre-20251119221253-nt.html\" target=\"_self\" data-voc-vtm-id=\"in-text-traffic\" title=\"pudiera tratarse de una tecnolog\u00eda alien\u00edgena\" data-mrf-link=\"www.abc.es\" rel=\"nofollow noopener\">pudiera tratarse de una tecnolog\u00eda alien\u00edgena<\/a> explorando nuestra estrella. Sin embargo, las fr\u00edas matem\u00e1ticas invalidan la fantas\u00eda. Tal y como bromea Cordiner: \u00abSi es una nave espacial alien\u00edgena, ha hecho un trabajo realmente bueno disfraz\u00e1ndose de cometa\u00bb.<\/p>\n<p class=\"v-a-t\">\n\u00abSi verdaderamente es una nave alien\u00edgena, ha hecho un trabajo realmente bueno disfraz\u00e1ndose de cometa\u00bb, ironiza el investigador Martin Cordiner\n<\/p>\n<p class=\"v-d-p\" style=\"\">Los autores del art\u00edculo de Nature sugieren que 3I\/ATLAS \u00abproviene de un sistema planetario primordial y muy antiguo\u00bb. Estamos, en definitiva, ante un f\u00f3sil primigenio que ha cruzado la galaxia entera solo para entregarnos, durante un fugaz cruce de caminos, la qu\u00edmica de aquellos primeros sistemas planetarios que nacieron en un tiempo en que el Universo a\u00fan estaba abriendo los ojos.<\/p>\n","protected":false},"excerpt":{"rendered":"Ha pasado ya un a\u00f1o desde que los telescopios de la red ATLAS en Chile detectaron un tenue&hellip;\n","protected":false},"author":2,"featured_media":620689,"comment_status":"","ping_status":"","sticky":false,"template":"","format":"standard","meta":{"footnotes":""},"categories":[81],"tags":[20281,30820,988,119,123,124,25,24,47043,28647,4724,8182,9027,117,121,122,23,118,120,43614],"class_list":["post-620688","post","type-post","status-publish","format-standard","has-post-thumbnail","category-ciencia-y-tecnologia","tag-20281","tag-3iatlas","tag-anos","tag-ciencia","tag-ciencia-y-tecnologia","tag-cienciaytecnologia","tag-es","tag-espana","tag-galaxia","tag-helado","tag-millones","tag-nacio","tag-rincon","tag-science","tag-science-and-technology","tag-scienceandtechnology","tag-spain","tag-technology","tag-tecnologia","tag-visitante"],"share_on_mastodon":{"url":"https:\/\/pubeurope.com\/@es\/116794939546793057","error":""},"_links":{"self":[{"href":"https:\/\/www.europesays.com\/es\/wp-json\/wp\/v2\/posts\/620688","targetHints":{"allow":["GET"]}}],"collection":[{"href":"https:\/\/www.europesays.com\/es\/wp-json\/wp\/v2\/posts"}],"about":[{"href":"https:\/\/www.europesays.com\/es\/wp-json\/wp\/v2\/types\/post"}],"author":[{"embeddable":true,"href":"https:\/\/www.europesays.com\/es\/wp-json\/wp\/v2\/users\/2"}],"replies":[{"embeddable":true,"href":"https:\/\/www.europesays.com\/es\/wp-json\/wp\/v2\/comments?post=620688"}],"version-history":[{"count":0,"href":"https:\/\/www.europesays.com\/es\/wp-json\/wp\/v2\/posts\/620688\/revisions"}],"wp:featuredmedia":[{"embeddable":true,"href":"https:\/\/www.europesays.com\/es\/wp-json\/wp\/v2\/media\/620689"}],"wp:attachment":[{"href":"https:\/\/www.europesays.com\/es\/wp-json\/wp\/v2\/media?parent=620688"}],"wp:term":[{"taxonomy":"category","embeddable":true,"href":"https:\/\/www.europesays.com\/es\/wp-json\/wp\/v2\/categories?post=620688"},{"taxonomy":"post_tag","embeddable":true,"href":"https:\/\/www.europesays.com\/es\/wp-json\/wp\/v2\/tags?post=620688"}],"curies":[{"name":"wp","href":"https:\/\/api.w.org\/{rel}","templated":true}]}}