{"id":620732,"date":"2026-06-22T18:06:17","date_gmt":"2026-06-22T18:06:17","guid":{"rendered":"https:\/\/www.europesays.com\/es\/620732\/"},"modified":"2026-06-22T18:06:17","modified_gmt":"2026-06-22T18:06:17","slug":"el-real-zaragoza-acelera-la-busqueda-de-un-nuevo-presidente","status":"publish","type":"post","link":"https:\/\/www.europesays.com\/es\/620732\/","title":{"rendered":"El Real Zaragoza acelera la b\u00fasqueda de un nuevo presidente"},"content":{"rendered":"<p class=\"ft-text ft-helper-closenews\">El <a class=\"ft-link ft-link--decoration\" href=\"https:\/\/www.elperiodicodearagon.com\/tags\/real-zaragoza\/\" target=\"_blank\" rel=\"nofollow noopener\">Real Zaragoza<\/a> mantiene su intenci\u00f3n de repoblar la c\u00fapula del club, ahora desprovisto, desde hace tres semanas, de un director general tras la destituci\u00f3n de <strong>Fernando L\u00f3pez<\/strong> y con el presidente <strong>Jorge Mas<\/strong> decidido a dar un paso al costado y abandonar el puesto, si bien el empresario norteamericano tendr\u00eda un puesto en el consejo de administraci\u00f3n. De hecho,<strong> la b\u00fasqueda de un nuevo presidente se acelera con la intenci\u00f3n de no demorar en exceso el relevo.<\/strong><\/p>\n<p class=\"ft-text\">En ese sentido, el arraigo ser\u00eda un factor importante a la hora de elegir al que ha de ser el nuevo presidente. Porque la intenci\u00f3n es que el sucesor de Jorge Mas sea una <strong>figura m\u00e1s representativa que ejecutiva <\/strong>y, de este modo, f\u00e1cilmente identificable para la afici\u00f3n. En este perfil encajar\u00edan algunos nombres de posibles candidatos inicialmente planteados pero con los que ni siquiera se habr\u00eda contactado directamente. Esa figura pretendida estar\u00eda llamada a ayudar a suturar la brecha existente ahora entre la propiedad y el zaragocismo, que demanda m\u00e1s cercan\u00eda a una entidad con la que apenas se identifica.<\/p>\n<p class=\"ft-text\">As\u00ed, no hay intenci\u00f3n alguna, al menos de momento, de modificar el plan inicial. El Real Zaragoza sigue decidido a que haya un nuevo presidente, a pesar de que el propio Mas no dio pista alguna acerca de sus intenciones en la entrevista elaborada y publicada por el club d\u00edas despu\u00e9s de consumarse el descenso a Primera RFEF. De hecho, el mandatario evit\u00f3 pronunciarse acerca de un posible abandono del cargo. \u00ab<strong>Tanto Juan Forc\u00e9n como yo vamos a incrementar nuestra participaci\u00f3n accionarial porque creemos profundamente en este proyecto\u00bb, dijo. Adem\u00e1s, se refiri\u00f3 a un cambio de rol en su persona. \u00abHa evolucionado pasando de una participaci\u00f3n dentro de un grupo inversor m\u00e1s amplio a una posici\u00f3n que permite una implicaci\u00f3n m\u00e1s directa en la visi\u00f3n, la toma de decisiones y el desarrollo del proyecto<\/strong>, <strong>algo con lo que\u00a0me siento plenamente comprometido\u00bb.<\/strong><\/p>\n<p class=\"ft-text\">Aunque no acaban ah\u00ed las b\u00fasquedas. Porque <strong>el club sigue pinchando en hueso a la hora de atraer capital aragon\u00e9s a la SAD,<\/strong> una aspiraci\u00f3n del consejero <strong>Juan Forc\u00e9n <\/strong>y que, de momento, no ha encontrado respuestas positivas en el c\u00edrculo empresarial. La desconfianza o el riesgo desde el punto de vista reputacional, as\u00ed como la dr\u00e1stica reducci\u00f3n de ingresos (aunque la respuesta de los patrocinadores ha sorprendido gratamente) frenan el posible inter\u00e9s de posibles inversores con los que se ha contactado en una b\u00fasqueda que, de momento, est\u00e1 siendo tan intensiva como infructuosa.<\/p>\n<p data-close=\"closedContent\" class=\"subscribeHideForDisplay\">Suscr\u00edbete para seguir leyendo<\/p>\n","protected":false},"excerpt":{"rendered":"El Real Zaragoza mantiene su intenci\u00f3n de repoblar la c\u00fapula del club, ahora desprovisto, desde hace tres semanas,&hellip;\n","protected":false},"author":2,"featured_media":620733,"comment_status":"","ping_status":"","sticky":false,"template":"","format":"standard","meta":{"footnotes":""},"categories":[268],"tags":[14603,5063,20263,1798,168,25,24,280,282,524,798,799,281,23,167,491],"class_list":["post-620732","post","type-post","status-publish","format-standard","has-post-thumbnail","category-futbol","tag-acelera","tag-administracion","tag-busqueda","tag-club","tag-deportes","tag-es","tag-espana","tag-football","tag-futbol","tag-nuevo","tag-real","tag-real-zaragoza","tag-soccer","tag-spain","tag-sports","tag-zaragoza"],"share_on_mastodon":{"url":"https:\/\/pubeurope.com\/@es\/116795093250659331","error":""},"_links":{"self":[{"href":"https:\/\/www.europesays.com\/es\/wp-json\/wp\/v2\/posts\/620732","targetHints":{"allow":["GET"]}}],"collection":[{"href":"https:\/\/www.europesays.com\/es\/wp-json\/wp\/v2\/posts"}],"about":[{"href":"https:\/\/www.europesays.com\/es\/wp-json\/wp\/v2\/types\/post"}],"author":[{"embeddable":true,"href":"https:\/\/www.europesays.com\/es\/wp-json\/wp\/v2\/users\/2"}],"replies":[{"embeddable":true,"href":"https:\/\/www.europesays.com\/es\/wp-json\/wp\/v2\/comments?post=620732"}],"version-history":[{"count":0,"href":"https:\/\/www.europesays.com\/es\/wp-json\/wp\/v2\/posts\/620732\/revisions"}],"wp:featuredmedia":[{"embeddable":true,"href":"https:\/\/www.europesays.com\/es\/wp-json\/wp\/v2\/media\/620733"}],"wp:attachment":[{"href":"https:\/\/www.europesays.com\/es\/wp-json\/wp\/v2\/media?parent=620732"}],"wp:term":[{"taxonomy":"category","embeddable":true,"href":"https:\/\/www.europesays.com\/es\/wp-json\/wp\/v2\/categories?post=620732"},{"taxonomy":"post_tag","embeddable":true,"href":"https:\/\/www.europesays.com\/es\/wp-json\/wp\/v2\/tags?post=620732"}],"curies":[{"name":"wp","href":"https:\/\/api.w.org\/{rel}","templated":true}]}}