{"id":620860,"date":"2026-06-22T19:35:20","date_gmt":"2026-06-22T19:35:20","guid":{"rendered":"https:\/\/www.europesays.com\/es\/620860\/"},"modified":"2026-06-22T19:35:20","modified_gmt":"2026-06-22T19:35:20","slug":"pablo-garrido-y-candela-ordonez-brillan-en-el-ii-xco-ogijares-escuelas","status":"publish","type":"post","link":"https:\/\/www.europesays.com\/es\/620860\/","title":{"rendered":"Pablo Garrido y Candela Ord\u00f3\u00f1ez brillan en el II XCO Og\u00edjares Escuelas"},"content":{"rendered":"<p class=\"v-d-p\" style=\"\">Og\u00edjares acogi\u00f3 en la tarde del pasado s\u00e1bado una nueva cita del circuito provincial BTT Rally Diputaci\u00f3n de Granada 2026 con la celebraci\u00f3n del II XCO Og\u00edjares Escuelas, prueba organizada por el club deportivo Fer Garc\u00eda. La competici\u00f3n reuni\u00f3 a j\u00f3venes ciclistas de toda la provincia en el entorno de Loma Linda, donde se desarroll\u00f3 una intensa jornada marcada por las altas temperaturas \u2013lo que convirti\u00f3 la prueba en un aut\u00e9ntico desaf\u00edo f\u00edsico para los participantes\u2013.<\/p>\n<p class=\"v-d-p\" style=\"\">La competici\u00f3n arranc\u00f3 con las mangas de la categor\u00eda promesa, continuando posteriormente con el resto de categor\u00edas escolares sobre los diferentes circuitos dise\u00f1ados por la organizaci\u00f3n en funci\u00f3n de la edad de los participantes. A pesar del intenso calor, los corredores demostraron un gran nivel competitivo y ofrecieron un magn\u00edfico espect\u00e1culo deportivo en el municipio metropolitano.<\/p>\n<p class=\"v-d-p\" style=\"\">La prueba alcanz\u00f3 su momento culminante con las carreras infantiles. Tanto en la manga masculina como en la femenina, el grupo principal se rompi\u00f3 desde el mismo toque de silbato, gener\u00e1ndose diferencias desde los primeros compases de la carrera. Los vencedores consiguieron abrir hueco sobre sus perseguidores para entrar en la l\u00ednea de meta en solitario.<\/p>\n<p class=\"v-d-p\" style=\"\">En la categor\u00eda masculina sobresali\u00f3 Pablo Garrido (Armilla 23, C.C.), quien se mostr\u00f3 intratable para imponerse con autoridad. Entre las f\u00e9minas, Candela Ord\u00f3\u00f1ez (Dr. Bike Granada, C.D.) firm\u00f3 una brillante actuaci\u00f3n para hacerse con la victoria tras completar una carrera muy s\u00f3lida de principio a fin.<\/p>\n","protected":false},"excerpt":{"rendered":"Og\u00edjares acogi\u00f3 en la tarde del pasado s\u00e1bado una nueva cita del circuito provincial BTT Rally Diputaci\u00f3n de&hellip;\n","protected":false},"author":2,"featured_media":620861,"comment_status":"","ping_status":"","sticky":false,"template":"","format":"standard","meta":{"footnotes":""},"categories":[273],"tags":[24653,39245,313,312,168,25,419,24,31493,115670,36013,618,23,167,63209],"class_list":["post-620860","post","type-post","status-publish","format-standard","has-post-thumbnail","category-ciclismo","tag-brillan","tag-candela","tag-ciclismo","tag-cycling","tag-deportes","tag-es","tag-escuelas","tag-espana","tag-garrido","tag-ogijares","tag-ordonez","tag-pablo","tag-spain","tag-sports","tag-xco"],"share_on_mastodon":{"url":"https:\/\/pubeurope.com\/@es\/116795442934257337","error":""},"_links":{"self":[{"href":"https:\/\/www.europesays.com\/es\/wp-json\/wp\/v2\/posts\/620860","targetHints":{"allow":["GET"]}}],"collection":[{"href":"https:\/\/www.europesays.com\/es\/wp-json\/wp\/v2\/posts"}],"about":[{"href":"https:\/\/www.europesays.com\/es\/wp-json\/wp\/v2\/types\/post"}],"author":[{"embeddable":true,"href":"https:\/\/www.europesays.com\/es\/wp-json\/wp\/v2\/users\/2"}],"replies":[{"embeddable":true,"href":"https:\/\/www.europesays.com\/es\/wp-json\/wp\/v2\/comments?post=620860"}],"version-history":[{"count":0,"href":"https:\/\/www.europesays.com\/es\/wp-json\/wp\/v2\/posts\/620860\/revisions"}],"wp:featuredmedia":[{"embeddable":true,"href":"https:\/\/www.europesays.com\/es\/wp-json\/wp\/v2\/media\/620861"}],"wp:attachment":[{"href":"https:\/\/www.europesays.com\/es\/wp-json\/wp\/v2\/media?parent=620860"}],"wp:term":[{"taxonomy":"category","embeddable":true,"href":"https:\/\/www.europesays.com\/es\/wp-json\/wp\/v2\/categories?post=620860"},{"taxonomy":"post_tag","embeddable":true,"href":"https:\/\/www.europesays.com\/es\/wp-json\/wp\/v2\/tags?post=620860"}],"curies":[{"name":"wp","href":"https:\/\/api.w.org\/{rel}","templated":true}]}}