{"id":620927,"date":"2026-06-22T20:22:39","date_gmt":"2026-06-22T20:22:39","guid":{"rendered":"https:\/\/www.europesays.com\/es\/620927\/"},"modified":"2026-06-22T20:22:39","modified_gmt":"2026-06-22T20:22:39","slug":"luca-martin-y-jenny-rissveds-brillan-en-la-copa-del-mundo-xco-de-lenzerheide-esciclismo","status":"publish","type":"post","link":"https:\/\/www.europesays.com\/es\/620927\/","title":{"rendered":"Luca Martin y Jenny Rissveds brillan en la Copa del Mundo XCO de Lenzerheide &#8211; Esciclismo"},"content":{"rendered":"<ol>\n<li><a href=\"https:\/\/news.google.com\/rss\/articles\/CBMib0FVX3lxTE9ma252UTdSeVc3SUdZMGE1MFp1MFNuMXNDMUl4T0lCT2t6WlRaNjBuUnVOU3RscnVWRVk5Tkx5Ml9peUYySDh0REI0TTNHV0lTREd2TmozZ0VlVTZGZm1Cb0s0cTVsclEtQVJnRjJKTQ?oc=5\" target=\"_blank\" rel=\"nofollow noopener\">Luca Martin y Jenny Rissveds brillan en la Copa del Mundo XCO de Lenzerheide<\/a>&nbsp;&nbsp;Esciclismo<\/li>\n<li><a href=\"https:\/\/news.google.com\/rss\/articles\/CBMif0FVX3lxTE9nT1plS1NzZ1ZvRFc2b2w1NzI0VE1tcUNNUnhRRkpoMmpVWmtKNWFwa0N2YkVaWTlZZVBFemdJdC1IZDM4cW1zN1VfNllDSWtQR24wWGZVWk1xd2prSF9SOUpPWUdDYWR2eWRpQTdWUUhYZFJBTjZ4S1RReTF0U0E?oc=5\" target=\"_blank\" rel=\"nofollow noopener\">Luca Martin vence en el XCO de Lenzerheide despu\u00e9s de un final dram\u00e1tico con Boichis<\/a>&nbsp;&nbsp;Brujulabike.com<\/li>\n<li><a href=\"https:\/\/news.google.com\/rss\/articles\/CBMikgFBVV95cUxNaHF4UG4wVFk3S2tKYmk3V3JId3JWTFJmMjlxT19GXy1WRTdUckVoSHlvM193Rmhuc1hDeFRMdEVJemtxOGotaWZJZlFwTUhkd2RCcUI0TXBYSVp0NndkQkhNSXc0bEhzRExBOGk2Ti11SkJOaWd4c1Z5d3dBVU41VkkyMHdZNWxPMmZleHg1V29hUQ?oc=5\" target=\"_blank\" rel=\"nofollow noopener\">Jenny Rissveds sigue imparable y firma otra exhibici\u00f3n en Lenzerheide<\/a>&nbsp;&nbsp;ESMTB.com<\/li>\n<li><a href=\"https:\/\/news.google.com\/rss\/articles\/CBMitgFBVV95cUxPNnFfVkVQMEtpdEt6SDlmTldteGFXVFR5U2JvWFFuWEI1MlBEWDExaGYxQWltTzdyZEtRZ2JMSy1YdjZDc3RSS2tKTjdKM3kyMmxubHBnVlI0SmdUbkpiZ21oVFNaT195MzFPNFJ2T19jSnVPN1J3SW9hNTZKc2c3bzFXY0RGVGJqODkzTUpYV2FJeEFpSGpRcUZGYmpfQnpfakJidXIyd0JJYk4xNldEMWxDTEpyUQ?oc=5\" target=\"_blank\" rel=\"nofollow noopener\">Jenny Rissveds y Luca Martin protagonizan dos carreras memorables en Lenzerheide<\/a>&nbsp;&nbsp;TodoMountainBike<\/li>\n<li><a href=\"https:\/\/news.google.com\/rss\/articles\/CBMihgFBVV95cUxQTnJrSFJ2U2Vfd1ZYLVBqWWhSQno2cHlqZV9kVk5fT1NrbHdCVDNIMkxycmQ3MDl0cW9LQ0R4bWp6ZXBPQWswSHlFbGIxaG1acHZkTnFFWF9qcXVmVHAyelVJeHhFUlhUdlhaVzQ3ci1ZVGJ0THhPbUZGVDQzR3JGcHZEaDhBdw?oc=5\" target=\"_blank\" rel=\"nofollow noopener\">Lo mejor de Lenzerheide en v\u00eddeo: Rissveds arras\u00f3 y Martin gan\u00f3 tras la ca\u00edda de Boichis<\/a>&nbsp;&nbsp;Brujulabike.com<\/li>\n<\/ol>\n","protected":false},"excerpt":{"rendered":"Luca Martin y Jenny Rissveds brillan en la Copa del Mundo XCO de Lenzerheide&nbsp;&nbsp;Esciclismo Luca Martin vence en&hellip;\n","protected":false},"author":2,"featured_media":620928,"comment_status":"","ping_status":"","sticky":false,"template":"","format":"standard","meta":{"footnotes":""},"categories":[273],"tags":[13384,4922,115726,313,2493,20193,13998,8621,312,168,7368,1053,1563,1755,25,24,5807,39180,1820,3956,115725,114042,293,115448,10268,16023,1730,5329,3013,3579,5774,1786,114043,9251,23,167,6679,11214,63209],"class_list":["post-620927","post","type-post","status-publish","format-standard","has-post-thumbnail","category-ciclismo","tag-actuaciones","tag-calor","tag-cannondale","tag-ciclismo","tag-copa","tag-country","tag-cross","tag-cuarta","tag-cycling","tag-deportes","tag-disputada","tag-domingo","tag-dos","tag-elite","tag-es","tag-espana","tag-exigente","tag-facto","tag-frances","tag-gran","tag-impusieron","tag-jenny","tag-jornada","tag-lenzerheide","tag-luca","tag-marcada","tag-martin","tag-montana","tag-mundo","tag-nivel","tag-olimpico","tag-recorrido","tag-rissveds","tag-ronda","tag-spain","tag-sports","tag-suiza","tag-uci","tag-xco"],"share_on_mastodon":{"url":"https:\/\/pubeurope.com\/@es\/116795627616322805","error":""},"_links":{"self":[{"href":"https:\/\/www.europesays.com\/es\/wp-json\/wp\/v2\/posts\/620927","targetHints":{"allow":["GET"]}}],"collection":[{"href":"https:\/\/www.europesays.com\/es\/wp-json\/wp\/v2\/posts"}],"about":[{"href":"https:\/\/www.europesays.com\/es\/wp-json\/wp\/v2\/types\/post"}],"author":[{"embeddable":true,"href":"https:\/\/www.europesays.com\/es\/wp-json\/wp\/v2\/users\/2"}],"replies":[{"embeddable":true,"href":"https:\/\/www.europesays.com\/es\/wp-json\/wp\/v2\/comments?post=620927"}],"version-history":[{"count":0,"href":"https:\/\/www.europesays.com\/es\/wp-json\/wp\/v2\/posts\/620927\/revisions"}],"wp:featuredmedia":[{"embeddable":true,"href":"https:\/\/www.europesays.com\/es\/wp-json\/wp\/v2\/media\/620928"}],"wp:attachment":[{"href":"https:\/\/www.europesays.com\/es\/wp-json\/wp\/v2\/media?parent=620927"}],"wp:term":[{"taxonomy":"category","embeddable":true,"href":"https:\/\/www.europesays.com\/es\/wp-json\/wp\/v2\/categories?post=620927"},{"taxonomy":"post_tag","embeddable":true,"href":"https:\/\/www.europesays.com\/es\/wp-json\/wp\/v2\/tags?post=620927"}],"curies":[{"name":"wp","href":"https:\/\/api.w.org\/{rel}","templated":true}]}}