{"id":620931,"date":"2026-06-22T20:25:14","date_gmt":"2026-06-22T20:25:14","guid":{"rendered":"https:\/\/www.europesays.com\/es\/620931\/"},"modified":"2026-06-22T20:25:14","modified_gmt":"2026-06-22T20:25:14","slug":"el-ayuntamiento-reserva-las-gaunas-para-dux-y-ud-logrones","status":"publish","type":"post","link":"https:\/\/www.europesays.com\/es\/620931\/","title":{"rendered":"El Ayuntamiento reserva Las Gaunas para DUX y UD Logro\u00f1\u00e9s"},"content":{"rendered":"<p><a href=\"#\" onclick=\"window.open('https:\/\/www.facebook.com\/sharer.php?u=https:\/\/nuevecuatrouno.com\/2026\/06\/22\/ayuntamiento-logrono-futbol-las-gaunas-campo-logrones\/&amp;t=El Ayuntamiento reserva Las Gaunas para DUX y UD Logro\u00f1\u00e9s y ofrece Pradoviejo a SDL y Promesas', 'facebookShare', 'width=626,height=436'); return false;\" title=\"Facebook\"><\/p>\n<p>COMPARTE<\/p>\n<p><\/a><br \/>\n<a href=\"#\" onclick=\"window.open('https:\/\/x.com\/share?text=El Ayuntamiento reserva Las Gaunas para DUX y UD Logro\u00f1\u00e9s y ofrece Pradoviejo a SDL y Promesas -&amp;url=https:\/\/nuevecuatrouno.com\/2026\/06\/22\/ayuntamiento-logrono-futbol-las-gaunas-campo-logrones\/', 'twitterShare', 'width=626,height=436'); return false;\" title=\"X\"><img decoding=\"async\" src=\"https:\/\/www.europesays.com\/es\/wp-content\/uploads\/2026\/06\/1782139712_908_x-twitter-art.png\" style=\"padding-top: 6px;\"\/>POSTEA<\/a><br \/>\n<a href=\"whatsapp:\/\/send?text=El Ayuntamiento reserva Las Gaunas para DUX y UD Logro\u00f1\u00e9s y ofrece Pradoviejo a SDL y Promesas https:\/\/nuevecuatrouno.com\/2026\/06\/22\/ayuntamiento-logrono-futbol-las-gaunas-campo-logrones\/\" rel=\"nofollow\"><\/p>\n<p>WHATSAPP<\/p>\n<p><\/a><br \/>\n<a href=\"http:\/\/nuevecuatrouno.com\/cdn-cgi\/l\/email-protection#2f105c5a4d454a4c5b126a430f6e565a415b4e42464a415b400f5d4a5c4a5d594e0f634e5c0f684e5a414e5c0f5f4e5d4e0f6b7a770f560f7a6b0f6340485d40ec9eec865c0f560f40495d4a4c4a0f7f5d4e4b4059464a45400f4e0f7c6b630f560f7f5d40424a5c4e5c094e425f146d606b7612ed907e5aec860f59464b4e100f674a0f59465c5b400f4a5c5b4a0f4e5d5bec824c5a43400f4a410f415a4a594a4c5a4e5b5d405a4140014c40420f560f4c5d4a400f5e5a4a0f5b4a0f5f5a4a4b4a0f46415b4a5d4a5c4e5d150f475b5b5f5c150000415a4a594a4c5a4e5b5d405a4140014c4042001d1f1d19001f19001d1d004e565a415b4e42464a415b40024340485d40414002495a5b4d404302434e5c02484e5a414e5c024c4e425f40024340485d40414a5c00\" rel=\"nofollow noopener\" target=\"_blank\"><\/p>\n<p>Email<\/p>\n<p><\/a><\/p>\n<p>El Ayuntamiento de Logro\u00f1o ha comunicado durante la tarde de este lunes a los clubes de f\u00fatbol que hab\u00edan solicitado el uso del estadio municipal Las Gaunas durante la temporada 2026-2027 (SD Logro\u00f1\u00e9s y UD Logro\u00f1\u00e9s Promesas -ambos de Segunda Federaci\u00f3n-) que ser\u00e1n DUX Logro\u00f1o (Primera de la Liga F) y UD Logro\u00f1\u00e9s (Primera Federaci\u00f3n) los equipos que podr\u00e1n disputar todos sus partidos de la pr\u00f3xima temporada en estas instalaciones municipales.<\/p>\n<p>Ambos clubes de Logro\u00f1o son los que se encuentran actualmente en las categor\u00edas superiores, concretamente el DUX en Primera y la UD Logro\u00f1\u00e9s, en Primera Federaci\u00f3n. Y ante la imposibilidad de que cuatro equipos compartan estadio al mismo tiempo, el consistorio logro\u00f1\u00e9s se ha decantado por esta soluci\u00f3n que prima los intereses deportivos de los dos principales equipos de la ciudad.<\/p>\n<p>Al mismo tiempo, el Consistorio logro\u00f1\u00e9s ha ofrecido a SD Logro\u00f1\u00e9s y al UD Logro\u00f1\u00e9s Promesas, ambos en Segunda Federaci\u00f3n, los campos de la ciudad deportiva de Pradoviejo para disputar los partidos de la pr\u00f3xima temporada. Esta instalaci\u00f3n municipal cuenta con una campo principal de hierba artificial y una amplia grada para la afici\u00f3n.<\/p>\n<p>Adem\u00e1s, se les ha ofrecido -tanto a la SDL como al filial de la UDL- que durante la temporada puedan disponer de dos fechas para celebrar partidos en Las Gaunas.<\/p>\n<p><img decoding=\"async\" src=\"https:\/\/www.europesays.com\/es\/wp-content\/uploads\/2026\/06\/1782155012_586_cabecera-nuevecuatrouno-2026.png\"\/><\/p>\n","protected":false},"excerpt":{"rendered":"COMPARTE POSTEA WHATSAPP Email El Ayuntamiento de Logro\u00f1o ha comunicado durante la tarde de este lunes a los&hellip;\n","protected":false},"author":2,"featured_media":620932,"comment_status":"","ping_status":"","sticky":false,"template":"","format":"standard","meta":{"footnotes":""},"categories":[268],"tags":[808,168,102923,25,24,280,282,104352,281,23,167,1720,104405,115728],"class_list":["post-620931","post","type-post","status-publish","format-standard","has-post-thumbnail","category-futbol","tag-ahora","tag-deportes","tag-dux-logrono","tag-es","tag-espana","tag-football","tag-futbol","tag-sd-logrones","tag-soccer","tag-spain","tag-sports","tag-top","tag-ud-logrones","tag-ud-logrones-promesas"],"share_on_mastodon":{"url":"https:\/\/pubeurope.com\/@es\/116795640227687991","error":""},"_links":{"self":[{"href":"https:\/\/www.europesays.com\/es\/wp-json\/wp\/v2\/posts\/620931","targetHints":{"allow":["GET"]}}],"collection":[{"href":"https:\/\/www.europesays.com\/es\/wp-json\/wp\/v2\/posts"}],"about":[{"href":"https:\/\/www.europesays.com\/es\/wp-json\/wp\/v2\/types\/post"}],"author":[{"embeddable":true,"href":"https:\/\/www.europesays.com\/es\/wp-json\/wp\/v2\/users\/2"}],"replies":[{"embeddable":true,"href":"https:\/\/www.europesays.com\/es\/wp-json\/wp\/v2\/comments?post=620931"}],"version-history":[{"count":0,"href":"https:\/\/www.europesays.com\/es\/wp-json\/wp\/v2\/posts\/620931\/revisions"}],"wp:featuredmedia":[{"embeddable":true,"href":"https:\/\/www.europesays.com\/es\/wp-json\/wp\/v2\/media\/620932"}],"wp:attachment":[{"href":"https:\/\/www.europesays.com\/es\/wp-json\/wp\/v2\/media?parent=620931"}],"wp:term":[{"taxonomy":"category","embeddable":true,"href":"https:\/\/www.europesays.com\/es\/wp-json\/wp\/v2\/categories?post=620931"},{"taxonomy":"post_tag","embeddable":true,"href":"https:\/\/www.europesays.com\/es\/wp-json\/wp\/v2\/tags?post=620931"}],"curies":[{"name":"wp","href":"https:\/\/api.w.org\/{rel}","templated":true}]}}