{"id":620935,"date":"2026-06-22T20:27:14","date_gmt":"2026-06-22T20:27:14","guid":{"rendered":"https:\/\/www.europesays.com\/es\/620935\/"},"modified":"2026-06-22T20:27:14","modified_gmt":"2026-06-22T20:27:14","slug":"el-universo-de-carmen-laffon-revive-en-el-thyssen","status":"publish","type":"post","link":"https:\/\/www.europesays.com\/es\/620935\/","title":{"rendered":"El universo de Carmen Laff\u00f3n revive en el Thyssen"},"content":{"rendered":"<p style=\"\">El <strong>Museo Nacional Thyssen-Bornemisza<\/strong> ha inaugurado este lunes en Madrid &#8216;Carmen Laff\u00f3n. Variaciones&#8217;, la mayor monogr\u00e1fica de la pintora y escultora sevillana <strong>Carmen Laff\u00f3n<\/strong> tras su fallecimiento en 2021. <\/p>\n<p style=\"\">La muestra, que podr\u00e1 visitarse hasta el pr\u00f3ximo 27 de septiembre, recoge <strong>77 <\/strong> &#8230; <strong>obras<\/strong> entre \u00f3leos, carboncillos y esculturas que abarcan todo el mundo figurativo de la artista, sobre todo paisaje y naturaleza muerta -sobre todo las atm\u00f3sferas evanescentes, descriptivas y evocadoras de Do\u00f1ana-, y resume los m\u00e1s de sesenta a\u00f1os de carrera de la artista (1956-2021) que vivi\u00f3 entre Sanl\u00facar de Barrameda, Sevilla y Madrid, si bien el Thyssen se centra en su creaci\u00f3n desde 1992. La familia de la artista es quien m\u00e1s piezas ha prestado a la organizaci\u00f3n que tambi\u00e9n ha trasladado desde Sevilla a Madrid fondos del Centro Andaluz de Arte Contempor\u00e1neo (CAAC).<\/p>\n<p class=\"v-d-p\" style=\"\">\u00abEn la pintura de Carmen hay esta tendencia a lo c\u00edclico, a volver una y otra vez sobre los mismos motivos y a no dar nada por concluido\u00bb, explic\u00f3 <strong>Guillermo Solana,<\/strong> director art\u00edstico de la pinacoteca , durante la inauguraci\u00f3n de la muestra a la que ha asistido la consejera en funciones de Cultura y Deportes de la Junta de Andaluc\u00eda, <strong>Patricia del Pozo<\/strong>. <\/p>\n<p><img decoding=\"async\" loading=\"lazy\" src=\"https:\/\/www.europesays.com\/es\/wp-content\/uploads\/2026\/06\/patricia-laffon-madrid2-U13588473567NOH-680x476@diario_abc.jpg\" class=\"v-a-img\" width=\"680\" height=\"478\" alt=\"Patricia del Pozo con el cartel que anuncia la exposici\u00f3n a la entrada del Thyssen\" data-voc-vtm-id=\"in-text-traffic\"\/><\/p>\n<p>Patricia del Pozo con el cartel que anuncia la exposici\u00f3n a la entrada del Thyssen.<\/p>\n<p>(ABC)<\/p>\n<p class=\"v-d-p\" style=\"\">\u00abLa presencia de obras pertenecientes a la colecci\u00f3n del CAAC en esta retrospectiva sit\u00faa al museo andaluz dentro de una de las principales revisiones institucionales dedicadas a Carmen Laff\u00f3n en los \u00faltimos a\u00f1os, y refuerza adem\u00e1s su compromiso de difundir y exponer la obra de la artista\u00bb, ha destacado Patricia del Pozo.<\/p>\n<p class=\"v-d-p\" style=\"\">Las <strong>piezas del CAAC incluidas en la exposici\u00f3n<\/strong>, cuya comisaria es Paula Luengo, son la instalaci\u00f3n &#8216;Espuertas cargadas de uvas&#8217; (2006-2010), compuesta por 26 piezas de bronce y dimensiones variables, as\u00ed como los dibujos &#8216;Vista de la vi\u00f1a I&#8217;, &#8216;Vista de la Vi\u00f1a II&#8217;, &#8216;Vista de la Vi\u00f1a III&#8217; y &#8216;Vista de la Vi\u00f1a IV&#8217; (2006-2007), todos ellos realizados en carb\u00f3n y en t\u00e9mpera sobre madera y pertenecientes a una misma serie vinculada al paisaje de la vi\u00f1a. <\/p>\n<p class=\"v-d-p\" style=\"\">Todas estas piezas forman parte de la <strong>donaci\u00f3n<\/strong> recibida por el museo andaluz en 2023, a la que se ha sumado recientemente la obra &#8216;La cuba&#8217;, que han depositado los herederos de la artista. <\/p>\n<p class=\"v-d-p\" style=\"\">Algunos de estos pr\u00e9stamos de la colecci\u00f3n del CAAC formaron parte de la exposici\u00f3n &#8216;Carmen Laff\u00f3n. El paisaje y el lugar&#8217;, que se pudo ver en este centro en 2015. Adem\u00e1s, la Consejer\u00eda de Cultura y Deporte promovi\u00f3 entre septiembre de 2020 y febrero de 2021 el &#8216;Semestre Laff\u00f3n&#8217;, primer proyecto conjunto del CAAC y el Museo de Bellas Artes de Sevilla.<\/p>\n","protected":false},"excerpt":{"rendered":"El Museo Nacional Thyssen-Bornemisza ha inaugurado este lunes en Madrid &#8216;Carmen Laff\u00f3n. Variaciones&#8217;, la mayor monogr\u00e1fica de la&hellip;\n","protected":false},"author":2,"featured_media":620936,"comment_status":"","ping_status":"","sticky":false,"template":"","format":"standard","meta":{"footnotes":""},"categories":[173],"tags":[229,233,231,230,14750,232,234,146,147,25,24,50637,8378,23,34729,9911],"class_list":["post-620935","post","type-post","status-publish","format-standard","has-post-thumbnail","category-arte-y-diseno","tag-arte","tag-arte-y-diseno","tag-arts","tag-arts-and-design","tag-carmen","tag-design","tag-diseno","tag-entertainment","tag-entretenimiento","tag-es","tag-espana","tag-laffon","tag-revive","tag-spain","tag-thyssen","tag-universo"],"share_on_mastodon":{"url":"https:\/\/pubeurope.com\/@es\/116795647405824244","error":""},"_links":{"self":[{"href":"https:\/\/www.europesays.com\/es\/wp-json\/wp\/v2\/posts\/620935","targetHints":{"allow":["GET"]}}],"collection":[{"href":"https:\/\/www.europesays.com\/es\/wp-json\/wp\/v2\/posts"}],"about":[{"href":"https:\/\/www.europesays.com\/es\/wp-json\/wp\/v2\/types\/post"}],"author":[{"embeddable":true,"href":"https:\/\/www.europesays.com\/es\/wp-json\/wp\/v2\/users\/2"}],"replies":[{"embeddable":true,"href":"https:\/\/www.europesays.com\/es\/wp-json\/wp\/v2\/comments?post=620935"}],"version-history":[{"count":0,"href":"https:\/\/www.europesays.com\/es\/wp-json\/wp\/v2\/posts\/620935\/revisions"}],"wp:featuredmedia":[{"embeddable":true,"href":"https:\/\/www.europesays.com\/es\/wp-json\/wp\/v2\/media\/620936"}],"wp:attachment":[{"href":"https:\/\/www.europesays.com\/es\/wp-json\/wp\/v2\/media?parent=620935"}],"wp:term":[{"taxonomy":"category","embeddable":true,"href":"https:\/\/www.europesays.com\/es\/wp-json\/wp\/v2\/categories?post=620935"},{"taxonomy":"post_tag","embeddable":true,"href":"https:\/\/www.europesays.com\/es\/wp-json\/wp\/v2\/tags?post=620935"}],"curies":[{"name":"wp","href":"https:\/\/api.w.org\/{rel}","templated":true}]}}