{"id":620987,"date":"2026-06-22T21:12:22","date_gmt":"2026-06-22T21:12:22","guid":{"rendered":"https:\/\/www.europesays.com\/es\/620987\/"},"modified":"2026-06-22T21:12:22","modified_gmt":"2026-06-22T21:12:22","slug":"alex-moreno-canterano-del-casademont-zaragoza-jugara-en-la-maxima-categoria-de-dinamarca","status":"publish","type":"post","link":"https:\/\/www.europesays.com\/es\/620987\/","title":{"rendered":"\u00c1lex Moreno, canterano del Casademont Zaragoza, jugar\u00e1 en la m\u00e1xima categor\u00eda de Dinamarca"},"content":{"rendered":"<p class=\"ft-text\"><strong>\u00c1lex Moreno, canterano del Casademont Zaragoza, tiene nuevo equipo tras su salida del club aragon\u00e9s, con el que debut\u00f3 en la ACB en 2023<\/strong> y con el que ha disputado esta \u00faltima campa\u00f1a la Liga U, quedando cuarto de la competici\u00f3n tras perder el duelo por el bronce con el San Pablo Burgos.<\/p>\n<p class=\"ft-text\"><strong>El zaragozano cambia Espa\u00f1a por Dinamarca y ha firmado por el Gladsaxe<\/strong>, de las afueras de Copenhague y un conjunto que acaba de regresar a la Basketligaen, la m\u00e1xima categor\u00eda, 29 a\u00f1os despu\u00e9s.<\/p>\n<p class=\"ft-text\">\u00abTiene 22 a\u00f1os y, como uno de los mejores de su generaci\u00f3n, debut\u00f3 en el primer equipo en 2023. La ACB espa\u00f1ola est\u00e1 considerada la segunda mejor Liga del mundo despu\u00e9s de la NBA. Particip\u00f3 en la FIBA Europe Cup y este a\u00f1o ha sido capit\u00e1n del Basket Zaragoza en la prestigiosa Liga espa\u00f1ola sub-22. Uno de los momentos m\u00e1s destacados fue ganar el Mundial de 2023 con Espa\u00f1a sub-19.<strong> Con \u00c1lex como base, tendremos un l\u00edder s\u00f3lido que puede motivar a todos sus compa\u00f1eros, tanto en los entrenamientos como en los partidos\u00bb<\/strong>, anunci\u00f3 su nuevo club.<\/p>\n<p class=\"ft-text\"><strong>\u00abEstoy muy emocionado por esta nueva temporada y la oportunidad de empezar de cero en una nueva ciudad y una Liga diferente<\/strong>. Tengo muchas ganas de conocer a todos y empezar a trabajar. S\u00e9 que habr\u00e1 desaf\u00edos, pero los veo como una oportunidad para crecer y mejorar. Estoy totalmente preparado para darlo todo y hacer de esta una gran temporada\u00bb, dijo en sus primeras palabras.<\/p>\n","protected":false},"excerpt":{"rendered":"\u00c1lex Moreno, canterano del Casademont Zaragoza, tiene nuevo equipo tras su salida del club aragon\u00e9s, con el que&hellip;\n","protected":false},"author":2,"featured_media":620988,"comment_status":"","ping_status":"","sticky":false,"template":"","format":"standard","meta":{"footnotes":""},"categories":[269],"tags":[302,2865,299,298,13883,2511,5369,168,2496,25,24,1712,23,167,491],"class_list":["post-620987","post","type-post","status-publish","format-standard","has-post-thumbnail","category-baloncesto","tag-acb","tag-alex","tag-baloncesto","tag-basketball","tag-canterano","tag-casademont","tag-casademont-zaragoza","tag-deportes","tag-dinamarca","tag-es","tag-espana","tag-moreno","tag-spain","tag-sports","tag-zaragoza"],"share_on_mastodon":{"url":"https:\/\/pubeurope.com\/@es\/116795824386915899","error":""},"_links":{"self":[{"href":"https:\/\/www.europesays.com\/es\/wp-json\/wp\/v2\/posts\/620987","targetHints":{"allow":["GET"]}}],"collection":[{"href":"https:\/\/www.europesays.com\/es\/wp-json\/wp\/v2\/posts"}],"about":[{"href":"https:\/\/www.europesays.com\/es\/wp-json\/wp\/v2\/types\/post"}],"author":[{"embeddable":true,"href":"https:\/\/www.europesays.com\/es\/wp-json\/wp\/v2\/users\/2"}],"replies":[{"embeddable":true,"href":"https:\/\/www.europesays.com\/es\/wp-json\/wp\/v2\/comments?post=620987"}],"version-history":[{"count":0,"href":"https:\/\/www.europesays.com\/es\/wp-json\/wp\/v2\/posts\/620987\/revisions"}],"wp:featuredmedia":[{"embeddable":true,"href":"https:\/\/www.europesays.com\/es\/wp-json\/wp\/v2\/media\/620988"}],"wp:attachment":[{"href":"https:\/\/www.europesays.com\/es\/wp-json\/wp\/v2\/media?parent=620987"}],"wp:term":[{"taxonomy":"category","embeddable":true,"href":"https:\/\/www.europesays.com\/es\/wp-json\/wp\/v2\/categories?post=620987"},{"taxonomy":"post_tag","embeddable":true,"href":"https:\/\/www.europesays.com\/es\/wp-json\/wp\/v2\/tags?post=620987"}],"curies":[{"name":"wp","href":"https:\/\/api.w.org\/{rel}","templated":true}]}}