{"id":621035,"date":"2026-06-22T21:50:14","date_gmt":"2026-06-22T21:50:14","guid":{"rendered":"https:\/\/www.europesays.com\/es\/621035\/"},"modified":"2026-06-22T21:50:14","modified_gmt":"2026-06-22T21:50:14","slug":"alerta-por-el-estado-del-primer-olivo-de-valencia-si-una-rama-cae-sobre-una-persona-la-mata","status":"publish","type":"post","link":"https:\/\/www.europesays.com\/es\/621035\/","title":{"rendered":"Alerta por el estado del primer olivo de Val\u00e8ncia: \u00abSi una rama cae sobre una persona, la mata\u00bb"},"content":{"rendered":"<p class=\"ft-text ft-helper-closenews\">La <strong>ca\u00edda de una gran rama sobre una terraza de la plaza del Doctor Collado<\/strong>, <a class=\"ft-link ft-link--decoration\" href=\"https:\/\/www.levante-emv.com\/valencia\/2026\/06\/17\/salvar-ficus-arbol-parterre-valencia-131471934.html\" target=\"_blank\" rel=\"nofollow noopener\"><strong>situada en pleno centro hist\u00f3rico de Val\u00e8ncia<\/strong><\/a>, ha vuelto a encender las quejas de vecinos y propietarios de negocios por el estado de este olivo hist\u00f3rico. El incidente, que no caus\u00f3 heridos, ha puesto <strong>el foco sobre la conservaci\u00f3n del \u00e1rbol y las labores de poda<\/strong> que, seg\u00fan denuncian, se han realizado en los \u00faltimos a\u00f1os.<\/p>\n<p>\u00abNo tolera la poda\u00bb<\/p>\n<p class=\"ft-text\">Y no es la primera vez que ocurre porque, seg\u00fan explican los vecinos, <a class=\"ft-link ft-link--decoration\" href=\"https:\/\/www.levante-emv.com\/valencia\/2015\/12\/10\/poda-exhaustiva-olivo-plaza-dr-12494494.html\" target=\"_blank\" rel=\"nofollow noopener\"><strong>se trata del tercer episodio similar en siete a\u00f1os<\/strong><\/a>, una reiteraci\u00f3n que atribuyen a una intervenci\u00f3n inadecuada sobre el ejemplar. \u00ab<strong>El olivo est\u00e1 podado como si fuera un \u00e1rbol ornamental y no lo tolera<\/strong>, porque \u00e9l mismo pudre las ramas y acaban cay\u00e9ndole\u00bb, explican algunos comerciantes de la zona, preocupados por el deterioro progresivo del \u00e1rbol y por el riesgo que supone para quienes transitan o se sientan en las terrazas de la plaza.<\/p>\n<p><img decoding=\"async\" src=\"https:\/\/www.europesays.com\/es\/wp-content\/uploads\/2026\/06\/bf8d4d9c-7839-47ec-aaf6-5be74d09dd89_alta-libre-aspect-ratio_default_0_x800y400.jpg\" width=\"1200\" height=\"900\" alt=\"Vecinos y hosteleros de la plaza del Doctor Collado alertan del estado del primer olivo de Val\u00e8ncia\" class=\"ft-helper-img-rd\" loading=\"lazy\" fetchpriority=\"auto\"\/><\/p>\n<p class=\"ft-helper-fontColor-quaternary ft-helper-fontSize-body-S ft-helper-spacer-t-xxs\">Parte del olivo podrido en la plaza del Doctor Collado de Val\u00e8ncia  \/ Levante-EMV<\/p>\n<p class=\"ft-text\">El \u00faltimo desprendimiento se produjo este lunes 22 de junio sobre una de las terrazas del entorno, una zona muy frecuentada tanto por vecinos como por visitantes e incluso por alg\u00fan veh\u00edculo y cami\u00f3n de carga y descarga. Aunque en esta ocasi\u00f3n no hubo que lamentar da\u00f1os personales, quienes conviven a diario con el \u00e1rbol advierten de que la situaci\u00f3n podr\u00eda haber tenido consecuencias mucho m\u00e1s graves: \u00ab<strong>Si una rama cae sobre una persona, la mata<\/strong>\u00ab, alertan.<\/p>\n<p class=\"ft-text\">Los afectados ya reclamaron a\u00f1os atr\u00e1s al departamento de Jardiner\u00eda del <a class=\"ft-link ft-link--decoration\" href=\"https:\/\/www.valencia.es\/cas\/oam-parques-y-jardines\/oam-parques-y-jardines-y-escuela-jardiner%C3%ADa\" rel=\"nofollow noopener\" target=\"_blank\"><strong>Ayuntamiento de Val\u00e8ncia<\/strong><\/a> una revisi\u00f3n urgente del estado del olivo y una actuaci\u00f3n especializada que tenga en cuenta sus caracter\u00edsticas y su antig\u00fcedad: \u00abNo solo es una cuesti\u00f3n de mantenimiento, sino tambi\u00e9n de seguridad ciudadana y de conservaci\u00f3n patrimonial\u00bb, aclaran los hosteleros, quienes consideran imprescindible que se adopten medidas antes de que se repita un nuevo desprendimiento.<\/p>\n<p>Un olivo hist\u00f3rico<\/p>\n<p class=\"ft-text\">Este olivo de<strong> la plaza del Doctor Collado tiene casi 400 a\u00f1os y <\/strong><a class=\"ft-link ft-link--decoration\" href=\"https:\/\/www.levante-emv.com\/sociedad\/2022\/08\/13\/arbol-mas-alto-valencia-73437385.html\" target=\"_blank\" rel=\"nofollow noopener\"><strong>fue el primero trasplantado -procedente de la Serran\u00eda- cuando se reform\u00f3 este enclave<\/strong><\/a><strong> como homenaje a la Lonja del Aceite <\/strong>-que exist\u00eda ya antes de 1344-<strong>, situada all\u00ed hasta <\/strong>1876 cuando, atendiendo a la petici\u00f3n de los vecinos del entorno, el Ayuntamiento decidi\u00f3 demoler el inmueble y tambi\u00e9n las casas anexas para abrir lo que hoy se conoce como precisamente la plaza en nombre del m\u00e9dico valenciano Luis Collado (1510-1578), una personalidad poco conocida pese a su relevancia en la historia universitaria, ya que fue catedr\u00e1tico de Cirug\u00eda en la Universidad de Valencia y ejerci\u00f3 adem\u00e1s como examinador de grados, supervisor de pruebas acad\u00e9micas.<\/p>\n<p data-close=\"closedContent\" class=\"subscribeHideForDisplay\">Suscr\u00edbete para seguir leyendo<\/p>\n","protected":false},"excerpt":{"rendered":"La ca\u00edda de una gran rama sobre una terraza de la plaza del Doctor Collado, situada en pleno&hellip;\n","protected":false},"author":2,"featured_media":621036,"comment_status":"","ping_status":"","sticky":false,"template":"","format":"standard","meta":{"footnotes":""},"categories":[80],"tags":[3830,28347,115749,1250,36570,20576,82,4357,6289,115748,95,94,25,24,11225,707,2733,89573,977,27891,23,235,3096],"class_list":["post-621035","post","type-post","status-publish","format-standard","has-post-thumbnail","category-economia","tag-alerta","tag-arboles","tag-arboles-monumentales","tag-ayuntamiento","tag-ayuntamiento-de-valencia","tag-ayuntamiento-valencia","tag-business","tag-caida","tag-doctor","tag-doctor-collado","tag-economia","tag-economy","tag-es","tag-espana","tag-heridos","tag-levante-emv","tag-negocios","tag-olivo","tag-primer","tag-rama","tag-spain","tag-valencia","tag-vecinos"],"share_on_mastodon":{"url":"https:\/\/pubeurope.com\/@es\/116795974392815509","error":""},"_links":{"self":[{"href":"https:\/\/www.europesays.com\/es\/wp-json\/wp\/v2\/posts\/621035","targetHints":{"allow":["GET"]}}],"collection":[{"href":"https:\/\/www.europesays.com\/es\/wp-json\/wp\/v2\/posts"}],"about":[{"href":"https:\/\/www.europesays.com\/es\/wp-json\/wp\/v2\/types\/post"}],"author":[{"embeddable":true,"href":"https:\/\/www.europesays.com\/es\/wp-json\/wp\/v2\/users\/2"}],"replies":[{"embeddable":true,"href":"https:\/\/www.europesays.com\/es\/wp-json\/wp\/v2\/comments?post=621035"}],"version-history":[{"count":0,"href":"https:\/\/www.europesays.com\/es\/wp-json\/wp\/v2\/posts\/621035\/revisions"}],"wp:featuredmedia":[{"embeddable":true,"href":"https:\/\/www.europesays.com\/es\/wp-json\/wp\/v2\/media\/621036"}],"wp:attachment":[{"href":"https:\/\/www.europesays.com\/es\/wp-json\/wp\/v2\/media?parent=621035"}],"wp:term":[{"taxonomy":"category","embeddable":true,"href":"https:\/\/www.europesays.com\/es\/wp-json\/wp\/v2\/categories?post=621035"},{"taxonomy":"post_tag","embeddable":true,"href":"https:\/\/www.europesays.com\/es\/wp-json\/wp\/v2\/tags?post=621035"}],"curies":[{"name":"wp","href":"https:\/\/api.w.org\/{rel}","templated":true}]}}