{"id":621041,"date":"2026-06-22T21:53:21","date_gmt":"2026-06-22T21:53:21","guid":{"rendered":"https:\/\/www.europesays.com\/es\/621041\/"},"modified":"2026-06-22T21:53:21","modified_gmt":"2026-06-22T21:53:21","slug":"osasuna-cita-a-anai-morales-para-la-pretemporada","status":"publish","type":"post","link":"https:\/\/www.europesays.com\/es\/621041\/","title":{"rendered":"Osasuna cita a Anai Morales para la pretemporada"},"content":{"rendered":"<p><a href=\"#\" onclick=\"window.open('https:\/\/www.facebook.com\/sharer.php?u=https:\/\/nuevecuatrouno.com\/2026\/06\/22\/osasuna-cita-anai-morales-pretemporada-ud-logrones-espera-acontecimientos\/&amp;t=Osasuna cita a Anai Morales para la pretemporada y la UD Logro\u00f1\u00e9s espera acontecimientos', 'facebookShare', 'width=626,height=436'); return false;\" title=\"Facebook\"><\/p>\n<p>COMPARTE<\/p>\n<p><\/a><br \/>\n<a href=\"#\" onclick=\"window.open('https:\/\/x.com\/share?text=Osasuna cita a Anai Morales para la pretemporada y la UD Logro\u00f1\u00e9s espera acontecimientos -&amp;url=https:\/\/nuevecuatrouno.com\/2026\/06\/22\/osasuna-cita-anai-morales-pretemporada-ud-logrones-espera-acontecimientos\/', 'twitterShare', 'width=626,height=436'); return false;\" title=\"X\"><img decoding=\"async\" src=\"https:\/\/www.europesays.com\/es\/wp-content\/uploads\/2026\/06\/1782165199_112_x-twitter-art.png\" style=\"padding-top: 6px;\"\/>POSTEA<\/a><br \/>\n<a href=\"whatsapp:\/\/send?text=Osasuna cita a Anai Morales para la pretemporada y la UD Logro\u00f1\u00e9s espera acontecimientos https:\/\/nuevecuatrouno.com\/2026\/06\/22\/osasuna-cita-anai-morales-pretemporada-ud-logrones-espera-acontecimientos\/\" rel=\"nofollow\"><\/p>\n<p>WHATSAPP<\/p>\n<p><\/a><br \/>\n<a href=\"http:\/\/nuevecuatrouno.com\/cdn-cgi\/l\/email-protection#f7c88482959d929483cab8849684829996d7949e8396d796d7b699969ed7ba9885969b9284d787968596d79b96d787859283929a879885969396d78ed79b96d7a2b3d7bb989085983446345e84d7928487928596d7969498998392949e9a9e9299839884d1969a87ccb5b8b3aeca3548a682345ed7819e9396c8d7bf92d7819e848398d792848392d7968583345a94829b98d79299d79982928192948296838598829998d994989ad78ed794859298d7868292d78392d78782929392d79e9983928592849685cdd79f83838784cdd8d89982928192948296838598829998d994989ad8c5c7c5c1d8c7c1d8c5c5d898849684829996da949e8396da9699969eda9a9885969b9284da87859283929a879885969396da8293da9b98908598999284da928487928596da969498998392949e9a9e9299839884d8\" rel=\"nofollow noopener\" target=\"_blank\"><\/p>\n<p>Email<\/p>\n<p><\/a><\/p>\n<p>Anai Morales comenzar\u00e1 la pretemporada a las \u00f3rdenes de Luis Miguel Ramis. El Club Atl\u00e9tico Osasuna ha incluido al futbolista navarro entre los cinco jugadores del Promesas que trabajar\u00e1n con el primer equipo desde el pr\u00f3ximo 10 de julio, en un verano que puede resultar decisivo para el futuro del extremo despu\u00e9s de la excelente campa\u00f1a que ha completado en la UD Logro\u00f1\u00e9s.<\/p>\n<p>La noticia tiene una evidente lectura riojana. Morales ha sido uno de los futbolistas m\u00e1s determinantes del ascenso de la UD Logro\u00f1\u00e9s a Primera Federaci\u00f3n. El atacante, cedido por Osasuna el pasado verano, ha firmado una temporada de gran crecimiento en Valdegastea, con siete goles y diez asistencias en 35 encuentros oficiales, convirti\u00e9ndose en una de las piezas clave del equipo de Unai Mendia.<\/p>\n<p>Su rendimiento no ha pasado desapercibido en Pamplona. De hecho, durante buena parte del curso los medios navarros han seguido de cerca su evoluci\u00f3n, consciente Osasuna de que se trata de uno de los talentos m\u00e1s prometedores surgidos en Tajonar en los \u00faltimos a\u00f1os. La cesi\u00f3n a Logro\u00f1o se entendi\u00f3 como una oportunidad para que acumulase minutos y responsabilidad competitiva despu\u00e9s de haber tenido un papel secundario en Osasuna Promesas en Primera Federaci\u00f3n.<\/p>\n<p>Ahora llega el siguiente examen. Ramis ha decidido contar con \u00e9l en el arranque de la preparaci\u00f3n junto a Rafa Fern\u00e1ndez, \u00c1lex Jim\u00e9nez, Mauro Echegoyen y Asier Bonel. Ser\u00e1 la primera oportunidad para que el nuevo t\u00e9cnico rojillo observe de cerca a un jugador que ha dado un importante salto competitivo durante su estancia en la capital riojana.<\/p>\n<p><img loading=\"lazy\" decoding=\"async\" aria-describedby=\"caption-attachment-692856\" class=\"wp-image-692856 size-full\" src=\"https:\/\/www.europesays.com\/es\/wp-content\/uploads\/2026\/06\/ulogrones-sestao-river-anai-morales.jpg\" alt=\"\" width=\"1400\" height=\"934\"  \/><\/p>\n<p id=\"caption-attachment-692856\" class=\"wp-caption-text\">Anai Morales, en Las Gaunas, en la cita contra el Sestao. \/ FOTO: Fernando D\u00edaz<\/p>\n<p>La inc\u00f3gnita es qu\u00e9 ocurrir\u00e1 despu\u00e9s. La UD Logro\u00f1\u00e9s permanece atenta a los movimientos de Osasuna y no ser\u00eda extra\u00f1o que el nombre de Anai Morales apareciera sobre la mesa durante este mercado estival. La entidad riojana regresa a Primera Federaci\u00f3n y el extremo encajar\u00eda perfectamente en el proyecto deportivo despu\u00e9s de haber demostrado su capacidad para marcar diferencias en Segunda Federaci\u00f3n.<\/p>\n<p>Sin embargo, la situaci\u00f3n no parece sencilla. El director deportivo rojillo, Braulio V\u00e1zquez, ha venido dejando claro en sus comparecencias que el acceso al primer equipo ser\u00e1 especialmente exigente y que ning\u00fan canterano tendr\u00e1 garantizado el salto por el mero hecho de destacar en el filial, que ha descendido a Segunda Federaci\u00f3n. La apuesta de Osasuna pasa por consolidarse en Primera Divisi\u00f3n, y tras una temporada en la que ha coqueteado de nuevo con el descenso, necesita elevar el nivel competitivo de la plantilla, una filosof\u00eda que obliga a los j\u00f3venes de Tajonar a convencer plenamente para quedarse.<\/p>\n<p>Ese contexto convierte la pretemporada en una prueba de enorme valor para Morales. Si logra convencer a Ramis, podr\u00eda aspirar a quedarse en din\u00e1mica del primer equipo. Si no encuentra hueco en la plantilla de Primera Divisi\u00f3n, volver\u00e1n a abrirse distintos escenarios, entre ellos una nueva cesi\u00f3n que le permita seguir creciendo en una categor\u00eda tan exigente como la Segunda Divisi\u00f3n o la Primera Federaci\u00f3n, porque parece complicado que Anai Morales juegue el curso que viene en el filial en la cuarta categor\u00eda del f\u00fatbol espa\u00f1ol.<\/p>\n<p>En Logro\u00f1o nadie ha olvidado el impacto que ha tenido durante el \u00faltimo curso. Su velocidad, capacidad de desborde y producci\u00f3n ofensiva le han convertido en uno de los futbolistas m\u00e1s desequilibrantes de la categor\u00eda y en uno de los grandes art\u00edfices del ascenso blanquirrojo.<\/p>\n<p><img decoding=\"async\" src=\"https:\/\/www.europesays.com\/es\/wp-content\/uploads\/2026\/06\/1782165201_366_cabecera-nuevecuatrouno-2026.png\"\/><\/p>\n","protected":false},"excerpt":{"rendered":"COMPARTE POSTEA WHATSAPP Email Anai Morales comenzar\u00e1 la pretemporada a las \u00f3rdenes de Luis Miguel Ramis. El Club&hellip;\n","protected":false},"author":2,"featured_media":621042,"comment_status":"","ping_status":"","sticky":false,"template":"","format":"standard","meta":{"footnotes":""},"categories":[5],"tags":[115750,17,18,109993,25,24,13,14,11,19,20,9,10,15,16,16144,23,12,104405,21,22],"class_list":["post-621041","post","type-post","status-publish","format-standard","has-post-thumbnail","category-titulares","tag-anai-morales","tag-breaking-news","tag-breakingnews","tag-deportes-1","tag-es","tag-espana","tag-featured-news","tag-featurednews","tag-headlines","tag-latest-news","tag-latestnews","tag-news","tag-noticias","tag-noticias-destacadas","tag-noticiasdestacadas","tag-primera-federacion","tag-spain","tag-titulares","tag-ud-logrones","tag-ultimas-noticias","tag-ultimasnoticias"],"share_on_mastodon":{"url":"https:\/\/pubeurope.com\/@es\/116795985686584140","error":""},"_links":{"self":[{"href":"https:\/\/www.europesays.com\/es\/wp-json\/wp\/v2\/posts\/621041","targetHints":{"allow":["GET"]}}],"collection":[{"href":"https:\/\/www.europesays.com\/es\/wp-json\/wp\/v2\/posts"}],"about":[{"href":"https:\/\/www.europesays.com\/es\/wp-json\/wp\/v2\/types\/post"}],"author":[{"embeddable":true,"href":"https:\/\/www.europesays.com\/es\/wp-json\/wp\/v2\/users\/2"}],"replies":[{"embeddable":true,"href":"https:\/\/www.europesays.com\/es\/wp-json\/wp\/v2\/comments?post=621041"}],"version-history":[{"count":0,"href":"https:\/\/www.europesays.com\/es\/wp-json\/wp\/v2\/posts\/621041\/revisions"}],"wp:featuredmedia":[{"embeddable":true,"href":"https:\/\/www.europesays.com\/es\/wp-json\/wp\/v2\/media\/621042"}],"wp:attachment":[{"href":"https:\/\/www.europesays.com\/es\/wp-json\/wp\/v2\/media?parent=621041"}],"wp:term":[{"taxonomy":"category","embeddable":true,"href":"https:\/\/www.europesays.com\/es\/wp-json\/wp\/v2\/categories?post=621041"},{"taxonomy":"post_tag","embeddable":true,"href":"https:\/\/www.europesays.com\/es\/wp-json\/wp\/v2\/tags?post=621041"}],"curies":[{"name":"wp","href":"https:\/\/api.w.org\/{rel}","templated":true}]}}