{"id":621217,"date":"2026-06-23T00:20:22","date_gmt":"2026-06-23T00:20:22","guid":{"rendered":"https:\/\/www.europesays.com\/es\/621217\/"},"modified":"2026-06-23T00:20:22","modified_gmt":"2026-06-23T00:20:22","slug":"aday-mara-sera-el-tercer-o-cuarto-mejor-espanol-de-la-historia-en-el-draft-de-la-nba-tras-las-leyendas-pau-gasol-y-ricky-rubio-estas-han-sido-todas-las-selecciones-en-la-historia","status":"publish","type":"post","link":"https:\/\/www.europesays.com\/es\/621217\/","title":{"rendered":"Aday Mara ser\u00e1 el tercer o cuarto mejor espa\u00f1ol de la historia en el draft de la NBA tras las leyendas Pau Gasol y Ricky Rubio: estas han sido todas las selecciones en la historia"},"content":{"rendered":"<p class=\"ft-text ft-helper-closenews\"><strong>Aday Mara todav\u00eda es una promesa y por ello cuesta entender su dimensi\u00f3n todav\u00eda.<\/strong> El zaragozano ya es hist\u00f3rico tras ganar la NCAA y en la madrugada de este martes a mi\u00e9rcoles se convertir\u00e1 en el primer jugador aragon\u00e9s en jugar en la NBA cuando sea elegido en el draft.<\/p>\n<p class=\"ft-text\">El zaragozano est\u00e1 llamado a <strong>marcar una era en el baloncesto espa\u00f1ol <\/strong>y ser uno de los l\u00edderes de la nueva generaci\u00f3n de jugadores junto a Hugo Gonz\u00e1lez, Santi Aldama o Sergio de Larrea y <strong>su posici\u00f3n en el draft de la NBA dar\u00e1 muy buena cuenta de las expectativas que est\u00e1n puestas en \u00e9l.<\/strong><\/p>\n<p class=\"ft-text\">Desde la primera selecci\u00f3n de un espa\u00f1ol, que fue Fernando Mart\u00edn en 1985, un total de 24 jugadores nacionales han sido elegidos en el draft de la mejor Liga del mundo y <strong>Aday Mara, seg\u00fan las predicciones de expertos y lo que han ido indagando los periodistas, apunta a ser el tercer o cuarto espa\u00f1ol de esta lista hist\u00f3rica.<\/strong><\/p>\n<p class=\"ft-text\">Salvo sorpresa may\u00fascula, ya que los primeros puestos est\u00e1n bastante definidos, <a class=\"ft-link ft-link--decoration\" href=\"https:\/\/www.elperiodicodearagon.com\/deportes\/2026\/06\/17\/pretendientes-aday-mara-draft-candidato-131500461.html\" target=\"_blank\" rel=\"nofollow noopener\">Aday Mara ser\u00e1 elegido entre el puesto 6 y el 15, con mayor probabilidad entre el 8 y el 13. <\/a>Estar\u00eda, por tanto, seguro por detr\u00e1s de dos leyendas absolutas de Espa\u00f1a, que son <strong>Pau Gasol<\/strong>, el mejor jugador de la historia del pa\u00eds, y de <strong>Ricky Rubio<\/strong>, el ni\u00f1o maravilla y otro baloncestista de los que marcaron una \u00e9poca. Uno, doble campe\u00f3n de la NBA. El otro, por ejemplo, entre otros muchos logros, MVP del Mundial. <strong>En esta Liga est\u00e1 Aday Mara.<\/strong><\/p>\n<p class=\"ft-text\"><strong>Pau Gasol fue elegido en 2001 en el puesto 3 por Atlanta Hawks, pero fue traspasado a Memphis Grizzlies esa misma noche. Ricky fue escogido en el 5 por Minnesota Timberwolves en 2009. <\/strong>Dependiendo de d\u00f3nde sea elegido Aday Mara ser\u00e1 superado o no por<strong> Fran V\u00e1zquez<\/strong>, p\u00edvot ex del Casademont Zaragoza, que fue seleccionado en 2005 por Orlando Magic en el puesto 11, pero el gallego jam\u00e1s dio el salto a la NBA.<\/p>\n<p><img decoding=\"async\" src=\"https:\/\/www.europesays.com\/es\/wp-content\/uploads\/2026\/06\/c1cebee1-1f54-4f4b-af73-7928a4e02d21_alta-libre-aspect-ratio_default_0_x525y350.jpg\" width=\"1200\" height=\"1200\" alt=\"Pau Gasol se saluda con David Stern con la gorra de los Atlanta Hawks, instantes antes de ser traspasado a los Memphis Grizzlies, en el 2001.\" class=\"ft-helper-img-rd\" loading=\"lazy\" fetchpriority=\"auto\"\/><\/p>\n<p class=\"ft-helper-fontColor-quaternary ft-helper-fontSize-body-S ft-helper-spacer-t-xxs\">Pau Gasol se saluda con David Stern con la gorra de los Atlanta Hawks, instantes antes de ser traspasado a los Memphis Grizzlies, en el 2001.  \/ NBA<\/p>\n<p class=\"ft-text\">Lo mismo, salvo sorpresa, ya que ser\u00e1 el primer p\u00edvot puro en ser elegido, <strong>Aday Mara no caer\u00e1 del puesto 15, que fue donde fue seleccionado Juancho Hernang\u00f3mez en 2016 por Denver Nuggets.<\/strong><\/p>\n<p class=\"ft-text\">Luego habr\u00e1 que ver hasta d\u00f3nde le lleva su carrera, pero de primeras va a salir elegido por delante de muchos jugadores que est\u00e1n haciendo o han hecho carrera en la NBA. <strong>V\u00edctor Claver<\/strong> fue elegido en el puesto 22 por Portland, <strong>Mirotic <\/strong>en el 23, igual que <strong>Usman Garuba, Ra\u00fcl L\u00f3pez <\/strong>en el 24 como <strong>Rudy Fern\u00e1ndez <\/strong>y <strong>Serge Ibaka<\/strong>, <strong>Sergio Rodr\u00edguez <\/strong>lo hizo en el 27, <strong>Hugo Gonz\u00e1lez <\/strong>en el 28 y <strong>Santi Aldama <\/strong>en el 30. Estos dos \u00faltimos son los \u00fanicos espa\u00f1oles en la NBA ahora mismo, el primero en Boston Celtics y el segundo en Memphis Grizzlies y ambos jugando y con un rol importante.<\/p>\n<p><img decoding=\"async\" src=\"https:\/\/www.europesays.com\/es\/wp-content\/uploads\/2026\/06\/f3a7d80d-551a-434f-8c5e-a066c3b65330_alta-libre-aspect-ratio_default_0_x1125y498.jpg\" width=\"1200\" height=\"799\" alt=\"Stephen Curry y Ricky Rubio, junto a otros jugadores elegidos en el draft de la NBA del 2009, como James Harden.\" class=\"ft-helper-img-rd\" loading=\"lazy\" fetchpriority=\"auto\"\/><\/p>\n<p class=\"ft-helper-fontColor-quaternary ft-helper-fontSize-body-S ft-helper-spacer-t-xxs\">Stephen Curry y Ricky Rubio, junto a otros jugadores elegidos en el draft de la NBA del 2009, como James Harden.  \/ NBA<\/p>\n<p class=\"ft-text\">En la segunda ronda fueron elegidos <strong>Sergio Llull <\/strong>(34, aunque nunca dio el salto), <strong>Willy Hernang\u00f3mez<\/strong> (35), <strong>Juan N\u00fa\u00f1ez <\/strong>(36, a\u00fan no ha ido), <strong>Fernando Mart\u00edn <\/strong>(38), <strong>Juan Carlos Navarro <\/strong>(39), <strong>Marc Gasol <\/strong>(48), <strong>Roberto Due\u00f1as <\/strong>(58, nunca fue), <strong>\u00c1lex Abrines <\/strong>(58), <strong>Albert Miralles <\/strong>(60, nunca fue), <strong>Daniel D\u00edez <\/strong>(60, no fue) y, el \u00faltimo, fue <strong>Jos\u00e9 Antonio Montero <\/strong>en 1987 en el puesto n\u00famero 113. Entonces hab\u00eda m\u00e1s rondas y puestos, ahora son 60.<\/p>\n<p class=\"ft-text\">De toda esta lista hay jugadores que han sido leyendas de Espa\u00f1a y todos ellos jugadores de mucha calidad e importantes. <strong>Una especie de Olimpo en el que Aday Mara estar\u00e1 en lo m\u00e1s alto<\/strong>. Luego habr\u00e1 que ver su carrera, lesiones, si cae en un equipo que le ayude a crecer y con aspiraciones y c\u00f3mo se desarrolla en estos a\u00f1os, <strong>pero apunta a ser un jugador que marque una \u00e9poca.<\/strong><\/p>\n<p data-close=\"closedContent\" class=\"subscribeHideForDisplay\">Suscr\u00edbete para seguir leyendo<\/p>\n","protected":false},"excerpt":{"rendered":"Aday Mara todav\u00eda es una promesa y por ello cuesta entender su dimensi\u00f3n todav\u00eda. El zaragozano ya es&hellip;\n","protected":false},"author":2,"featured_media":621218,"comment_status":"","ping_status":"","sticky":false,"template":"","format":"standard","meta":{"footnotes":""},"categories":[269],"tags":[69214,68421,299,298,168,33313,25,24,55384,1725,9277,12431,4080,523,23,167,619],"class_list":["post-621217","post","type-post","status-publish","format-standard","has-post-thumbnail","category-baloncesto","tag-aday","tag-aday-mara","tag-baloncesto","tag-basketball","tag-deportes","tag-draft","tag-es","tag-espana","tag-mara","tag-nba","tag-o","tag-pau-gasol","tag-ricky-rubio","tag-sera","tag-spain","tag-sports","tag-tercer"],"share_on_mastodon":{"url":"https:\/\/pubeurope.com\/@es\/116796564398456521","error":""},"_links":{"self":[{"href":"https:\/\/www.europesays.com\/es\/wp-json\/wp\/v2\/posts\/621217","targetHints":{"allow":["GET"]}}],"collection":[{"href":"https:\/\/www.europesays.com\/es\/wp-json\/wp\/v2\/posts"}],"about":[{"href":"https:\/\/www.europesays.com\/es\/wp-json\/wp\/v2\/types\/post"}],"author":[{"embeddable":true,"href":"https:\/\/www.europesays.com\/es\/wp-json\/wp\/v2\/users\/2"}],"replies":[{"embeddable":true,"href":"https:\/\/www.europesays.com\/es\/wp-json\/wp\/v2\/comments?post=621217"}],"version-history":[{"count":0,"href":"https:\/\/www.europesays.com\/es\/wp-json\/wp\/v2\/posts\/621217\/revisions"}],"wp:featuredmedia":[{"embeddable":true,"href":"https:\/\/www.europesays.com\/es\/wp-json\/wp\/v2\/media\/621218"}],"wp:attachment":[{"href":"https:\/\/www.europesays.com\/es\/wp-json\/wp\/v2\/media?parent=621217"}],"wp:term":[{"taxonomy":"category","embeddable":true,"href":"https:\/\/www.europesays.com\/es\/wp-json\/wp\/v2\/categories?post=621217"},{"taxonomy":"post_tag","embeddable":true,"href":"https:\/\/www.europesays.com\/es\/wp-json\/wp\/v2\/tags?post=621217"}],"curies":[{"name":"wp","href":"https:\/\/api.w.org\/{rel}","templated":true}]}}