{"id":62125,"date":"2025-08-21T09:05:10","date_gmt":"2025-08-21T09:05:10","guid":{"rendered":"https:\/\/www.europesays.com\/es\/62125\/"},"modified":"2025-08-21T09:05:10","modified_gmt":"2025-08-21T09:05:10","slug":"es-el-director-de-una-de-las-peliculas-mejor-valoradas-por-todo-el-mundo-pero-esta-en-la-lista-negra-de-hollywood","status":"publish","type":"post","link":"https:\/\/www.europesays.com\/es\/62125\/","title":{"rendered":"Es el director de una de las pel\u00edculas mejor valoradas por todo el mundo, pero est\u00e1 en la lista negra de Hollywood"},"content":{"rendered":"<p class=\"c-paragraph\">Si nos damos un paseo por la lista de <a href=\"https:\/\/www.imdb.com\/es-es\/chart\/top\/\" rel=\"nofollow noreferrer noopener\" target=\"_blank\">las mejores pel\u00edculas seg\u00fan los usuarios de IMDb<\/a> nos encontraremos en la primera posici\u00f3n con ese t\u00edtulo infalible que es casi un eje vertebrador de la humanidad, <a href=\"https:\/\/www.20minutos.es\/cinemania\/noticias\/cadena-perpetua-mejor-pelicula-valorada-publico-141956\/\" rel=\"nofollow noopener\" target=\"_blank\"><b>Cadena perpetua<\/b><\/a>. Si nos desplazamos un poco m\u00e1s hacia abajo, comprobaremos que cintas como <b>Origen<\/b> o<a href=\"https:\/\/www.20minutos.es\/cinemania\/noticias\/fight-club-comedia-romantica-fincher-5637397\/\" rel=\"nofollow noopener\" target=\"_blank\"> <b>El club de la lucha<\/b> <\/a>se quedan fuera de TOP 10 por los pelos. Pero si hacemos un poco m\u00e1s de scroll, descubriremos que<b> dentro de las 50 primeras<\/b> hay una algo m\u00e1s modesta que supuso una aut\u00e9ntico boom en los a\u00f1os noventa.<\/p>\n<p class=\"c-paragraph\"><b>American History X<\/b> fue una pel\u00edcula cuyo \u00e9xito se debi\u00f3 en gran parte al boca oreja y que, a\u00f1o tras a\u00f1o, consigui\u00f3 hacerse hueco <a href=\"https:\/\/www.20minutos.es\/cinemania\/noticias\/mejor-pelicula-estadounidense-segun-spielberg-5705179\/\" rel=\"nofollow noopener\" target=\"_blank\">en el coraz\u00f3n de los cin\u00e9filos.<\/a> Protagonizada por <b>un emergente Edward Norton, reci\u00e9n salido del \u00e9xito de Las dos caras de la verdad<\/b>, la pel\u00edcula abordaba la historia de redenci\u00f3n de Derek, un supremacista blanco que daba con sus huesos en la c\u00e1rcel tras asesinar a un chico de color. <a href=\"https:\/\/www.20minutos.es\/cinemania\/noticias\/condenados-explicada-funcionario-prisiones-carceles-reflejo-sociedad-5730136\/\" rel=\"nofollow noopener\" target=\"_blank\">Su paso por la prisi\u00f3n<\/a> le transformar\u00e1 por completo, pero su viaje hacia la luz estar\u00e1 sembrado de no pocas sorpresas desagradables.<\/p>\n<p class=\"c-paragraph\">Dirigida por el debutante <b>Tony Kaye<\/b>, procedente del videoclip y la publicidad, la pel\u00edcula supon\u00eda una apuesta de New Line Cinema por mostrar un duro retrato sobre<a href=\"https:\/\/www.20minutos.es\/cinemania\/noticias\/inaki-lopez-recomienda-pelicula-disturbios-torre-pacheco-advertencia-odio-5731797\/\" rel=\"nofollow noopener\" target=\"_blank\"> el odio y la intolerancia<\/a>, y el fichaje del cineasta parec\u00eda augurar una pel\u00edcula con una visi\u00f3n art\u00edstica potente. Sin embargo,<b> los problemas no tardaron en aparecer,<\/b> y el car\u00e1cter del director pronto acab\u00f3 chocando frontalmente con el de su estrella principal.<\/p>\n<p class=\"c-paragraph\">Seg\u00fan cuentan testigos y miembros del rodaje, Kaye se caracteriz\u00f3 muy pronto por <b>su temperamento err\u00e1tico y exc\u00e9ntrico<\/b>, sembrando un clima de incertidumbre entre un equipo que muchas veces no sab\u00eda qu\u00e9 direcci\u00f3n tomar. El m\u00e1s desestabilizado por esta situaci\u00f3n fue el propio Norton, que a\u00f1os posteriores, y qui\u00e9n sabe si debido a su experiencia en este rodaje,<b> acab\u00f3 gan\u00e1ndose fama de meter las narices en el guion y el montaje de muchas de sus pel\u00edculas.\u00a0<\/b><\/p>\n<p>\u00abUna joya en bruto\u00bb<\/p>\n<p class=\"c-paragraph\">Si bien el rodaje se complet\u00f3 sin demasiados contratiempos y dentro del plazo acordado, <a href=\"https:\/\/www.20minutos.es\/cinemania\/noticias\/diferencias-creativas-michael-bay-will-smith-fast-and-loose_6235106_0.html\" rel=\"nofollow noopener\" target=\"_blank\">las diferencias que se cocieron a fuego lento<\/a> durante su desarrollo cristalizaron en el proceso de montaje, donde<b> Norton y el propio estudio le arrebataron al cineasta el montaje final<\/b>, decant\u00e1ndose por una visi\u00f3n menos oscura que la prevista inicialmente, que el propio director hab\u00eda calificado previamente de \u00abjoya en bruto\u00bb.<\/p>\n<p class=\"c-paragraph\">Si en <a href=\"https:\/\/www.20minutos.es\/cinemania\/noticias\/rocky-iv-vuelve-cines-nuevo-montaje-stallone-diferencias-original-5534614\/\" rel=\"nofollow noopener\" target=\"_blank\">el montaje que lleg\u00f3 a las salas<\/a>, Derek completaba un proceso de redenci\u00f3n para descubrir al final c\u00f3mo su hermano Danny (<b>Edward Furlong<\/b>) era asesinado en se\u00f1al de venganza tras el asesinato que \u00e9l cometi\u00f3 al inicio de la historia; en la versi\u00f3n de Kaye<b> este hecho iba sucedido por el regreso de Derek al grupo supremacista.<\/b><\/p>\n<p>\u00abLlorando en los brazos de otro\u00bb<\/p>\n<p class=\"c-paragraph\">Impotente ante lo que el estudio y el actor estaban haciendo con <a href=\"https:\/\/www.20minutos.es\/cinemania\/noticias\/buscate-un-guionista-por-que-christopher-plummer-solo-trabajo-una-vez-con-terrence-malick-4573825\/\" rel=\"nofollow noopener\" target=\"_blank\">su visi\u00f3n de la historia<\/a>, Kaye decidi\u00f3 por todos los medios interrumpir el proceso, <b>llegando a invertir 100.000 d\u00f3lares de su propio bolsillo<\/b> para comprar espacios en renombrados medios como Variety\u00a0y The Hollywood Reporter y hacer p\u00fablico su desacuerdo.\u00a0<\/p>\n<p class=\"c-paragraph\">\u00a0\u00abLa pel\u00edcula que estrenaron estaba llena de tomas de todos llorando en los brazos del otro. Y, por supuesto,\u00a0Norton se hab\u00eda dado generosamente m\u00e1s tiempo en pantalla, afirm\u00f3 el cineasta, que incluso<b> lleg\u00f3 a pedir que su nombre fuera retirado de los t\u00edtulos de cr\u00e9dito.<\/b>\u00a0<\/p>\n<p class=\"c-paragraph\">Ninguna de sus peticiones fue atendida, por lo que<b> decidi\u00f3 demandar tanto al estudio como al Sindicato de Directores por valor de 200 millones<\/b>, argumentando que su reputaci\u00f3n hab\u00eda quedado perjudicada y que se hab\u00eda vulnerado su control creativo.\u00a0<\/p>\n<p>Una filmograf\u00eda escasa<\/p>\n<p class=\"c-paragraph\">Sea como fuere, nada de esto prosper\u00f3 y <a href=\"https:\/\/www.20minutos.es\/cinemania\/noticias\/olvidados-absorbidos-ninguneados-resistentes-generacion-5178655\/\" rel=\"nofollow noopener\" target=\"_blank\">el gran salto a la primera l\u00ednea<\/a> de Hollywood nunca se materializ\u00f3, quedando su carrera reducida dos largometrajes m\u00e1s, uno protagonizado por <b>Adrien Brody<\/b> 13 a\u00f1os despu\u00e9s (<b>El profesor<\/b>) y otro que ha sido recientemente estrenado en el Festival Internacional de Cine de Roma y, el pasado mes de junio, en <b>Tribeca<\/b> (The Trainer).<\/p>\n<p class=\"c-paragraph\">\u00abEstaba superado y era ego\u00edsta. Mi ego se interpuso en el camino. Eso fue totalmente mi culpa. En cierto modo, me alegro de que haya sucedido porque necesitaba algunas lecciones de vida\u00bb, concluye el cineasta, que se suma a la lista de <b>directores malogrados que se quedaron a las puertas de una prometedora carrera en la industria<\/b>.\u00a0<\/p>\n<p class=\"c-paragraph\">Tampoco le fue tan bien como parec\u00eda a un Edward Norton que, si bien fue nominado al Oscar por su trabajo en esta pel\u00edcula,<b><b>\u00a0acab\u00f3 granje\u00e1ndose con el tiempo una fama de dif\u00edcil<\/b><\/b>, lastrando con ello una carrera que tambi\u00e9n podr\u00eda haber dado m\u00e1s de s\u00ed.\u00a0<\/p>\n","protected":false},"excerpt":{"rendered":"Si nos damos un paseo por la lista de las mejores pel\u00edculas seg\u00fan los usuarios de IMDb nos&hellip;\n","protected":false},"author":2,"featured_media":62126,"comment_status":"","ping_status":"","sticky":false,"template":"","format":"standard","meta":{"footnotes":""},"categories":[169],"tags":[25814,177,411,146,147,25,24,176,1179,175,753,1421,23],"class_list":{"0":"post-62125","1":"post","2":"type-post","3":"status-publish","4":"format-standard","5":"has-post-thumbnail","7":"category-cine","8":"tag-amadas","9":"tag-cine","10":"tag-director","11":"tag-entertainment","12":"tag-entretenimiento","13":"tag-es","14":"tag-espana","15":"tag-film","16":"tag-mas","17":"tag-movies","18":"tag-peliculas","19":"tag-publico","20":"tag-spain"},"share_on_mastodon":{"url":"","error":""},"_links":{"self":[{"href":"https:\/\/www.europesays.com\/es\/wp-json\/wp\/v2\/posts\/62125","targetHints":{"allow":["GET"]}}],"collection":[{"href":"https:\/\/www.europesays.com\/es\/wp-json\/wp\/v2\/posts"}],"about":[{"href":"https:\/\/www.europesays.com\/es\/wp-json\/wp\/v2\/types\/post"}],"author":[{"embeddable":true,"href":"https:\/\/www.europesays.com\/es\/wp-json\/wp\/v2\/users\/2"}],"replies":[{"embeddable":true,"href":"https:\/\/www.europesays.com\/es\/wp-json\/wp\/v2\/comments?post=62125"}],"version-history":[{"count":0,"href":"https:\/\/www.europesays.com\/es\/wp-json\/wp\/v2\/posts\/62125\/revisions"}],"wp:featuredmedia":[{"embeddable":true,"href":"https:\/\/www.europesays.com\/es\/wp-json\/wp\/v2\/media\/62126"}],"wp:attachment":[{"href":"https:\/\/www.europesays.com\/es\/wp-json\/wp\/v2\/media?parent=62125"}],"wp:term":[{"taxonomy":"category","embeddable":true,"href":"https:\/\/www.europesays.com\/es\/wp-json\/wp\/v2\/categories?post=62125"},{"taxonomy":"post_tag","embeddable":true,"href":"https:\/\/www.europesays.com\/es\/wp-json\/wp\/v2\/tags?post=62125"}],"curies":[{"name":"wp","href":"https:\/\/api.w.org\/{rel}","templated":true}]}}