{"id":621320,"date":"2026-06-23T01:56:30","date_gmt":"2026-06-23T01:56:30","guid":{"rendered":"https:\/\/www.europesays.com\/es\/621320\/"},"modified":"2026-06-23T01:56:30","modified_gmt":"2026-06-23T01:56:30","slug":"cuatro-records-guinness-en-una-tarde-messi-hace-historia-en-el-mundial-ante-austria","status":"publish","type":"post","link":"https:\/\/www.europesays.com\/es\/621320\/","title":{"rendered":"Cuatro r\u00e9cords Guinness en una tarde: Messi hace historia en el Mundial ante Austria"},"content":{"rendered":"<p class=\"ft-text\">Lionel Messi entr\u00f3 en los libros de r\u00e9cords por partida cu\u00e1druple en el Argentina &#8211; Austria. La cuenta oficial de Guinness World Records public\u00f3 este lunes los registros que el capit\u00e1n argentino bati\u00f3 en una sola tarde tras su doblete en la victoria por 2-0 ante Austria en el Dallas Stadium:<strong> m\u00e1ximo goleador de la historia de los Mundiales masculinos (18 goles), jugador con m\u00e1s partidos disputados (28), jugador con m\u00e1s victorias en la competici\u00f3n (18) y m\u00e1s minutos jugados (2.489).<\/strong><\/p>\n<p class=\"ft-text\">El registro m\u00e1s simb\u00f3lico es el de goleador. El &#8217;10&#8217; llegaba al partido con 16 tantos tras el hat-trick ante Argelia, igualado con Miroslav Klose, y necesitaba uno para reinar en solitario. Lo intent\u00f3 primero desde el punto de penalti en el minuto 9, pero fall\u00f3 con un disparo desviado tras dudar en la carrera.<strong> Se desquit\u00f3 en el 38: apareci\u00f3 en el borde del \u00e1rea para empujar el 1-0. Ya en el tramo final, remat\u00f3 un rechace<\/strong><a class=\"ft-link ft-link--decoration\" href=\"https:\/\/www.sport.es\/es\/noticias\/mundial-futbol\/messi-eterno-dias-131695561\" rel=\"nofollow noopener\" target=\"_blank\"><strong> para firmar el 2-0 y su gol n\u00famero 18 en Mundiales<\/strong><\/a><strong>, que le sirve adem\u00e1s para superar a Marta (17), m\u00e1xima goleadora del Mundial femenino, y quedar como m\u00e1ximo artillero absoluto de la competici\u00f3n en cualquier categor\u00eda.<\/strong><\/p>\n<p><img decoding=\"async\" src=\"https:\/\/www.europesays.com\/es\/wp-content\/uploads\/2026\/06\/ed762531-add0-49c8-9953-d722e822a168_alta-libre-aspect-ratio_default_0_x1000y444.jpg\" width=\"1200\" height=\"800\" alt=\"Messi, ante Austria en Dallas\" class=\"ft-helper-img-rd\" loading=\"lazy\" fetchpriority=\"auto\"\/><\/p>\n<p class=\"ft-helper-fontColor-quaternary ft-helper-fontSize-body-S ft-helper-spacer-t-xxs\">Messi, ante Austria en Dallas  \/ EFE<\/p>\n<p class=\"ft-text\">Argentina, vigente campeona, certific\u00f3 as\u00ed su clasificaci\u00f3n como l\u00edder del Grupo J con seis puntos y estir\u00f3 a ocho su racha de victorias en el torneo desde el tropiezo ante Arabia Saud\u00ed en Qatar 2022.<\/p>\n<p class=\"ft-text\"><strong> Messi, que cumple 39 a\u00f1os el mi\u00e9rcoles, reconoci\u00f3 tras el partido su enfado por el penalti fallado, aunque celebr\u00f3 sobre todo el triunfo. La Albiceleste cerrar\u00e1 la fase de grupos frente a Jordania.<\/strong><\/p>\n","protected":false},"excerpt":{"rendered":"Lionel Messi entr\u00f3 en los libros de r\u00e9cords por partida cu\u00e1druple en el Argentina &#8211; Austria. La cuenta&hellip;\n","protected":false},"author":2,"featured_media":621321,"comment_status":"","ping_status":"","sticky":false,"template":"","format":"standard","meta":{"footnotes":""},"categories":[268],"tags":[954,168,25,24,280,282,115800,7688,115801,5590,281,23,167,11054],"class_list":["post-621320","post","type-post","status-publish","format-standard","has-post-thumbnail","category-futbol","tag-cuatro","tag-deportes","tag-es","tag-espana","tag-football","tag-futbol","tag-guinness","tag-messi","tag-mundial-femenino","tag-records","tag-soccer","tag-spain","tag-sports","tag-tarde"],"share_on_mastodon":{"url":"https:\/\/pubeurope.com\/@es\/116796941045828213","error":""},"_links":{"self":[{"href":"https:\/\/www.europesays.com\/es\/wp-json\/wp\/v2\/posts\/621320","targetHints":{"allow":["GET"]}}],"collection":[{"href":"https:\/\/www.europesays.com\/es\/wp-json\/wp\/v2\/posts"}],"about":[{"href":"https:\/\/www.europesays.com\/es\/wp-json\/wp\/v2\/types\/post"}],"author":[{"embeddable":true,"href":"https:\/\/www.europesays.com\/es\/wp-json\/wp\/v2\/users\/2"}],"replies":[{"embeddable":true,"href":"https:\/\/www.europesays.com\/es\/wp-json\/wp\/v2\/comments?post=621320"}],"version-history":[{"count":0,"href":"https:\/\/www.europesays.com\/es\/wp-json\/wp\/v2\/posts\/621320\/revisions"}],"wp:featuredmedia":[{"embeddable":true,"href":"https:\/\/www.europesays.com\/es\/wp-json\/wp\/v2\/media\/621321"}],"wp:attachment":[{"href":"https:\/\/www.europesays.com\/es\/wp-json\/wp\/v2\/media?parent=621320"}],"wp:term":[{"taxonomy":"category","embeddable":true,"href":"https:\/\/www.europesays.com\/es\/wp-json\/wp\/v2\/categories?post=621320"},{"taxonomy":"post_tag","embeddable":true,"href":"https:\/\/www.europesays.com\/es\/wp-json\/wp\/v2\/tags?post=621320"}],"curies":[{"name":"wp","href":"https:\/\/api.w.org\/{rel}","templated":true}]}}