{"id":621328,"date":"2026-06-23T02:03:18","date_gmt":"2026-06-23T02:03:18","guid":{"rendered":"https:\/\/www.europesays.com\/es\/621328\/"},"modified":"2026-06-23T02:03:18","modified_gmt":"2026-06-23T02:03:18","slug":"primera-toma-de-contacto-con-la-pista-en-sanlucar","status":"publish","type":"post","link":"https:\/\/www.europesays.com\/es\/621328\/","title":{"rendered":"Primera toma de contacto con la pista en Sanl\u00facar"},"content":{"rendered":"<p>Con pocos entrenamientos realizados, la U20 Femenina disput\u00f3 un torneo exigente en la localidad andaluza de Sanl\u00facar de Barrameda. Victoria contundente ante Alemania y dos derrotas ajustadas ante B\u00e9lgica y Hungr\u00eda, antes de la siguiente fase de preparaci\u00f3n.<\/p>\n<p>\u00c1REA DE COMUNICACI\u00d3N FEB<br \/>&#13;<br \/>\n<br \/>\n Una victoria y dos derrotas. Nada preocupante en la primera fase de la preparaci\u00f3n, todav\u00eda con gran parte del trabajo por completar.<\/p>\n<p>ESPA\u00d1A-B\u00c9LGICA 60-71<br \/>&#13;<br \/>\n M\u00e1ximas anotadoras: Carla Osma (14) In\u00e9s Sotelo (9), Marta Alsina (9)<br \/>&#13;<br \/>\n Primer partido del torneo y derrota ante una B\u00e9lgica muy acertada en el tiro exterior. Buen partido de Carla Osma, la m\u00e1s resolutiva en ataque, y de In\u00e9s Garc\u00eda Monje, un seguro de vida atr\u00e1s.<\/p>\n<p>ESPA\u00d1A-ALEMANIA 79-42<br \/>&#13;<br \/>\n M\u00e1ximas anotadoras: In\u00e9s Sotelo (19), In\u00e9s G. Monje (11), Irene Noya (10)<br \/>&#13;<br \/>\n La \u00fanica victoria fue la m\u00e1s contundente. Un resultado abultado ante una Alemania que no lleg\u00f3 a entrar en juego. Gina Garc\u00eda volvi\u00f3 a ser la directora de orquesta con In\u00e9s Sotelo como la m\u00e1s acertada (3 de 5 en triples)<\/p>\n<p>ESPA\u00d1A-HUNGR\u00cdA 59-61<br \/>&#13;<br \/>\n M\u00e1ximas anotadoras: Carla Osma (13), Anais Rodr\u00edguez (10), Irene Noya (9)<br \/>&#13;<br \/>\n En principio era el rival m\u00e1s potente y el partido cumpli\u00f3 las expectativas. Un duelo igualado, con dos buenas defensas y con los errores propios de los primeros d\u00edas de preparaci\u00f3n. Carla Osma, con 13 puntos y 3 de 5 en triples, la m\u00e1s destacada.<\/p>\n","protected":false},"excerpt":{"rendered":"Con pocos entrenamientos realizados, la U20 Femenina disput\u00f3 un torneo exigente en la localidad andaluza de Sanl\u00facar de&hellip;\n","protected":false},"author":2,"featured_media":621329,"comment_status":"","ping_status":"","sticky":false,"template":"","format":"standard","meta":{"footnotes":""},"categories":[93],"tags":[4605,299,1918,4597,4613,4616,4609,4608,4610,168,4603,4606,25,24,4120,4598,4614,2713,4601,830,4599,4600,4602,4615,4617,4607,4604,23,167,4611,4612],"class_list":["post-621328","post","type-post","status-publish","format-standard","has-post-thumbnail","category-deportes","tag-arbitros-baloncesto","tag-baloncesto","tag-basket","tag-basquet","tag-canalfeb","tag-clasificacion","tag-copa-princesa","tag-copa-principe","tag-copa-reina","tag-deportes","tag-eba","tag-entrenadores-baloncesto","tag-es","tag-espana","tag-estadisticas","tag-federacion-baloncesto","tag-jornada-virtual","tag-jugadores","tag-laeb-plata","tag-leb-oro","tag-liga-espana","tag-liga-espanola-baloncesto","tag-liga-femenina","tag-marcadores-baloncesto","tag-rankings","tag-reglas-baloncesto","tag-seleccion-baloncesto","tag-spain","tag-sports","tag-supercopa","tag-television-baloncesto"],"share_on_mastodon":{"url":"https:\/\/pubeurope.com\/@es\/116796968735333585","error":""},"_links":{"self":[{"href":"https:\/\/www.europesays.com\/es\/wp-json\/wp\/v2\/posts\/621328","targetHints":{"allow":["GET"]}}],"collection":[{"href":"https:\/\/www.europesays.com\/es\/wp-json\/wp\/v2\/posts"}],"about":[{"href":"https:\/\/www.europesays.com\/es\/wp-json\/wp\/v2\/types\/post"}],"author":[{"embeddable":true,"href":"https:\/\/www.europesays.com\/es\/wp-json\/wp\/v2\/users\/2"}],"replies":[{"embeddable":true,"href":"https:\/\/www.europesays.com\/es\/wp-json\/wp\/v2\/comments?post=621328"}],"version-history":[{"count":0,"href":"https:\/\/www.europesays.com\/es\/wp-json\/wp\/v2\/posts\/621328\/revisions"}],"wp:featuredmedia":[{"embeddable":true,"href":"https:\/\/www.europesays.com\/es\/wp-json\/wp\/v2\/media\/621329"}],"wp:attachment":[{"href":"https:\/\/www.europesays.com\/es\/wp-json\/wp\/v2\/media?parent=621328"}],"wp:term":[{"taxonomy":"category","embeddable":true,"href":"https:\/\/www.europesays.com\/es\/wp-json\/wp\/v2\/categories?post=621328"},{"taxonomy":"post_tag","embeddable":true,"href":"https:\/\/www.europesays.com\/es\/wp-json\/wp\/v2\/tags?post=621328"}],"curies":[{"name":"wp","href":"https:\/\/api.w.org\/{rel}","templated":true}]}}