{"id":621366,"date":"2026-06-23T02:43:33","date_gmt":"2026-06-23T02:43:33","guid":{"rendered":"https:\/\/www.europesays.com\/es\/621366\/"},"modified":"2026-06-23T02:43:33","modified_gmt":"2026-06-23T02:43:33","slug":"el-homenaje-en-recuerdo-a-igor-medio-en-su-nueva-calle-en-en-gijon-el-sabado-27-de-junio","status":"publish","type":"post","link":"https:\/\/www.europesays.com\/es\/621366\/","title":{"rendered":"El homenaje en recuerdo a Igor Medio en su nueva calle en en Gij\u00f3n, el s\u00e1bado 27 de junio"},"content":{"rendered":"<p style=\"\">Este s\u00e1bado, 27 de junio, al mediod\u00eda tendr\u00e1 lugar el acto de descubrimiento de la placa con la que Gij\u00f3n rendir\u00e1 <a href=\"https:\/\/www.elcomercio.es\/gijon\/homenaje-igor-medio-gijon-referencia-generacional-artistas-20260611064502-nt.html\" title=\"www.elcomercio.es\" data-voc-vtm-id=\"in-text-traffic\" data-mrf-link=\"www.elcomercio.es\" rel=\"nofollow noopener\" target=\"_blank\">homenaje al creador, humorista y guitarrista Igor Medio<\/a> &#8230; , \u00abfigura esencial\u00bb de la ciudad, fallecido hace 20 a\u00f1os en accidente de tr\u00e1fico junto a su compa\u00f1ero de formaci\u00f3n Carlos Redondo. El evento tendr\u00e1 lugar en la actual calle Palafox, v\u00eda de acceso a los terrenos de Naval Azul que pasar\u00e1 a llevar el nombre de quien fuera cofundador del grupo &#8216;Felpeyu&#8217;.<\/p>\n<p class=\"v-d-p\" style=\"\">El Ayuntamiento tiene actualmente en marcha (se cierra el 3 de julio) un proceso de consulta p\u00fablica para el cambio de denominaci\u00f3n de esta v\u00eda con la intenci\u00f3n de reconocer en el callejero a un hombre cuya \u00abvinculacio\u0301n con Gijo\u0301n es inseparable de su identidad como artista\u00bb. \u00abNacio\u0301, crecio\u0301, vivio\u0301 y creo\u0301 en El Natahoyo, barrio que con su cara\u0301cter obrero y marinero no fue solo el escenario de su infancia, sino la fuente permanente de su imaginario creativo\u00bb, destaca el Consistorio, que a\u00f1ade que la obra de Igor Medio \u00abcontribuyo\u0301 a proyectar el barrio, y por extensio\u0301n la ciudad entera, como si\u0301mbolo de una cultura viva, popular y comprometida con su tiempo\u00bb.<\/p>\n<p class=\"v-d-p\" style=\"\">\u00abPara el Ayuntamiento de Gijo\u0301n, Igor Medio no representa u\u0301nicamente a un artista talentoso, sino a toda una forma de entender la cultura como herramienta de cohesio\u0301n social, de dignificacio\u0301n de la identidad local y de conexio\u0301n entre generaciones\u00bb, se destaca en los motivos para aprobar que el artista de su nombre a la actual calle Palafox..<\/p>\n","protected":false},"excerpt":{"rendered":"Este s\u00e1bado, 27 de junio, al mediod\u00eda tendr\u00e1 lugar el acto de descubrimiento de la placa con la&hellip;\n","protected":false},"author":2,"featured_media":621367,"comment_status":"","ping_status":"","sticky":false,"template":"","format":"standard","meta":{"footnotes":""},"categories":[174],"tags":[10872,255,146,147,25,24,256,6023,6552,3404,9201,697,795,910,3397,23],"class_list":["post-621366","post","type-post","status-publish","format-standard","has-post-thumbnail","category-famosos","tag-calle","tag-celebrities","tag-entertainment","tag-entretenimiento","tag-es","tag-espana","tag-famosos","tag-gijon","tag-homenaje","tag-igor","tag-junio","tag-medio","tag-nueva","tag-recuerdo","tag-sabado","tag-spain"],"share_on_mastodon":{"url":"https:\/\/pubeurope.com\/@es\/116797125755797277","error":""},"_links":{"self":[{"href":"https:\/\/www.europesays.com\/es\/wp-json\/wp\/v2\/posts\/621366","targetHints":{"allow":["GET"]}}],"collection":[{"href":"https:\/\/www.europesays.com\/es\/wp-json\/wp\/v2\/posts"}],"about":[{"href":"https:\/\/www.europesays.com\/es\/wp-json\/wp\/v2\/types\/post"}],"author":[{"embeddable":true,"href":"https:\/\/www.europesays.com\/es\/wp-json\/wp\/v2\/users\/2"}],"replies":[{"embeddable":true,"href":"https:\/\/www.europesays.com\/es\/wp-json\/wp\/v2\/comments?post=621366"}],"version-history":[{"count":0,"href":"https:\/\/www.europesays.com\/es\/wp-json\/wp\/v2\/posts\/621366\/revisions"}],"wp:featuredmedia":[{"embeddable":true,"href":"https:\/\/www.europesays.com\/es\/wp-json\/wp\/v2\/media\/621367"}],"wp:attachment":[{"href":"https:\/\/www.europesays.com\/es\/wp-json\/wp\/v2\/media?parent=621366"}],"wp:term":[{"taxonomy":"category","embeddable":true,"href":"https:\/\/www.europesays.com\/es\/wp-json\/wp\/v2\/categories?post=621366"},{"taxonomy":"post_tag","embeddable":true,"href":"https:\/\/www.europesays.com\/es\/wp-json\/wp\/v2\/tags?post=621366"}],"curies":[{"name":"wp","href":"https:\/\/api.w.org\/{rel}","templated":true}]}}