{"id":62137,"date":"2025-08-21T09:12:08","date_gmt":"2025-08-21T09:12:08","guid":{"rendered":"https:\/\/www.europesays.com\/es\/62137\/"},"modified":"2025-08-21T09:12:08","modified_gmt":"2025-08-21T09:12:08","slug":"a-la-junta-castilla-y-leon-no-le-interesa-politicamente-la-solicitud-del-nivel-3","status":"publish","type":"post","link":"https:\/\/www.europesays.com\/es\/62137\/","title":{"rendered":"A la Junta Castilla y Le\u00f3n no le interesa pol\u00edticamente la solicitud del nivel 3"},"content":{"rendered":"<p>Nicanor Sen, delegado del Gobierno en Castilla y Le\u00f3n, ha estado en Las Ma\u00f1anas de RNE<\/p>\n<p><strong>Nicanor Sen, delegado del Gobierno de Espa\u00f1a en Castilla y Le\u00f3n<\/strong>, admite que la situaci\u00f3n con los incendios en la comunidad sigue siendo dif\u00edcil: \u00abLas condiciones climatol\u00f3gicas de fuertes vientos han impedido que se lleve a cabo el funcionamiento correcto y operativo de los medios a\u00e9reos\u00bb, especifica en Las Ma\u00f1anas de RNE con <strong>Lara Hermoso<\/strong>. Aun as\u00ed, el delegado del Gobierno apunta a un dato positivo: <strong>\u00abEl fin de la ola de calor ha [parado] el avance de muchos de esos incendios<\/strong>, a\u00fan activos. Sobre todo los de zonas de monta\u00f1a, en las que hay que sumar el aumento del \u00edndice de humedad que se recupera\u00bb, explica. <strong>Los datos de humedad han pasado de alrededor de 15 a un 20% a llegar al 90% o incluso el 100%<\/strong> por la noche.<\/p>\n<p>El alcalde de Cistierna, Le\u00f3n, revel\u00f3 ayer que<strong> la Junta busca personal para las labores de extinci\u00f3n de los incendios a trav\u00e9s de InfoJobs<\/strong>, de una empresa de trabajo temporal, algo a lo que Sen se muestra contrario: \u00abLas comunidades aut\u00f3nomas llevan muchas d\u00e9cadas en un bucle negativo, que es la subcontrataci\u00f3n de estos servicios a trav\u00e9s de decenas de licitaciones que se llevan a cabo todos los a\u00f1os\u00bb, expone. Estas licitaciones, comenta, van a subasta al precio m\u00e1s bajo, \u00abocasionando que las empresas privadas contraten peones forestales\u00bb. Ante las peticiones de los ciudadanos de que el Gobierno central asuma el mando, Sen afirma que<strong> \u00aba la Junta de Castilla y Le\u00f3n no le interesa pol\u00edticamente la solicitud del nivel 3<\/strong> y de momento sigue siendo su competencia\u00bb.<\/p>\n","protected":false},"excerpt":{"rendered":"Nicanor Sen, delegado del Gobierno en Castilla y Le\u00f3n, ha estado en Las Ma\u00f1anas de RNE Nicanor Sen,&hellip;\n","protected":false},"author":2,"featured_media":62138,"comment_status":"","ping_status":"","sticky":false,"template":"","format":"standard","meta":{"footnotes":""},"categories":[8],"tags":[25816,17,18,25,24,13,14,11,1984,19,20,9,10,15,16,133,1448,1986,1987,23,12,21,22],"class_list":{"0":"post-62137","1":"post","2":"type-post","3":"status-publish","4":"format-standard","5":"has-post-thumbnail","7":"category-espana","8":"tag-a-la-junta-castilla-y-leon-no-le-interesa-politicamente-la-solicitud-del-nivel-3","9":"tag-breaking-news","10":"tag-breakingnews","11":"tag-es","12":"tag-espana","13":"tag-featured-news","14":"tag-featurednews","15":"tag-headlines","16":"tag-las-mananas-de-rne-lara-hermoso","17":"tag-latest-news","18":"tag-latestnews","19":"tag-news","20":"tag-noticias","21":"tag-noticias-destacadas","22":"tag-noticiasdestacadas","23":"tag-online","24":"tag-radio","25":"tag-rne","26":"tag-rtve-play","27":"tag-spain","28":"tag-titulares","29":"tag-ultimas-noticias","30":"tag-ultimasnoticias"},"share_on_mastodon":{"url":"","error":""},"_links":{"self":[{"href":"https:\/\/www.europesays.com\/es\/wp-json\/wp\/v2\/posts\/62137","targetHints":{"allow":["GET"]}}],"collection":[{"href":"https:\/\/www.europesays.com\/es\/wp-json\/wp\/v2\/posts"}],"about":[{"href":"https:\/\/www.europesays.com\/es\/wp-json\/wp\/v2\/types\/post"}],"author":[{"embeddable":true,"href":"https:\/\/www.europesays.com\/es\/wp-json\/wp\/v2\/users\/2"}],"replies":[{"embeddable":true,"href":"https:\/\/www.europesays.com\/es\/wp-json\/wp\/v2\/comments?post=62137"}],"version-history":[{"count":0,"href":"https:\/\/www.europesays.com\/es\/wp-json\/wp\/v2\/posts\/62137\/revisions"}],"wp:featuredmedia":[{"embeddable":true,"href":"https:\/\/www.europesays.com\/es\/wp-json\/wp\/v2\/media\/62138"}],"wp:attachment":[{"href":"https:\/\/www.europesays.com\/es\/wp-json\/wp\/v2\/media?parent=62137"}],"wp:term":[{"taxonomy":"category","embeddable":true,"href":"https:\/\/www.europesays.com\/es\/wp-json\/wp\/v2\/categories?post=62137"},{"taxonomy":"post_tag","embeddable":true,"href":"https:\/\/www.europesays.com\/es\/wp-json\/wp\/v2\/tags?post=62137"}],"curies":[{"name":"wp","href":"https:\/\/api.w.org\/{rel}","templated":true}]}}