{"id":621464,"date":"2026-06-23T04:24:18","date_gmt":"2026-06-23T04:24:18","guid":{"rendered":"https:\/\/www.europesays.com\/es\/621464\/"},"modified":"2026-06-23T04:24:18","modified_gmt":"2026-06-23T04:24:18","slug":"se-alza-el-telon-en-ceuta-en-una-prueba-de-mucho-valor","status":"publish","type":"post","link":"https:\/\/www.europesays.com\/es\/621464\/","title":{"rendered":"Se alza el tel\u00f3n en Ceuta en una prueba de mucho valor"},"content":{"rendered":"<p>La U17 Femenina dej\u00f3 Calatayud para disputar un triangular en Ceuta antes de viajar a Torrej\u00f3n de Ardoz. Dos victorias ante dos equipos africanos que viene bien para preparar la Copa del Mundo de Rep\u00fablica Checa<\/p>\n<p>\u00c1REA DE COMUNICACI\u00d3N FEB<\/p>\n<p>Dos victorias en los dos primeros encuentros de la U17 Femenina en su preparaci\u00f3n para la Copa del Mundo. Sus \u2018v\u00edctimas\u2019: Costa de Marfil y Egipto. Y la sede: una ciudad de Ceuta volcada en el evento.<\/p>\n<p>ESPA\u00d1A \u2013 COSTA DE MARFIL 100-29<br \/>&#13;<br \/>\n Anotadoras: Elizabeth Abubakar (12), Sarai Tejeira (12), Agueda Herrera (12)<br \/>&#13;<br \/>\n Buena puesta en escena en Ceuta de la U17 Femenina de Moses Fern\u00e1ndez, con la posibilidad de dar minutos a todas las jugadoras. Superioridad en el rebote ante un equipo bueno f\u00edsicamente, y buenos minutos de juego de Anna Smykovskaia en su debut con Espa\u00f1a.<\/p>\n<p>ESPA\u00d1A-EGIPTO 69-60<br \/>&#13;<br \/>\n Anotadoras: \u00a0Ona Ballest\u00e9 (17), Anna Smykovskaia (12), Ana Mar\u00eda Hernanz (10)<br \/>&#13;<br \/>\n Una prueba m\u00e1s dura que la del d\u00eda anterior, ante una selecci\u00f3n egipcia bien trabajada t\u00e1cticamente. Espa\u00f1a no control\u00f3 tan claramente el rebote y tuvo que recurrir del talento de Ona Ballest\u00e9 (la mejor del partido), mientras que el juego interior tuvo m\u00e1s problemas para anotar.<\/p>\n","protected":false},"excerpt":{"rendered":"La U17 Femenina dej\u00f3 Calatayud para disputar un triangular en Ceuta antes de viajar a Torrej\u00f3n de Ardoz.&hellip;\n","protected":false},"author":2,"featured_media":621465,"comment_status":"","ping_status":"","sticky":false,"template":"","format":"standard","meta":{"footnotes":""},"categories":[93],"tags":[4605,299,1918,4597,4613,4616,4609,4608,4610,168,4603,4606,25,24,4120,4598,4614,2713,4601,830,4599,4600,4602,4615,4617,4607,4604,23,167,4611,4612],"class_list":["post-621464","post","type-post","status-publish","format-standard","has-post-thumbnail","category-deportes","tag-arbitros-baloncesto","tag-baloncesto","tag-basket","tag-basquet","tag-canalfeb","tag-clasificacion","tag-copa-princesa","tag-copa-principe","tag-copa-reina","tag-deportes","tag-eba","tag-entrenadores-baloncesto","tag-es","tag-espana","tag-estadisticas","tag-federacion-baloncesto","tag-jornada-virtual","tag-jugadores","tag-laeb-plata","tag-leb-oro","tag-liga-espana","tag-liga-espanola-baloncesto","tag-liga-femenina","tag-marcadores-baloncesto","tag-rankings","tag-reglas-baloncesto","tag-seleccion-baloncesto","tag-spain","tag-sports","tag-supercopa","tag-television-baloncesto"],"share_on_mastodon":{"url":"https:\/\/pubeurope.com\/@es\/116797523081368075","error":""},"_links":{"self":[{"href":"https:\/\/www.europesays.com\/es\/wp-json\/wp\/v2\/posts\/621464","targetHints":{"allow":["GET"]}}],"collection":[{"href":"https:\/\/www.europesays.com\/es\/wp-json\/wp\/v2\/posts"}],"about":[{"href":"https:\/\/www.europesays.com\/es\/wp-json\/wp\/v2\/types\/post"}],"author":[{"embeddable":true,"href":"https:\/\/www.europesays.com\/es\/wp-json\/wp\/v2\/users\/2"}],"replies":[{"embeddable":true,"href":"https:\/\/www.europesays.com\/es\/wp-json\/wp\/v2\/comments?post=621464"}],"version-history":[{"count":0,"href":"https:\/\/www.europesays.com\/es\/wp-json\/wp\/v2\/posts\/621464\/revisions"}],"wp:featuredmedia":[{"embeddable":true,"href":"https:\/\/www.europesays.com\/es\/wp-json\/wp\/v2\/media\/621465"}],"wp:attachment":[{"href":"https:\/\/www.europesays.com\/es\/wp-json\/wp\/v2\/media?parent=621464"}],"wp:term":[{"taxonomy":"category","embeddable":true,"href":"https:\/\/www.europesays.com\/es\/wp-json\/wp\/v2\/categories?post=621464"},{"taxonomy":"post_tag","embeddable":true,"href":"https:\/\/www.europesays.com\/es\/wp-json\/wp\/v2\/tags?post=621464"}],"curies":[{"name":"wp","href":"https:\/\/api.w.org\/{rel}","templated":true}]}}