{"id":621770,"date":"2026-06-23T08:25:12","date_gmt":"2026-06-23T08:25:12","guid":{"rendered":"https:\/\/www.europesays.com\/es\/621770\/"},"modified":"2026-06-23T08:25:12","modified_gmt":"2026-06-23T08:25:12","slug":"begona-gomez-tendra-que-entregar-su-pasaporte-al-margen-de-una-posible-sancion-a-peinado","status":"publish","type":"post","link":"https:\/\/www.europesays.com\/es\/621770\/","title":{"rendered":"Bego\u00f1a G\u00f3mez tendr\u00e1 que entregar su pasaporte al margen de una posible sanci\u00f3n a Peinado"},"content":{"rendered":"<p style=\"\">La mujer del presidente del Gobierno, <a href=\"https:\/\/www.abc.es\/espana\/juez-peinado-cita-begona-gomez-miercoles-entregue-20260622101158-nt.html\" target=\"_self\" data-voc-vtm-id=\"in-text-traffic\" title=\"Bego\u00f1a G\u00f3mez\" data-mrf-link=\"www.abc.es\" rel=\"nofollow noopener\">Bego\u00f1a G\u00f3mez<\/a>, deber\u00e1 entregar su pasaporte en el juzgado este mi\u00e9rcoles con independencia de la decisi\u00f3n que ha tomado el Consejo General del Poder Judicial (CGPJ) respecto al juez Juan Carlos Peinado. La posible sanci\u00f3n contra el magistrado  &#8230; a la que dio luz verde este lunes la Comisi\u00f3n Permanente \u2014dejando en manos del Promotor de la Acci\u00f3n Disciplinaria la apertura de un expediente por una falta grave\u2014 es una v\u00eda distinta a la jurisdiccional. La Audiencia Provincial de Madrid es <strong>el \u00fanico tribunal que puede revocar<\/strong> el auto del instructor en el que lanz\u00f3 una sombra de duda sobre la actuaci\u00f3n de los escoltas de G\u00f3mez ante una hipot\u00e9tico plan de fuga.<\/p>\n<p class=\"v-d-p\" style=\"\">De esta forma las medidas cautelares adoptadas contra la mujer de S\u00e1nchez seguir\u00e1n su curso igual y s\u00f3lo podr\u00edan ser revertidas si la Audiencia de Madrid estima el recurso de apelaci\u00f3n de la defensa de G\u00f3mez frente a esta retirada de<strong> pasaporte<\/strong>, las <strong>comparecencias quincenales<\/strong> y la prohibici\u00f3n de salir de Espa\u00f1a, algo que no har\u00e1 de manera inmediata. No se trata adem\u00e1s de un recurso que haya que priorizar teniendo en cuenta que esas medidas cautelares no afectan a la libertad de la acusada de una forma tan gravosa como podr\u00eda ser una prisi\u00f3n preventiva. La Audiencia de Madrid tiene adem\u00e1s sobre la mesa otros recursos del caso Bego\u00f1a pendientes de resolver. <\/p>\n<p class=\"v-d-p\" style=\"\">Entretanto, el asunto disciplinario contra el juez seguir\u00e1 su curso en el CGPJ, donde por una<strong> ajustad\u00edsima mayor\u00eda,<\/strong> solo rota por el voto de calidad de la presidenta, Isabel Perell\u00f3, se decidi\u00f3 este lunes trasladar al Promotor de la Acci\u00f3n Disciplinaria el auto para que estudie si los hechos pueden ser constitutivos de una falta grave de consideraci\u00f3n del art\u00edculo 418.5 de la Ley Org\u00e1nica del Poder Judicial (LOPJ). Este precepto castiga \u00abla falta de consideraci\u00f3n grave respecto de los ciudadanos, de las instituciones, de los jueces y magistrados, de los fiscales, de los secretarios judiciales, de los m\u00e9dicos forenses o de los dem\u00e1s funcionarios o personal que preste servicio en la oficina judicial o de los abogados y procuradores, graduados sociales y funcionarios de la Polic\u00eda Judicial\u00bb. <\/p>\n<ul class=\"v-cmp-rld__u\">\n<li class=\"v-cmp-rld__l\">\n<p><a class=\"v-a-lnk\" href=\"http:\/\/www.abc.es\/espana\/juez-peinado-cita-begona-gomez-miercoles-entregue-20260622101158-nt.html#vtm_modulosEngag=noticiasrelacionadas-cmp-uno:espana:noticia:1\" title=\"El juez cita a Bego\u00f1a G\u00f3mez el mi\u00e9rcoles para que entregue su pasaporte\" data-voc-vtm-id=\"in-text-traffic\" rel=\"nofollow noopener\" target=\"_blank\"><br \/>\n<img decoding=\"async\" loading=\"lazy\" src=\"https:\/\/www.europesays.com\/es\/wp-content\/uploads\/2026\/06\/1507452688 (1)-kiLI--366x256@diario_abc.jpg\" class=\"v-a-img\" width=\"258\" height=\"180\" alt=\"El juez cita a Bego\u00f1a G\u00f3mez el mi\u00e9rcoles para que entregue su pasaporte\"\/><br \/>\n<\/a><\/p>\n<\/li>\n<\/ul>\n<p class=\"v-d-p\" style=\"\">El hecho de que se remita el asunto a la figura del promotor, labor que desempe\u00f1a ya desde el anterior CGPJ Ricardo Conde, no significa que necesariamente \u00e9ste vaya a proponer una sanci\u00f3n. Primero, tras analizar exhaustivamente el auto y las alegaciones que se pidan al interesado, Conde tendr\u00e1 sobre la mesa dos opciones: el archivo de las diligencias informativas (si considera que las palabras de Peinado no revisten la entidad suficiente para ser sancionadas) o la<strong> apertura de un expediente<\/strong> disciplinario que acabar\u00eda con una propuesta de sanci\u00f3n. <\/p>\n<p class=\"v-a-t\">\nTras analizar el auto y las alegaciones que se pidan al interesado, el Promotor de la Acci\u00f3n Disciplinaria tiene dos opciones: archivar o abrir expediente disciplinario\n<\/p>\n<p class=\"v-d-p\" style=\"\">Teniendo en cuenta que el Promotor de la Acci\u00f3n Disciplinaria no cuenta con un plazo estricto de d\u00edas y puede practicar cuantas diligencias considere necesarias, podr\u00eda darse el caso de que un eventual expediente disciplinario se solape directamente con la fecha de jubilaci\u00f3n del juez: a finales del pr\u00f3ximo mes de septiembre. <\/p>\n<p>\nMulta o suspensi\u00f3n\n<\/p>\n<p class=\"v-d-p\" style=\"\">Si Conde propusiera una sanci\u00f3n, esta se enmarcar\u00eda en lo previsto en el art\u00edculo 420.2 de la LOPJ. De acuerdo con este precepto legal, las faltas graves solo pueden ser sancionadas mediante dos v\u00edas: la multa, que oscila entre los 501 y los 6.000 euros; y la suspensi\u00f3n de funciones por un per\u00edodo de hasta tres a\u00f1os. <\/p>\n<p class=\"v-d-p\" style=\"\">Hecha esta propuesta es la Comisi\u00f3n Disciplinaria del CGPJ la que tendr\u00eda la \u00faltima palabra. Los vocales que la integran decidir\u00edan si acogen la propuesta de sanci\u00f3n, modifican la gravedad de la pena u ordenan el archivo. o si proponen el archivo.<\/p>\n<p class=\"v-d-p\" style=\"\">De momento la divisi\u00f3n se cierne sobre el CGPJ, pues la mitad de la Comisi\u00f3n Permanente ha dejado claro en un voto particular que el \u00f3rgano de gobierno de los jueces no puede actuar sobre el contenido de un auto judicial. Los cuatro vocales que se quedaron en minor\u00eda entienden que en esa resoluci\u00f3n \u00abel magistrado est\u00e1 explicando los motivos por los que \u00e9l entiende que procede su decisi\u00f3n de adoptar medidas cautelares. Esa decisi\u00f3n es estrictamente jurisdiccional y <strong>revisable \u00fanicamente por la v\u00eda ordinaria<\/strong> de los recursos que caben contra ella, sede natural en la que puede apreciarse una eventual ausencia, insuficiencia o desacierto de la motivaci\u00f3n\u00bb. En este sentido es a la Audiencia Provincial de Madrid a quien corresponde revocar, en su caso, la decisi\u00f3n de retirarle el pasaporte y valorar si ese motivo en el que Peinado se basa para decidir (su desconfianza hacia los escoltas) est\u00e1 o no fundado. <\/p>\n<p class=\"v-d-p\" style=\"\">Los vocales apelan a la doctrina de la Sala Tercera del Supremo para recordar que \u00ab(&#8230;) la sanci\u00f3n gubernativa es posible siempre que con ella no se limite o coaccione el ejercicio independiente de la funci\u00f3n jurisdiccional, no incidiendo en las valoraciones jur\u00eddicas que determinan la resoluci\u00f3n o el fallo, ni en dicha resoluci\u00f3n o fallo, que s\u00f3lo pueden ser corregidos por medio de los recursos jurisdiccionales&#8230;\u00bb. A modo de ejemplo en otra sentencia de febrero de 2003 el Supremo sentenci\u00f3 que la sanci\u00f3n gubernativa es posible \u00absiempre que con ella no se limite o coaccione el ejercicio independiente de la funci\u00f3n jurisdiccional, no incidiendo en las valoraciones que, en su conjunto, determinan la resoluci\u00f3n o el fallo, ni en dicha resoluci\u00f3n o fallo, que s\u00f3lo pueden ser corregidos por medio de los recursos jurisdiccionales\u00bb.<\/p>\n<p class=\"v-a-t\">\nBego\u00f1a G\u00f3mez tendr\u00e1 que cumplir con las medidas cautelares hasta que la Audiencia de Madrid resuelva el recurso presentado contra el auto\n<\/p>\n<p class=\"v-d-p\" style=\"\">De momento Bego\u00f1a G\u00f3mez y su asistente, Cristina \u00c1lvarez, deber\u00e1n acudir a la citaci\u00f3n de Peinado a las 18.00 horas del mi\u00e9rcoles, el mismo d\u00eda en el que comparece Pedro S\u00e1nchez ante el Congreso de los Diputados para responder sobre los \u00faltimos casos de corrupci\u00f3n que han trascendido y que afectan al expresidente del Gobierno Jos\u00e9 Luis Rodr\u00edguez Zapatero y a los investigados de la trama de las cloacas. <\/p>\n<p class=\"v-d-p\" style=\"\">En la providencia notificada este lunes, el juez avisa a las defensas de ambas para que ese d\u00eda se personen para notificarles y requerirles el pasaporte expedido a su nombre. Tambi\u00e9n advierte que deben comunicar si cuentan con alg\u00fan pasaporte adicional al espa\u00f1ol, como pudiera ser un pasaporte diplom\u00e1tico o de otra nacionalidad.<\/p>\n","protected":false},"excerpt":{"rendered":"La mujer del presidente del Gobierno, Bego\u00f1a G\u00f3mez, deber\u00e1 entregar su pasaporte en el juzgado este mi\u00e9rcoles con&hellip;\n","protected":false},"author":2,"featured_media":621771,"comment_status":"","ping_status":"","sticky":false,"template":"","format":"standard","meta":{"footnotes":""},"categories":[8],"tags":[7421,17,18,4867,11320,25,24,13,14,4190,11,19,20,29401,9,10,15,16,55453,24182,2397,18800,23,12,21,22],"class_list":["post-621770","post","type-post","status-publish","format-standard","has-post-thumbnail","category-espana","tag-begona","tag-breaking-news","tag-breakingnews","tag-cgpj","tag-entregar","tag-es","tag-espana","tag-featured-news","tag-featurednews","tag-gomez","tag-headlines","tag-latest-news","tag-latestnews","tag-margen","tag-news","tag-noticias","tag-noticias-destacadas","tag-noticiasdestacadas","tag-pasaporte","tag-peinado","tag-posible","tag-sancion","tag-spain","tag-titulares","tag-ultimas-noticias","tag-ultimasnoticias"],"share_on_mastodon":{"url":"https:\/\/pubeurope.com\/@es\/116798471426935576","error":""},"_links":{"self":[{"href":"https:\/\/www.europesays.com\/es\/wp-json\/wp\/v2\/posts\/621770","targetHints":{"allow":["GET"]}}],"collection":[{"href":"https:\/\/www.europesays.com\/es\/wp-json\/wp\/v2\/posts"}],"about":[{"href":"https:\/\/www.europesays.com\/es\/wp-json\/wp\/v2\/types\/post"}],"author":[{"embeddable":true,"href":"https:\/\/www.europesays.com\/es\/wp-json\/wp\/v2\/users\/2"}],"replies":[{"embeddable":true,"href":"https:\/\/www.europesays.com\/es\/wp-json\/wp\/v2\/comments?post=621770"}],"version-history":[{"count":0,"href":"https:\/\/www.europesays.com\/es\/wp-json\/wp\/v2\/posts\/621770\/revisions"}],"wp:featuredmedia":[{"embeddable":true,"href":"https:\/\/www.europesays.com\/es\/wp-json\/wp\/v2\/media\/621771"}],"wp:attachment":[{"href":"https:\/\/www.europesays.com\/es\/wp-json\/wp\/v2\/media?parent=621770"}],"wp:term":[{"taxonomy":"category","embeddable":true,"href":"https:\/\/www.europesays.com\/es\/wp-json\/wp\/v2\/categories?post=621770"},{"taxonomy":"post_tag","embeddable":true,"href":"https:\/\/www.europesays.com\/es\/wp-json\/wp\/v2\/tags?post=621770"}],"curies":[{"name":"wp","href":"https:\/\/api.w.org\/{rel}","templated":true}]}}