{"id":621792,"date":"2026-06-23T08:45:14","date_gmt":"2026-06-23T08:45:14","guid":{"rendered":"https:\/\/www.europesays.com\/es\/621792\/"},"modified":"2026-06-23T08:45:14","modified_gmt":"2026-06-23T08:45:14","slug":"un-eclipse-ayudo-a-demostrar-que-einstein-tenia-razon-en-sus-teorias-un-fenomeno-con-calado-social-y-cultural","status":"publish","type":"post","link":"https:\/\/www.europesays.com\/es\/621792\/","title":{"rendered":"Un eclipse ayud\u00f3 a demostrar que Einstein ten\u00eda raz\u00f3n en sus teor\u00edas: un fen\u00f3meno con calado social y cultural"},"content":{"rendered":"<p class=\"wp-block-paragraph\">Cuando el pr\u00f3ximo 12 de agosto de 2026 la Luna cubra por completo el Sol sobre parte de Espa\u00f1a, millones de personas dirigir\u00e1n la vista al cielo para contemplar uno de los espect\u00e1culos m\u00e1s extraordinarios de la naturaleza. <strong>Durante unos minutos el d\u00eda se convertir\u00e1 en noche, las temperaturas descender\u00e1n, los animales alterar\u00e1n su comportamiento y la corona solar aparecer\u00e1 suspendida sobre el horizonte<\/strong> como una imagen casi irreal.<\/p>\n<p><a href=\"https:\/\/novaciencia.es\/wp-content\/uploads\/2026\/06\/eclipse-solar-2024-mexico.jpg\" rel=\"nofollow noopener\" target=\"_blank\"><img fetchpriority=\"high\" decoding=\"async\" width=\"1024\" height=\"551\" src=\"https:\/\/www.europesays.com\/es\/wp-content\/uploads\/2026\/06\/eclipse-solar-2024-mexico-1024x551.jpg\" alt=\"\" class=\"wp-image-254856\"  \/><\/a>Imagen del eclipse solar de 2024 observado desde M\u00e9jico.<\/p>\n<p class=\"wp-block-paragraph\">Sin embargo, <strong>los eclipses nunca han sido solo fen\u00f3menos astron\u00f3micos<\/strong>. A lo largo de la historia han provocado miedo, fascinaci\u00f3n y asombro. Han sido interpretados como <strong>presagios divinos, se\u00f1ales de cambio o manifestaciones sobrenaturales<\/strong>. Tambi\u00e9n han servido para responder algunas de las preguntas m\u00e1s profundas de la ciencia. De hecho, uno de ellos contribuy\u00f3 a demostrar que la visi\u00f3n del universo propuesta por Albert Einstein era correcta.<\/p>\n<p class=\"wp-block-paragraph\">Esa fue una de las ideas centrales que sobrevol\u00f3 el curso <strong>El eclipse total de Sol de 2026: ciencia, historia y sociedad<\/strong>, organizado por la UNED en Segovia, del 19 al 21 de mayo. Lejos de limitarse a explicar c\u00f3mo observar el fen\u00f3meno del pr\u00f3ximo verano, los especialistas reunidos abordaron el impacto que los eclipses han tenido en la cultura, la historia y el desarrollo del conocimiento cient\u00edfico.<\/p>\n<p>El eclipse que cambi\u00f3 la historia de la f\u00edsica<\/p>\n<p class=\"wp-block-paragraph\">Uno de los episodios m\u00e1s fascinantes recordados durante las jornadas fue el <a href=\"https:\/\/es.wikipedia.org\/wiki\/Eclipse_solar_del_29_de_mayo_de_1919\" target=\"_blank\" rel=\"noreferrer noopener nofollow\">eclipse total de Sol de 1919<\/a>. Aquel acontecimiento permiti\u00f3 <strong>poner a prueba una de las predicciones m\u00e1s audaces de la Teor\u00eda General de la Relatividad<\/strong> formulada por Albert Einstein. <\/p>\n<p class=\"wp-block-paragraph\">Seg\u00fan explic\u00f3 en el encuentro de la UNED, Juan Luis Garc\u00eda Hourcade, catedr\u00e1tico de Instituto y acad\u00e9mico de San Quirce, la teor\u00eda sosten\u00eda que la gravedad no era simplemente una fuerza, sino una deformaci\u00f3n del espacio y el tiempo causada por la masa. Si Einstein estaba en lo cierto, la enorme masa del Sol deb\u00eda curvar la trayectoria de la luz procedente de estrellas lejanas. El problema era que, en condiciones normales, el brillo solar imped\u00eda observarlas.<\/p>\n<p class=\"wp-block-paragraph\">Un eclipse total resolv\u00eda ese inconveniente. Durante unos minutos, <strong>la desaparici\u00f3n de la luz del Sol permiti\u00f3 fotografiar estrellas situadas aparentemente junto a su borde<\/strong>. Las im\u00e1genes obtenidas mostraron que la luz llegaba desviada exactamente en la direcci\u00f3n prevista por Einstein.<\/p>\n<p class=\"wp-block-paragraph\">Aquella observaci\u00f3n dio la vuelta al mundo. La prensa present\u00f3 al f\u00edsico alem\u00e1n como el hombre que hab\u00eda transformado nuestra comprensi\u00f3n del cosmos y convirti\u00f3 un fen\u00f3meno que durante siglos hab\u00eda alimentado leyendas en una herramienta para revolucionar la ciencia moderna.<\/p>\n<p>Mucho m\u00e1s que astronom\u00eda<\/p>\n<p class=\"wp-block-paragraph\">Los eclipses tambi\u00e9n han dejado una profunda huella cultural. Juan Manuel Moreno Yuste, acad\u00e9mico de n\u00famero de la Real Academia de Historia y Arte de San Quirce, explic\u00f3 que civilizaciones de todos los continentes trataron de explicar por qu\u00e9 el Sol desaparec\u00eda repentinamente en pleno d\u00eda. En algunas culturas se atribu\u00eda a criaturas mitol\u00f3gicas que devoraban el astro; en otras, se interpretaba como una advertencia de los dioses o como un anuncio de acontecimientos trascendentales.<\/p>\n<p class=\"wp-block-paragraph\">La capacidad de predecir estos fen\u00f3menos lleg\u00f3 a convertirse en una demostraci\u00f3n de poder y conocimiento. Astr\u00f3nomos, sacerdotes y gobernantes comprendieron pronto que anticipar la llegada de un eclipse pod\u00eda reforzar su autoridad ante una poblaci\u00f3n incapaz de entender qu\u00e9 estaba ocurriendo en el cielo.<\/p>\n<p class=\"wp-block-paragraph\">Por eso los eclipses ocupan un lugar singular en la historia de la humanidad. Son fen\u00f3menos naturales, pero tambi\u00e9n acontecimientos sociales capaces de alterar comportamientos colectivos y generar relatos que sobreviven durante generaciones.<\/p>\n<p>Segovia y una espera de m\u00e1s de un siglo<\/p>\n<p class=\"wp-block-paragraph\">La proximidad del eclipse de 2026 ha devuelto adem\u00e1s la mirada hacia otro episodio poco conocido: el eclipse total de 1905, el \u00faltimo visible en Segovia antes del que llegar\u00e1 el pr\u00f3ximo verano.<\/p>\n<p class=\"wp-block-paragraph\">Durante el curso se record\u00f3 c\u00f3mo aquel acontecimiento moviliz\u00f3 a cient\u00edficos e intelectuales que vieron en la ciudad un observatorio privilegiado desde el que estudiar el fen\u00f3meno. M\u00e1s de un siglo despu\u00e9s, la historia parece repetirse.<\/p>\n<p class=\"wp-block-paragraph\">Las previsiones sit\u00faan de nuevo a Segovia entre los lugares m\u00e1s favorables para contemplar la totalidad, una circunstancia que est\u00e1 despertando un creciente inter\u00e9s entre aficionados a la astronom\u00eda, fot\u00f3grafos y viajeros atra\u00eddos por el llamado turismo astron\u00f3mico.<\/p>\n<p>Una experiencia que ninguna fotograf\u00eda puede reproducir<\/p>\n<p class=\"wp-block-paragraph\">Los especialistas coincidieron en una idea que suele repetirse entre quienes han presenciado un eclipse total: las im\u00e1genes nunca consiguen transmitir lo que ocurre realmente.<\/p>\n<p class=\"wp-block-paragraph\">La oscuridad repentina, el silencio, la aparici\u00f3n de la corona solar y la conciencia de estar observando un fen\u00f3meno extremadamente raro generan una experiencia dif\u00edcil de comparar con cualquier otro acontecimiento natural.<\/p>\n<p class=\"wp-block-paragraph\">Por eso, mientras Espa\u00f1a se prepara para recibir uno de los eventos astron\u00f3micos m\u00e1s importantes del siglo, los expertos insisten en que el eclipse del 12 de agosto de 2026 no ser\u00e1 \u00fanicamente una oportunidad para mirar al cielo. Tambi\u00e9n ser\u00e1 una ocasi\u00f3n para recordar c\u00f3mo un fen\u00f3meno capaz de despertar mitos, inspirar culturas y confirmar las teor\u00edas de Einstein sigue provocando hoy el mismo asombro que hace cientos de a\u00f1os.<\/p>\n<p>C\u00f3mo prepararse para ver el eclipse de forma segura<\/p>\n<p class=\"wp-block-paragraph\">Carlos Gonz\u00e1lez Aznar, divulgador de Astronom\u00eda Cercana, explic\u00f3 las claves para observar el eclipse solar con seguridad y aprovechar al m\u00e1ximo una experiencia que muchos especialistas califican como irrepetible.<\/p>\n<p class=\"wp-block-paragraph\">La observaci\u00f3n de un eclipse total requiere planificaci\u00f3n y medidas de protecci\u00f3n adecuadas para evitar da\u00f1os oculares. Por ello, los expertos insisten en la importancia de utilizar filtros homologados y conocer con antelaci\u00f3n las condiciones de observaci\u00f3n del lugar elegido.<\/p>\n","protected":false},"excerpt":{"rendered":"Cuando el pr\u00f3ximo 12 de agosto de 2026 la Luna cubra por completo el Sol sobre parte de&hellip;\n","protected":false},"author":2,"featured_media":621793,"comment_status":"","ping_status":"","sticky":false,"template":"","format":"standard","meta":{"footnotes":""},"categories":[81],"tags":[119,123,124,25,24,338,117,121,122,23,118,120,10481],"class_list":["post-621792","post","type-post","status-publish","format-standard","has-post-thumbnail","category-ciencia-y-tecnologia","tag-ciencia","tag-ciencia-y-tecnologia","tag-cienciaytecnologia","tag-es","tag-espana","tag-portada","tag-science","tag-science-and-technology","tag-scienceandtechnology","tag-spain","tag-technology","tag-tecnologia","tag-uned"],"share_on_mastodon":{"url":"https:\/\/pubeurope.com\/@es\/116798549972839351","error":""},"_links":{"self":[{"href":"https:\/\/www.europesays.com\/es\/wp-json\/wp\/v2\/posts\/621792","targetHints":{"allow":["GET"]}}],"collection":[{"href":"https:\/\/www.europesays.com\/es\/wp-json\/wp\/v2\/posts"}],"about":[{"href":"https:\/\/www.europesays.com\/es\/wp-json\/wp\/v2\/types\/post"}],"author":[{"embeddable":true,"href":"https:\/\/www.europesays.com\/es\/wp-json\/wp\/v2\/users\/2"}],"replies":[{"embeddable":true,"href":"https:\/\/www.europesays.com\/es\/wp-json\/wp\/v2\/comments?post=621792"}],"version-history":[{"count":0,"href":"https:\/\/www.europesays.com\/es\/wp-json\/wp\/v2\/posts\/621792\/revisions"}],"wp:featuredmedia":[{"embeddable":true,"href":"https:\/\/www.europesays.com\/es\/wp-json\/wp\/v2\/media\/621793"}],"wp:attachment":[{"href":"https:\/\/www.europesays.com\/es\/wp-json\/wp\/v2\/media?parent=621792"}],"wp:term":[{"taxonomy":"category","embeddable":true,"href":"https:\/\/www.europesays.com\/es\/wp-json\/wp\/v2\/categories?post=621792"},{"taxonomy":"post_tag","embeddable":true,"href":"https:\/\/www.europesays.com\/es\/wp-json\/wp\/v2\/tags?post=621792"}],"curies":[{"name":"wp","href":"https:\/\/api.w.org\/{rel}","templated":true}]}}