{"id":621942,"date":"2026-06-23T10:41:11","date_gmt":"2026-06-23T10:41:11","guid":{"rendered":"https:\/\/www.europesays.com\/es\/621942\/"},"modified":"2026-06-23T10:41:11","modified_gmt":"2026-06-23T10:41:11","slug":"la-importancia-de-aumentar-los-controles-de-presion-arterial-ante-el-aumento-de-las-temperaturas","status":"publish","type":"post","link":"https:\/\/www.europesays.com\/es\/621942\/","title":{"rendered":"La importancia de aumentar los controles de presi\u00f3n arterial ante el aumento de las temperaturas"},"content":{"rendered":"<p class=\"ft-text\">La llegada de las altas temperaturas obliga a prestar especial atenci\u00f3n al control de la presi\u00f3n arterial, especialmente en las\u00a0<strong>personas con hipertensi\u00f3n que reciben tratamiento farmacol\u00f3gico<\/strong>. \u00abAunque el calor suele asociarse principalmente al riesgo de deshidrataci\u00f3n, tambi\u00e9n\u00a0<strong>puede provocar descensos significativos de la presi\u00f3n arterial que, en algunos casos, requieren una revisi\u00f3n y ajuste de la medicaci\u00f3n antihipertensiva<\/strong>\u00ab, avanza el\u00a0<a class=\"ft-link ft-link--decoration\" href=\"https:\/\/www.quironsalud.com\/malaga\/es\/cuadro-medico\/francisco-miguel-amaral-neiva\" target=\"_blank\" rel=\"nofollow noopener\">doctor Francisco Amaral<\/a>, jefe del Servicio de\u00a0<strong>Nefrolog\u00eda\u00a0<\/strong>del\u00a0<a class=\"ft-link ft-link--decoration\" href=\"https:\/\/www.quironsalud.com\/malaga\" target=\"_blank\" rel=\"nofollow noopener\">Hospital Quir\u00f3nsalud M\u00e1laga<\/a>\u00a0y especialista del\u00a0<a class=\"ft-link ft-link--decoration\" href=\"https:\/\/www.quironsalud.com\/cordoba\" rel=\"nofollow noopener\" target=\"_blank\"><strong>Hospital Quir\u00f3nsalud C\u00f3rdoba<\/strong><\/a><strong>.<\/strong><\/p>\n<p class=\"ft-text\">La hipertensi\u00f3n arterial\u00a0<strong>es uno de los principales factores de riesgo cardiovascular\u00a0<\/strong>y, junto con la hipercolesterolemia y la diabetes mellitus, est\u00e1 relacionada con una gran parte de las enfermedades cardiovasculares que constituyen una de las principales causas de mortalidad en el mundo. A estos factores se suman otros igualmente relevantes como el tabaquismo, el sedentarismo y la obesidad.<\/p>\n<p class=\"ft-text\">Uno de los principales problemas de la hipertensi\u00f3n es que se trata de una enfermedad silenciosa.\u00a0<strong>No suele producir s\u00edntomas hasta fases avanzadas<\/strong>, por lo que su detecci\u00f3n y control requieren una vigilancia activa mediante controles peri\u00f3dicos de la presi\u00f3n arterial y revisiones m\u00e9dicas regulares.<\/p>\n<p class=\"ft-text\">\u00abEl error m\u00e1s frecuente es pensar que, porque la tensi\u00f3n arterial estuvo bien controlada en el pasado con un determinado tratamiento, seguir\u00e1 est\u00e1ndolo siempre.\u00a0<strong>La presi\u00f3n arterial es un valor din\u00e1mico<\/strong>\u00a0que cambia con la edad, el peso, la actividad f\u00edsica, el estr\u00e9s, las enfermedades asociadas e incluso con las condiciones clim\u00e1ticas;\u00a0<strong>de ah\u00ed la importancia de controlarla con regularidad<\/strong>\u00ab, explica el <strong>doctor Amaral Neiva<\/strong>.<\/p>\n<p class=\"ft-text\">Seg\u00fan el nefr\u00f3logo, \u00abel calor provoca una vasodilataci\u00f3n fisiol\u00f3gica que ayuda al organismo a disipar la temperatura corporal. Este mecanismo, unido al aumento de la sudoraci\u00f3n,\u00a0<strong>favorece un descenso de la presi\u00f3n arterial\u00bb, que puede ser especialmente relevante en personas que ya reciben medicaci\u00f3n para controlar la hipertensi\u00f3n<\/strong>.<\/p>\n<p class=\"ft-text\">\u00abEl verano puede hacer que algunos pacientes pasen de tener una tensi\u00f3n correctamente controlada a presentar cifras excesivamente bajas. Esto\u00a0<strong>aumenta el riesgo de mareos, debilidad, ca\u00eddas o incluso p\u00e9rdidas de conocimiento, especialmente en personas mayores, pacientes fr\u00e1giles o aquellos que toman varios f\u00e1rmacos antihipertensivos<\/strong>\u00ab, se\u00f1ala el doctor Amaral.<\/p>\n<p class=\"ft-text\">Adem\u00e1s, la p\u00e9rdida de l\u00edquidos por el sudor incrementa el riesgo de deshidrataci\u00f3n y puede comprometer la funci\u00f3n renal, especialmente en personas con enfermedad renal cr\u00f3nica o insuficiencia cardiaca.<\/p>\n<p class=\"ft-text\">\u00abLa deshidrataci\u00f3n reduce el volumen de sangre circulante y puede provocar una ca\u00edda adicional de la presi\u00f3n arterial. En determinados pacientes esto puede traducirse en un deterioro de la funci\u00f3n renal que, si no se detecta a tiempo, puede tener consecuencias importantes\u00bb, a\u00f1ade.<\/p>\n<p>\u00bfDebe suspenderse la medicaci\u00f3n antihipertensiva durante el verano?<\/p>\n<p class=\"ft-text\">Los especialistas insisten en que la respuesta es clara: no. El tratamiento nunca debe suspenderse por iniciativa propia, aunque s\u00ed puede requerir ajustes individualizados bajo supervisi\u00f3n m\u00e9dica.<\/p>\n<p class=\"ft-text\">\u00abEl objetivo sigue siendo mantener unas cifras de presi\u00f3n arterial adecuadas, habitualmente en torno a 120\/70 mmHg. Hay pacientes que apenas notan cambios durante el verano y no necesitan modificar nada, mientras que otros presentan descensos significativos que obligan a reducir dosis o reajustar el tratamiento.\u00a0<strong>Lo importante es adaptar la medicaci\u00f3n a cada situaci\u00f3n cl\u00ednica<\/strong>\u00ab, explica el doctor Amaral Neiva.<\/p>\n<p class=\"ft-text\">En este sentido, recuerda que cualquier modificaci\u00f3n del tratamiento debe realizarse teniendo en cuenta factores como la edad del paciente, la funci\u00f3n renal, las enfermedades asociadas, el tipo de medicaci\u00f3n prescrita y las cifras habituales de presi\u00f3n arterial.<\/p>\n<p class=\"ft-text\"><strong>Los especialistas recomiendan \u00abaumentar la frecuencia de los controles de presi\u00f3n arterial durante los meses de verano<\/strong>, especialmente cuando se producen cambios bruscos de temperatura o aparecen s\u00edntomas como mareos, debilidad o sensaci\u00f3n de inestabilidad\u00bb.<\/p>\n<p class=\"ft-text\">Asimismo, aconsejan consultar con el m\u00e9dico si se registran de forma persistente cifras inferiores a 110\/60 mmHg o si aparecen s\u00edntomas compatibles con una bajada excesiva de tensi\u00f3n.<\/p>\n<p class=\"ft-text\">Junto a ello, resulta fundamental evitar la exposici\u00f3n prolongada al sol durante las horas centrales del d\u00eda, protegerse de las temperaturas extremas y mantener una hidrataci\u00f3n adecuada.<\/p>\n<p class=\"ft-text\">\u00abLa hipertensi\u00f3n sigue siendo una enfermedad silenciosa durante todo el a\u00f1o. Tanto las cifras excesivamente altas como las demasiado bajas pueden pasar desapercibidas hasta que aparecen complicaciones importantes. Por eso la mejor estrategia sigue siendo la prevenci\u00f3n, la monitorizaci\u00f3n peri\u00f3dica y el seguimiento m\u00e9dico\u00bb, concluye el nefr\u00f3logo Francisco Amaral.<\/p>\n","protected":false},"excerpt":{"rendered":"La llegada de las altas temperaturas obliga a prestar especial atenci\u00f3n al control de la presi\u00f3n arterial, especialmente&hellip;\n","protected":false},"author":2,"featured_media":621943,"comment_status":"","ping_status":"","sticky":false,"template":"","format":"standard","meta":{"footnotes":""},"categories":[92],"tags":[11669,29149,6209,13692,2308,2996,25,24,165,8833,1817,3073,166,23,6195,1793],"class_list":["post-621942","post","type-post","status-publish","format-standard","has-post-thumbnail","category-salud","tag-amaral","tag-arterial","tag-aumentar","tag-controles","tag-empresas","tag-enfermedad","tag-es","tag-espana","tag-health","tag-importancia","tag-pacientes","tag-presion","tag-salud","tag-spain","tag-temperaturas","tag-verano"],"share_on_mastodon":{"url":"https:\/\/pubeurope.com\/@es\/116799005542536170","error":""},"_links":{"self":[{"href":"https:\/\/www.europesays.com\/es\/wp-json\/wp\/v2\/posts\/621942","targetHints":{"allow":["GET"]}}],"collection":[{"href":"https:\/\/www.europesays.com\/es\/wp-json\/wp\/v2\/posts"}],"about":[{"href":"https:\/\/www.europesays.com\/es\/wp-json\/wp\/v2\/types\/post"}],"author":[{"embeddable":true,"href":"https:\/\/www.europesays.com\/es\/wp-json\/wp\/v2\/users\/2"}],"replies":[{"embeddable":true,"href":"https:\/\/www.europesays.com\/es\/wp-json\/wp\/v2\/comments?post=621942"}],"version-history":[{"count":0,"href":"https:\/\/www.europesays.com\/es\/wp-json\/wp\/v2\/posts\/621942\/revisions"}],"wp:featuredmedia":[{"embeddable":true,"href":"https:\/\/www.europesays.com\/es\/wp-json\/wp\/v2\/media\/621943"}],"wp:attachment":[{"href":"https:\/\/www.europesays.com\/es\/wp-json\/wp\/v2\/media?parent=621942"}],"wp:term":[{"taxonomy":"category","embeddable":true,"href":"https:\/\/www.europesays.com\/es\/wp-json\/wp\/v2\/categories?post=621942"},{"taxonomy":"post_tag","embeddable":true,"href":"https:\/\/www.europesays.com\/es\/wp-json\/wp\/v2\/tags?post=621942"}],"curies":[{"name":"wp","href":"https:\/\/api.w.org\/{rel}","templated":true}]}}