{"id":621954,"date":"2026-06-23T10:47:10","date_gmt":"2026-06-23T10:47:10","guid":{"rendered":"https:\/\/www.europesays.com\/es\/621954\/"},"modified":"2026-06-23T10:47:10","modified_gmt":"2026-06-23T10:47:10","slug":"mostoles-se-ilumina-de-morado-por-el-sindrome-de-dravet","status":"publish","type":"post","link":"https:\/\/www.europesays.com\/es\/621954\/","title":{"rendered":"M\u00f3stoles se ilumina de morado por el S\u00edndrome de Dravet"},"content":{"rendered":"<p>Noticia<\/p>\n<p>Fecha de publicaci\u00f3n: 23 de junio de 2026<\/p>\n<ul>\n<li><strong>Con esta iniciativa, el Ayuntamiento de M\u00f3stoles apoya a la campa\u00f1a de la Fundaci\u00f3n S\u00edndrome de Dravet para concienciar sobre una patolog\u00eda que afecta aproximadamente a 1 de cada 16.000 nacimientos.<\/strong><\/li>\n<li><strong>El s\u00edndrome de Dravet se caracteriza por crisis epil\u00e9pticas graves y recurrentes, retrasos en el desarrollo cognitivo, motor y del habla y un elevado riesgo de mortalidad prematura.<\/strong><\/li>\n<\/ul>\n<p class=\"cmParagraph\"><img loading=\"lazy\" decoding=\"async\" src=\"https:\/\/www.europesays.com\/es\/wp-content\/uploads\/2026\/06\/1469328-AYTO MORADO web.jpg\" width=\"400\" height=\"225\" alt=\"AYTO MORADO web\"\/>El Ayuntamiento de M\u00f3stoles ilumina su fachada de color morado con motivo del D\u00eda Internacional del S\u00edndrome de Dravet, que se conmemora cada 23 de junio.<\/p>\n<p class=\"cmParagraph\">Con este gesto, el Consistorio se suma a la campa\u00f1a llevada a cabo por la Fundaci\u00f3n S\u00edndrome de Dravet, que busca visibilizar esta patolog\u00eda que afecta aproximadamente a 1 de cada 16.000 nacimientos y que se caracteriza por crisis epil\u00e9pticas graves y recurrentes, retrasos en el desarrollo cognitivo, motor y del habla, as\u00ed como un elevado riesgo de mortalidad prematura.<\/p>\n<p class=\"cmParagraph\">El s\u00edndrome de Dravet, tambi\u00e9n denominado Epilepsia Miocl\u00f3nica Severa de la Infancia (SMEI), fue descrito por primera vez en 1978 por la psiquiatra y epilept\u00f3loga Charlotte Dravet.<\/p>\n<p class=\"cmParagraph\">La edad de aparici\u00f3n de la enfermedad se sit\u00faa entre los 4 y 12 meses de vida. Las alternativas terap\u00e9uticas disponibles en la actualidad son reducidas, y la atenci\u00f3n continua que requiere una persona con s\u00edndrome de Dravet repercute de forma significativa en la calidad de vida tanto del paciente como de su entorno familiar.<\/p>\n","protected":false},"excerpt":{"rendered":"Noticia Fecha de publicaci\u00f3n: 23 de junio de 2026 Con esta iniciativa, el Ayuntamiento de M\u00f3stoles apoya a&hellip;\n","protected":false},"author":2,"featured_media":621955,"comment_status":"","ping_status":"","sticky":false,"template":"","format":"standard","meta":{"footnotes":""},"categories":[5],"tags":[1201,6853,1250,17,18,6854,777,2800,5509,25,24,13,14,11,6852,1928,6850,19,20,6849,9,10,15,16,4111,6851,23,12,21,22,6855],"class_list":["post-621954","post","type-post","status-publish","format-standard","has-post-thumbnail","category-titulares","tag-alcalde","tag-atencioacuten-ciudadana","tag-ayuntamiento","tag-breaking-news","tag-breakingnews","tag-callejero","tag-ciudad","tag-distritos","tag-empleo","tag-es","tag-espana","tag-featured-news","tag-featurednews","tag-headlines","tag-inversioacuten","tag-joven","tag-juventud","tag-latest-news","tag-latestnews","tag-moacutestoles","tag-news","tag-noticias","tag-noticias-destacadas","tag-noticiasdestacadas","tag-presupuestos","tag-sede-electroacutenica","tag-spain","tag-titulares","tag-ultimas-noticias","tag-ultimasnoticias","tag-webs-municipales"],"share_on_mastodon":{"url":"https:\/\/pubeurope.com\/@es\/116799029601064388","error":""},"_links":{"self":[{"href":"https:\/\/www.europesays.com\/es\/wp-json\/wp\/v2\/posts\/621954","targetHints":{"allow":["GET"]}}],"collection":[{"href":"https:\/\/www.europesays.com\/es\/wp-json\/wp\/v2\/posts"}],"about":[{"href":"https:\/\/www.europesays.com\/es\/wp-json\/wp\/v2\/types\/post"}],"author":[{"embeddable":true,"href":"https:\/\/www.europesays.com\/es\/wp-json\/wp\/v2\/users\/2"}],"replies":[{"embeddable":true,"href":"https:\/\/www.europesays.com\/es\/wp-json\/wp\/v2\/comments?post=621954"}],"version-history":[{"count":0,"href":"https:\/\/www.europesays.com\/es\/wp-json\/wp\/v2\/posts\/621954\/revisions"}],"wp:featuredmedia":[{"embeddable":true,"href":"https:\/\/www.europesays.com\/es\/wp-json\/wp\/v2\/media\/621955"}],"wp:attachment":[{"href":"https:\/\/www.europesays.com\/es\/wp-json\/wp\/v2\/media?parent=621954"}],"wp:term":[{"taxonomy":"category","embeddable":true,"href":"https:\/\/www.europesays.com\/es\/wp-json\/wp\/v2\/categories?post=621954"},{"taxonomy":"post_tag","embeddable":true,"href":"https:\/\/www.europesays.com\/es\/wp-json\/wp\/v2\/tags?post=621954"}],"curies":[{"name":"wp","href":"https:\/\/api.w.org\/{rel}","templated":true}]}}