{"id":622018,"date":"2026-06-23T11:33:21","date_gmt":"2026-06-23T11:33:21","guid":{"rendered":"https:\/\/www.europesays.com\/es\/622018\/"},"modified":"2026-06-23T11:33:21","modified_gmt":"2026-06-23T11:33:21","slug":"circo-en-la-calle-cine-de-verano-pintura-y-un-concierto-de-piano-en-la-agenda-cultural-de-mostoles","status":"publish","type":"post","link":"https:\/\/www.europesays.com\/es\/622018\/","title":{"rendered":"Circo en la calle, cine de verano, pintura y un concierto de piano, en la agenda cultural de M\u00f3stoles"},"content":{"rendered":"<ul>\n<li><strong>El Ayuntamiento de M\u00f3stoles promueve iniciativas culturales como la exposici\u00f3n \u00abEl arte de ser diferentes\u00bb, a cargo del alumnado de Bachillerato de Artes del IES Europa, en el Centro Sociocultural Caleidoscopio.<\/strong><\/li>\n<li><strong>Adem\u00e1s, contin\u00faa el Ciclo Circo de Calle gratuito con \u00abDesprovisto\u00bb, en la Plaza de los P\u00e1jaros, \u00abSalta\u00bb, en Cine de Verano, y el \u00abConcierto did\u00e1ctico de piano\u00bb, de M\u00aa Ic\u00edar Serrano Qui\u00f1ones, en el Museo de la Ciudad. <\/strong><\/li>\n<\/ul>\n<p class=\"cmParagraph\"><img loading=\"lazy\" decoding=\"async\" src=\"https:\/\/www.europesays.com\/es\/wp-content\/uploads\/2026\/06\/1469331-CARTEL web.jpg\" width=\"400\" height=\"225\" alt=\"CARTEL web\"\/>El Ayuntamiento de M\u00f3stoles organiza, a trav\u00e9s de la Concejal\u00eda de Educaci\u00f3n y Cultura, la programaci\u00f3n de la agenda cultural para esta semana que comienza con una exposici\u00f3n multidisciplinar del alumnado de Bachillerato de Artes del IES Europa en el Centro Sociocultural Caleidoscopio, el mi\u00e9rcoles 24 de junio, que mostrar\u00e1 <strong>\u00abEl arte de ser diferentes\u00bb<\/strong>.<\/p>\n<p class=\"cmParagraph\">Las obras creadas por los estudiantes reflejan a trav\u00e9s del arte nuevas formas de expresarse y de mirar el mundo. Cada trabajo refleja un camino de aprendizaje, experimentaci\u00f3n y descubrimiento, en el que dar rienda suelta a la creatividad, plasmando ideas y emociones, como herramienta imprescindible para imaginar el futuro.<\/p>\n<p class=\"cmParagraph\">La exposici\u00f3n \u00abEl arte de ser diferentes\u00bb recoge diferentes estilos, t\u00e9cnicas y perspectivas que muestran la evoluci\u00f3n art\u00edstica y personal de estos alumnos con un resultado final que sorprende al visitante.<\/p>\n<p class=\"cmParagraph\">El s\u00e1bado 27 de junio, una nueva puesta en escena del Ciclo Circo de Calle llega a la Plaza de los P\u00e1jaros, a las 21:30 h con <strong>\u00abDesprovisto\u00bb<\/strong>, un espect\u00e1culo de acrobacias, a cargo de la compa\u00f1\u00eda Uparte, que se podr\u00e1 disfrutar de manera gratuita. En este tercer trabajo la compa\u00f1\u00eda mantiene la esencia de sus anteriores creaciones, que destacan por un alto nivel t\u00e9cnico acrob\u00e1tico y unos int\u00e9rpretes sin personajes que combina el riesgo, el ritmo, lo est\u00e9tico y el humor.<\/p>\n<p class=\"cmParagraph\">Y el s\u00e1bado 27, una nueva sesi\u00f3n de Cine de Verano proyectar\u00e1 la pel\u00edcula \u00ab<strong>\u00a1Salta!\u00bb<\/strong>, a las 22:00 h, en Parque Coimbra, en el parque frente al Zoco, calle del Casta\u00f1o esquina con calle Eucalipto). Este film de ciencia ficci\u00f3n y aventuras cuenta la historia de dos hermanos con car\u00e1cter muy distinto que tienen que enfrentarse a la desaparici\u00f3n de su madre, una prometedora cient\u00edfica obsesionada con los agujeros de gusano.<\/p>\n<p class=\"cmParagraph\">El domingo 28 ser\u00e1 el momento de disfrutar de un <strong>\u00abConcierto did\u00e1ctico de piano\u00bb<\/strong>, que ofrecer\u00e1 la pianista M\u00aa Ic\u00edar Serrano Qui\u00f1ones, en el Museo de la Ciudad, a las 12:00 h. La entrada es gratuita, previa retirada de invitaciones en el propio centro.<\/p>\n<p class=\"cmParagraph\">Por otro lado, todav\u00eda se pueden visitar dos exposiciones que finalizar\u00e1n esta semana el viernes 26 de junio. Se trata de <strong>\u00abLa precisi\u00f3n del color\u00bb<\/strong>, una exposici\u00f3n de l\u00e1pices de color del artista Paco Mart\u00edn, que se podr\u00e1 ver en la Sala de las Columnas del Centro Cultural Villa de M\u00f3stoles.<\/p>\n<p class=\"cmParagraph\">Y la exposici\u00f3n de pintura <strong>\u00abMiradas felinas\u00bb<\/strong>, a cargo del Taller de pintura de la Asociaci\u00f3n Cultural Espacio Fluido, dirigido por el profesor Jes\u00fas Vizuete, que se puede ver en el espacio expositivo El Muro del Centro Sociocultural Caleidoscopio. <\/p>\n","protected":false},"excerpt":{"rendered":"El Ayuntamiento de M\u00f3stoles promueve iniciativas culturales como la exposici\u00f3n \u00abEl arte de ser diferentes\u00bb, a cargo del&hellip;\n","protected":false},"author":2,"featured_media":622019,"comment_status":"","ping_status":"","sticky":false,"template":"","format":"standard","meta":{"footnotes":""},"categories":[5],"tags":[1201,6853,1250,17,18,6854,777,2800,5509,25,24,13,14,11,6852,1928,6850,19,20,6849,9,10,15,16,4111,6851,23,12,21,22,6855],"class_list":["post-622018","post","type-post","status-publish","format-standard","has-post-thumbnail","category-titulares","tag-alcalde","tag-atencioacuten-ciudadana","tag-ayuntamiento","tag-breaking-news","tag-breakingnews","tag-callejero","tag-ciudad","tag-distritos","tag-empleo","tag-es","tag-espana","tag-featured-news","tag-featurednews","tag-headlines","tag-inversioacuten","tag-joven","tag-juventud","tag-latest-news","tag-latestnews","tag-moacutestoles","tag-news","tag-noticias","tag-noticias-destacadas","tag-noticiasdestacadas","tag-presupuestos","tag-sede-electroacutenica","tag-spain","tag-titulares","tag-ultimas-noticias","tag-ultimasnoticias","tag-webs-municipales"],"share_on_mastodon":{"url":"","error":"Validation failed: Text character limit of 500 exceeded"},"_links":{"self":[{"href":"https:\/\/www.europesays.com\/es\/wp-json\/wp\/v2\/posts\/622018","targetHints":{"allow":["GET"]}}],"collection":[{"href":"https:\/\/www.europesays.com\/es\/wp-json\/wp\/v2\/posts"}],"about":[{"href":"https:\/\/www.europesays.com\/es\/wp-json\/wp\/v2\/types\/post"}],"author":[{"embeddable":true,"href":"https:\/\/www.europesays.com\/es\/wp-json\/wp\/v2\/users\/2"}],"replies":[{"embeddable":true,"href":"https:\/\/www.europesays.com\/es\/wp-json\/wp\/v2\/comments?post=622018"}],"version-history":[{"count":0,"href":"https:\/\/www.europesays.com\/es\/wp-json\/wp\/v2\/posts\/622018\/revisions"}],"wp:featuredmedia":[{"embeddable":true,"href":"https:\/\/www.europesays.com\/es\/wp-json\/wp\/v2\/media\/622019"}],"wp:attachment":[{"href":"https:\/\/www.europesays.com\/es\/wp-json\/wp\/v2\/media?parent=622018"}],"wp:term":[{"taxonomy":"category","embeddable":true,"href":"https:\/\/www.europesays.com\/es\/wp-json\/wp\/v2\/categories?post=622018"},{"taxonomy":"post_tag","embeddable":true,"href":"https:\/\/www.europesays.com\/es\/wp-json\/wp\/v2\/tags?post=622018"}],"curies":[{"name":"wp","href":"https:\/\/api.w.org\/{rel}","templated":true}]}}