{"id":622076,"date":"2026-06-23T12:18:17","date_gmt":"2026-06-23T12:18:17","guid":{"rendered":"https:\/\/www.europesays.com\/es\/622076\/"},"modified":"2026-06-23T12:18:17","modified_gmt":"2026-06-23T12:18:17","slug":"la-aemet-pone-fecha-al-fin-de-la-ola-de-calor-en-espana-y-avisa-del-regreso-de-la-lluvia-estas-son-las-zonas-mas-afectadas","status":"publish","type":"post","link":"https:\/\/www.europesays.com\/es\/622076\/","title":{"rendered":"La Aemet pone fecha al fin de la ola de calor en Espa\u00f1a y avisa del regreso de la lluvia: estas son las zonas m\u00e1s afectadas"},"content":{"rendered":"<p><img decoding=\"async\" class=\"v-ath__i\" loading=\"lazy\" src=\"https:\/\/www.europesays.com\/es\/wp-content\/uploads\/2026\/06\/autor-5051-foto-8.png\" alt=\"In\u00e9s Romero\"\/><\/p>\n<p>23\/06\/2026<\/p>\n<p>Actualizado a las 08:29h.<\/p>\n<p class=\"v-d-p\" style=\"\">La llegada a Espa\u00f1a de la <a href=\"https:\/\/www.abc.es\/recreo\/mario-picazo-fecha-fin-ola-calor-espana-20260622114559-nt.html\" title=\"www.abc.es\" data-voc-vtm-id=\"in-text-traffic\" data-mrf-link=\"www.abc.es\" rel=\"nofollow noopener\" target=\"_blank\">primera ola de calor del verano<\/a> ha obligado a la <strong>Agencia Estatal de Meteorolog\u00eda<\/strong> (Aemet) a lanzar un <a href=\"https:\/\/www.abc.es\/sociedad\/aemet-lanza-aviso-especial-llegada-espana-primera-20260619160142-nt.html\" title=\"www.abc.es\" data-voc-vtm-id=\"in-text-traffic\" data-mrf-link=\"www.abc.es\" rel=\"nofollow noopener\" target=\"_blank\">aviso especial<\/a>. El organismo ha querido informar a los ciudadanos de la complicada situaci\u00f3n que atravesar\u00e1 el pa\u00eds esta semana y ha pedido extremar la precauci\u00f3n.<\/p>\n<p class=\"v-d-p\" style=\"\">En este sentido, ya hemos visto que este lunes 22 de junio se han registrado de 40 a 42 grados en el Cant\u00e1brico oriental y en los valles del Ebro, Tajo, Guadiana y Guadalquivir. Eso s\u00ed, el agua ha estado presente en algunos puntos, con \u00abtormentas secas y rachas muy fuertes de viento\u00bb.<\/p>\n<p class=\"v-d-p\" style=\"\">Para este martes 23 de junio, la entidad meteorol\u00f3gica advierte de que el estado del cielo ser\u00e1 similar. \u00abTemperaturas con pocos cambios o ligeros ascensos. <strong>Localmente podr\u00e1n alcanzarse los 44 grados en el valle del Guadalquivir<\/strong>\u00bb, apunta. Durante este d\u00eda, adem\u00e1s, las m\u00ednimas tambi\u00e9n ser\u00e1n \u00abmuy elevadas\u00bb. \u00abCon valores superiores a los 20 grados en gran parte del territorio, pudi\u00e9ndose incluso superar los 23-25 grados en depresiones del sur y este, en el Cant\u00e1brico oriental y en litorales del sudeste\u00bb, sostiene. <\/p>\n<blockquote class=\"twitter-tweet\">\n<p lang=\"es\" dir=\"ltr\">\u26a0\ufe0f AVISO ESPECIAL | Ola de calor.<\/p>\n<p>\u27a1\ufe0f Temperaturas muy altas para la \u00e9poca tanto de d\u00eda como de noche en la mayor parte de la Pen\u00ednsula y Baleares hasta el mi\u00e9rcoles.<\/p>\n<p>\u27a1\ufe0f El jueves bajar\u00e1n las temperaturas, aunque todav\u00eda con calor intenso.<\/p>\n<p>+ info \ud83d\udc49<a href=\"https:\/\/t.co\/48Lsr8QC4f\" rel=\"nofollow\">https:\/\/t.co\/48Lsr8QC4f<\/a> <a href=\"https:\/\/t.co\/goCcXSw91a\" rel=\"nofollow\">pic.twitter.com\/goCcXSw91a<\/a><\/p>\n<p>\u2014 AEMET (@AEMET_Esp) <a href=\"https:\/\/x.com\/AEMET_Esp\/status\/2068682503120929187?ref_src=twsrc%5Etfw\" rel=\"nofollow\">June 21, 2026<\/a><\/p><\/blockquote>\n<p class=\"v-d-p\" style=\"\">De cara al mi\u00e9rcoles 24 de junio, la Aemet indica que se notar\u00e1 una peque\u00f1a ca\u00edda en el mercurio en el oeste, \u00abaunque todav\u00eda con m\u00e1ximas de 40 a 42 grados en zonas del nordeste y sur peninsular\u00bb. De hecho, se esperan <strong>noches tropicales<\/strong> en Baleares, en el sur peninsular y en los valles del norte.<\/p>\n<ul class=\"v-cmp-rld__u\">\n<li class=\"v-cmp-rld__l\">\n<p><a class=\"v-a-lnk\" href=\"http:\/\/www.abc.es\/recreo\/mario-picazo-fecha-fin-ola-calor-espana-20260622114559-nt.html#vtm_modulosEngag=noticiasrelacionadas-cmp-uno:sociedad:noticia:1\" title=\"Mario Picazo da la fecha del fin de la ola de calor en Espa\u00f1a\" data-voc-vtm-id=\"in-text-traffic\" rel=\"nofollow noopener\" target=\"_blank\"><br \/>\n<img decoding=\"async\" loading=\"lazy\" src=\"https:\/\/www.europesays.com\/es\/wp-content\/uploads\/2026\/06\/ola-calor2-krQD--366x256@diario_abc.jpg\" class=\"v-a-img\" width=\"258\" height=\"180\" alt=\"Mario Picazo da la fecha del fin de la ola de calor en Espa\u00f1a\"\/><br \/>\n<\/a><\/p>\n<\/li>\n<\/ul>\n<p class=\"v-d-p\" style=\"\">Ante este panorama, son muchos los que se preguntan <strong>cu\u00e1ndo se pondr\u00e1 fin a la ola de calor en Espa\u00f1a<\/strong>. El organismo meteorol\u00f3gico ha dado una fecha y ha avisado del regreso de la lluvia al territorio nacional.<\/p>\n<p>\nLa Aemet da la fecha del fin de la ola de calor en Espa\u00f1a\n<\/p>\n<p class=\"v-d-p\" style=\"\">La Aemet explica que lo m\u00e1s probable es que los descensos t\u00e9rmicos \u00abse extiendan a todo el territorio durante la jornada del <strong>jueves 25 de junio<\/strong>, pudiendo ser notables en el centro y noroeste e incluso extraordinarios en el Cant\u00e1brico\u00bb.<\/p>\n<p class=\"v-d-p\" style=\"\">Por lo tanto, el organismo informa de que, aunque las m\u00e1ximas seguir\u00e1n siendo elevadas, \u00abes previsible que <strong>ya no se satisfagan los criterios de ola de calor<\/strong>, quedando las temperaturas en torno a 40 grados\u00bb.<\/p>\n<p class=\"v-d-p\" style=\"\">La entidad indica que lo m\u00e1s seguro es que esta tendencia contin\u00fae durante el viernes 26 de junio en el tercio norte, con ligeros acensos poco significativos en el resto. <\/p>\n<blockquote class=\"twitter-tweet\">\n<p lang=\"es\" dir=\"ltr\">\u27a1\ufe0f El jueves: se espera el fin de la ola de calor con un descenso notable de temperaturas, tanto m\u00e1ximas como m\u00ednimas. El fin de semana vuelven a subir.<\/p>\n<p>\u27a1\ufe0fEntre hoy y el jueves, en el interior peninsular, se espera nubosidad de evoluci\u00f3n con chubascos ocasionales y con tormenta. <a href=\"https:\/\/t.co\/lAmGYaEfRF\" rel=\"nofollow\">pic.twitter.com\/lAmGYaEfRF<\/a><\/p>\n<p>\u2014 AEMET (@AEMET_Esp) <a href=\"https:\/\/x.com\/AEMET_Esp\/status\/2068980624547803558?ref_src=twsrc%5Etfw\" rel=\"nofollow\">June 22, 2026<\/a><\/p><\/blockquote>\n<p>\nLa Aemet avisa del regreso de la lluvia a Espa\u00f1a\n<\/p>\n<p class=\"v-d-p\" style=\"\">A pesar del calor extremo, la Aemet confirma que <strong>la lluvia va a estar presente en Espa\u00f1a<\/strong>. \u00abEl probable acercamiento de la dana inducir\u00e1 una mayor inestabilidad, dando lugar a nubosidad y tormentas vespertinas algo m\u00e1s generalizadas\u00bb.<\/p>\n<p class=\"v-d-p\" style=\"\">As\u00ed pues, el organismo meteorol\u00f3gico detalla que las precipitaciones m\u00e1s intesas tendr\u00e1n lugar este mi\u00e9rcoles 24 de junio en el <strong>\u00abcuadrante noroeste\u00bb<\/strong>. <\/p>\n<p class=\"v-d-p\" style=\"\">Seg\u00fan el pron\u00f3stico de la Aemet, caer\u00e1 agua en diferentes puntos de Galicia, Castilla y Le\u00f3n, Arag\u00f3n, Castilla-La Mancha, Asturias, Catalu\u00f1a y La Rioja.<\/p>\n<p><script async src=\"https:\/\/platform.twitter.com\/widgets.js\" charset=\"utf-8\"><\/script><\/p>\n","protected":false},"excerpt":{"rendered":"23\/06\/2026 Actualizado a las 08:29h. La llegada a Espa\u00f1a de la primera ola de calor del verano ha&hellip;\n","protected":false},"author":2,"featured_media":622077,"comment_status":"","ping_status":"","sticky":false,"template":"","format":"standard","meta":{"footnotes":""},"categories":[8],"tags":[2980,7997,7994,17,18,4922,25,24,13,14,1151,772,11,19,20,1479,9,10,15,16,3007,1150,2596,23,12,21,22,7996],"class_list":["post-622076","post","type-post","status-publish","format-standard","has-post-thumbnail","category-espana","tag-aemet","tag-afectadas","tag-avisa","tag-breaking-news","tag-breakingnews","tag-calor","tag-es","tag-espana","tag-featured-news","tag-featurednews","tag-fecha","tag-fin","tag-headlines","tag-latest-news","tag-latestnews","tag-lluvia","tag-news","tag-noticias","tag-noticias-destacadas","tag-noticiasdestacadas","tag-ola","tag-pone","tag-regreso","tag-spain","tag-titulares","tag-ultimas-noticias","tag-ultimasnoticias","tag-zonas"],"share_on_mastodon":{"url":"https:\/\/pubeurope.com\/@es\/116799386957959555","error":""},"_links":{"self":[{"href":"https:\/\/www.europesays.com\/es\/wp-json\/wp\/v2\/posts\/622076","targetHints":{"allow":["GET"]}}],"collection":[{"href":"https:\/\/www.europesays.com\/es\/wp-json\/wp\/v2\/posts"}],"about":[{"href":"https:\/\/www.europesays.com\/es\/wp-json\/wp\/v2\/types\/post"}],"author":[{"embeddable":true,"href":"https:\/\/www.europesays.com\/es\/wp-json\/wp\/v2\/users\/2"}],"replies":[{"embeddable":true,"href":"https:\/\/www.europesays.com\/es\/wp-json\/wp\/v2\/comments?post=622076"}],"version-history":[{"count":0,"href":"https:\/\/www.europesays.com\/es\/wp-json\/wp\/v2\/posts\/622076\/revisions"}],"wp:featuredmedia":[{"embeddable":true,"href":"https:\/\/www.europesays.com\/es\/wp-json\/wp\/v2\/media\/622077"}],"wp:attachment":[{"href":"https:\/\/www.europesays.com\/es\/wp-json\/wp\/v2\/media?parent=622076"}],"wp:term":[{"taxonomy":"category","embeddable":true,"href":"https:\/\/www.europesays.com\/es\/wp-json\/wp\/v2\/categories?post=622076"},{"taxonomy":"post_tag","embeddable":true,"href":"https:\/\/www.europesays.com\/es\/wp-json\/wp\/v2\/tags?post=622076"}],"curies":[{"name":"wp","href":"https:\/\/api.w.org\/{rel}","templated":true}]}}