{"id":622140,"date":"2026-06-23T13:06:19","date_gmt":"2026-06-23T13:06:19","guid":{"rendered":"https:\/\/www.europesays.com\/es\/622140\/"},"modified":"2026-06-23T13:06:19","modified_gmt":"2026-06-23T13:06:19","slug":"a-un-alumno-le-han-subido-de-0-a-02-a-otro-de-15-a-178-es-una-verguenza","status":"publish","type":"post","link":"https:\/\/www.europesays.com\/es\/622140\/","title":{"rendered":"\u00abA un alumno le han subido de 0 a 0,2; a otro de 1,5 a 1,78&#8230; Es una verg\u00fcenza\u00bb"},"content":{"rendered":"<p style=\"\">En los \u00faltimos d\u00edas, las familias y centros afectados por las p\u00e9simas notas en el examen de Euskera de la PAU se hab\u00edan ido resignando  &#8230; al observar que la EHU descartaba errores en la correcci\u00f3n y que no pon\u00eda en cuesti\u00f3n la avalancha de ceros en dos tribunales. Aun as\u00ed, conservaban un hilo de esperanza y esperaban con ansia la publicaci\u00f3n de las notas revisadas. Este lunes lleg\u00f3 el golpe de realidad cuando comprobaron que muchos ceros se hab\u00edan corregido al alza, s\u00ed; pero apenas unas d\u00e9cimas.<\/p>\n<p class=\"v-d-p\" style=\"\">\u00abA Sara (nombre ficticio) le han subido de 0 a 0,45. A Mar\u00eda de 0 a 0,25!! Andrea de 0 a 0,25, Andr\u00e9s de 1,5 a 1,78&#8230; Una verg\u00fcenza, se est\u00e1n riendo en nuestra cara\u00bb. Los grupos de Whatsapp echaban humo poco despu\u00e9s de las 12.00 horas, cuando se hicieron p\u00fablicas las nuevas calificaciones. A medida que pasaban las horas y se acentuaba el goteo de notas, lleg\u00f3 el abatimiento. \u00abEl pron\u00f3stico es decepcionante\u00bb, confesaba un profesor de un centro educativo.<\/p>\n<p class=\"v-d-p\" style=\"\">En su colegio, m\u00e1s de la mitad de los estudiantes que han solicitado revisi\u00f3n han visto c\u00f3mo su nota bajaba, incluso m\u00e1s de un punto entero en alg\u00fan caso. Y los que subieron, apenas rascaron entre 0,1 y 0,3 puntos m\u00e1s. \u00abO sea, nada\u00bb, se resignaba este docente. \u00abEn mala hora reclamamos, pensar\u00e1n alumnos y familias. Mejor asumir y callar\u00bb, se dol\u00eda.<\/p>\n<p class=\"v-d-p\" style=\"\">\u00abNosotros en general muy parecido, solo en contados casos han tirado de tercer corrector\u00bb, explicaba otra educadora. Es decir, apenas han visto varias los resultados. Seg\u00fan los datos difundidos por la EHU, la nota media de Lengua Vasca y Literatura II ha pasado de un 6,32 antes de la revisi\u00f3n a 6,34 tras las correcciones. La nota es muy inferior a la de 2025 (6,81) y 2024 (7,04). Las principales hip\u00f3tesis para explicar el fen\u00f3meno tienen que ver con el aumento de la exigencia con los fallos de ortograf\u00eda y sintaxis y en la mayor carga competencial de la prueba al eliminar, por ejemplo, el tradicional ejercicio de tipo test.<\/p>\n<p>\n\u00abResponsabilidad\u00bb\n<\/p>\n<p class=\"v-d-p\" style=\"\">La mayor parte de los ceros se han concentrado en dos tribunales en los que se examinaron estudiantes de colegios concertados de modelo A. Los chavales convocaron una protesta la pasada semana y, mientras algunos demostraron pericia con el idioma, otros cometieron numerosos errores al hablar en euskera ante las c\u00e1maras. Los v\u00eddeos corrieron como la p\u00f3lvora por las redes sociales y los j\u00f3venes fueron motivo de burla y objeto de graves ataques.<\/p>\n<p class=\"v-d-p\" style=\"\">La bronca desatada en redes sociales ha generado preocupaci\u00f3n del Gobierno vasco. \u00abLo que hemos visto los \u00faltimos d\u00edas de todas las partes es muy preocupante, realmente preocupante\u00bb, dijo la consejera de Educaci\u00f3n, Bego\u00f1a Pedrosa, en su comparecencia en el Parlamento vasco a petici\u00f3n del PP. \u00abCon el euskera siempre nos movemos en posiciones extremas y existe el riesgo de generar frustraci\u00f3n en la sociedad y falta de adhesi\u00f3n (al idioma) entre los j\u00f3venes. Tenemos un reto enorme delante\u00bb, a\u00f1adi\u00f3.<\/p>\n","protected":false},"excerpt":{"rendered":"En los \u00faltimos d\u00edas, las familias y centros afectados por las p\u00e9simas notas en el examen de Euskera&hellip;\n","protected":false},"author":2,"featured_media":622141,"comment_status":"","ping_status":"","sticky":false,"template":"","format":"standard","meta":{"footnotes":""},"categories":[8],"tags":[115886,19081,17,18,25,24,13,14,11,19,20,9,10,15,16,23,26996,12,21,22,8875],"class_list":["post-622140","post","type-post","status-publish","format-standard","has-post-thumbnail","category-espana","tag-115886","tag-alumno","tag-breaking-news","tag-breakingnews","tag-es","tag-espana","tag-featured-news","tag-featurednews","tag-headlines","tag-latest-news","tag-latestnews","tag-news","tag-noticias","tag-noticias-destacadas","tag-noticiasdestacadas","tag-spain","tag-subido","tag-titulares","tag-ultimas-noticias","tag-ultimasnoticias","tag-verguenza"],"share_on_mastodon":{"url":"https:\/\/pubeurope.com\/@es\/116799575716642817","error":""},"_links":{"self":[{"href":"https:\/\/www.europesays.com\/es\/wp-json\/wp\/v2\/posts\/622140","targetHints":{"allow":["GET"]}}],"collection":[{"href":"https:\/\/www.europesays.com\/es\/wp-json\/wp\/v2\/posts"}],"about":[{"href":"https:\/\/www.europesays.com\/es\/wp-json\/wp\/v2\/types\/post"}],"author":[{"embeddable":true,"href":"https:\/\/www.europesays.com\/es\/wp-json\/wp\/v2\/users\/2"}],"replies":[{"embeddable":true,"href":"https:\/\/www.europesays.com\/es\/wp-json\/wp\/v2\/comments?post=622140"}],"version-history":[{"count":0,"href":"https:\/\/www.europesays.com\/es\/wp-json\/wp\/v2\/posts\/622140\/revisions"}],"wp:featuredmedia":[{"embeddable":true,"href":"https:\/\/www.europesays.com\/es\/wp-json\/wp\/v2\/media\/622141"}],"wp:attachment":[{"href":"https:\/\/www.europesays.com\/es\/wp-json\/wp\/v2\/media?parent=622140"}],"wp:term":[{"taxonomy":"category","embeddable":true,"href":"https:\/\/www.europesays.com\/es\/wp-json\/wp\/v2\/categories?post=622140"},{"taxonomy":"post_tag","embeddable":true,"href":"https:\/\/www.europesays.com\/es\/wp-json\/wp\/v2\/tags?post=622140"}],"curies":[{"name":"wp","href":"https:\/\/api.w.org\/{rel}","templated":true}]}}