{"id":62220,"date":"2025-08-21T10:05:09","date_gmt":"2025-08-21T10:05:09","guid":{"rendered":"https:\/\/www.europesays.com\/es\/62220\/"},"modified":"2025-08-21T10:05:09","modified_gmt":"2025-08-21T10:05:09","slug":"el-temible-langliru-espera-a-los-aspirantes-al-maillot-rojo","status":"publish","type":"post","link":"https:\/\/www.europesays.com\/es\/62220\/","title":{"rendered":"el temible L&#8217;Angliru espera a los aspirantes al maillot rojo"},"content":{"rendered":"<p class=\"ft-text\"><a class=\"ft-link ft-link--decoration\" href=\"https:\/\/www.sport.es\/es\/la-vuelta\/\" rel=\"nofollow noopener\" target=\"_blank\"><strong>La Vuelta a Espa\u00f1a<\/strong><\/a><strong> 2025 <\/strong>dar\u00e1 su esperado pistoletazo de salida este <strong>s\u00e1bado 23 de agosto<\/strong>. Tur\u00edn ser\u00e1 el punto de partida del pelot\u00f3n, que recorrer\u00e1 Italia, Francia, Andorra y Espa\u00f1a a lo largo de <strong>3.151 kil\u00f3metros<\/strong> repartidos en las tradicionales <strong>21 etapas<\/strong>.<\/p>\n<p class=\"ft-text\">La ronda espa\u00f1ola celebra este a\u00f1o su 90\u00aa aniversario, y para celebrarlo ofrece un <strong>recorrido <\/strong>en el que la mota\u00f1a y los finales en alto ser\u00e1n los grandes protagonistas. Las tres semanas en carretera supondr\u00e1n un aut\u00e9ntico desaf\u00edo para todo aquel que quiera tomar el relevo de <a class=\"ft-link ft-link--decoration\" href=\"https:\/\/www.sport.es\/es\/temas\/primoz-roglic-1015250\" rel=\"nofollow noopener\" target=\"_blank\"><strong>Primoz Roglic<\/strong><\/a> en el trono de la competici\u00f3n, destacando algunas etapas que aparecen marcadas en el <a class=\"ft-link ft-link--decoration\" href=\"https:\/\/www.sport.es\/es\/la-vuelta\/recorrido\/\" rel=\"nofollow noopener\" target=\"_blank\">calendario<\/a> como <strong>potenciales desencadenantes de cambios<\/strong>.<\/p>\n<p class=\"ft-text\">De entre todas las etapas que conforman el recorrido de La Vuelta 2025, <strong>la reina sin discusi\u00f3n es la decimotercera.<\/strong> Ubicada justo en el ecuador de competici\u00f3n, la jornada entre <strong>Cabez\u00f3n de la Sal<\/strong> y el m\u00edtico <strong>L&#8217;Angliru <\/strong>apunta a ser clave en la carrera por el maillot rojo.<\/p>\n<p class=\"ft-text\">Con <strong>202,7 kil\u00f3metros<\/strong> de recorrido y unos desafiantes <strong>3.964 metros<\/strong> de desnivel positivo, la <strong>etapa 13<\/strong> requerir\u00e1 de una buena gesti\u00f3n de esfuerzos para que los aspirantes a la victoria no se vac\u00eden antes de cruzar la l\u00ednea de meta, situada en la cima de uno de los grandes colosos de la presente edici\u00f3n.<\/p>\n<p><img decoding=\"async\" src=\"https:\/\/www.europesays.com\/es\/wp-content\/uploads\/2025\/08\/68d0be10-7df6-4117-9147-3bfffb2e3ef4_alta-libre-aspect-ratio_default_0.jpg\" width=\"1200\" height=\"675\" alt=\"As\u00ed es la etapa reina de la Vuelta a Espa\u00f1a, con final en el temible Angliru\" class=\"ft-helper-img-rd\" loading=\"lazy\" hasdataaida=\"true\"\/><\/p>\n<p class=\"ft-helper-fontColor-quaternary ft-helper-fontSize-body-S ft-helper-spacer-t-xxs\">As\u00ed es la etapa reina de la Vuelta a Espa\u00f1a, con final en el temible Angliru  \/ La Vuelta<\/p>\n<p class=\"ft-text\">Si bien es cierto que el grueso de la jornada no presenta especiales dificultades, la sucesi\u00f3n de kil\u00f3metros de la <strong>etapa m\u00e1s larga de la presente edici\u00f3n<\/strong> ir\u00e1 cargando las piernas del pelot\u00f3n antes de la llegada del exigente examen final. Las tres dificultades monta\u00f1osas del d\u00eda, dos de primera categor\u00eda y la tercera de categor\u00eda especial, aparecen concentradas en los \u00faltimos 60 kil\u00f3metros.<\/p>\n<p class=\"ft-text\">Las ascensiones al <strong>Alto de la Mozqueta<\/strong> (1\u00aa categor\u00eda, 6,3 km al 8,4%) y al <strong>Alto del Cordal <\/strong>(1\u00aa categor\u00eda, 5,5 km al 8,8%) servir\u00e1n como antesala del verdadero plato fuerte de la jornada. Sus <strong>12,4 km<\/strong> al <strong>9,7%<\/strong>, con <strong>rampas <\/strong>que llegan a alcanzar el <strong>20%<\/strong>, sit\u00faan al colosal <strong>Alto de L&#8217;Angliru<\/strong> como escenario ideal para que los aspirantes al maillot rojo puedan dar un &#8216;hachazo&#8217; a la <a class=\"ft-link ft-link--decoration\" href=\"https:\/\/www.sport.es\/es\/la-vuelta\/clasificacion\/\" rel=\"nofollow noopener\" target=\"_blank\">clasificaci\u00f3n general<\/a>.<\/p>\n<p class=\"ft-text\">El hecho de que <strong>L&#8217;Angliru<\/strong> tenga que ser ascendido al final del d\u00eda, <strong>cuando las fuerzas de los <\/strong><a class=\"ft-link ft-link--decoration\" href=\"https:\/\/www.sport.es\/es\/la-vuelta\/equipos\/\" rel=\"nofollow noopener\" target=\"_blank\"><strong>ciclistas<\/strong><\/a><strong> comiencen a flaquear,<\/strong> invita a pensar que algunos de los grandes candidatos puedan quedarse por el camino en sus imponentes rampas. El \u00e9xito o fracaso en esta ascensi\u00f3n final se traducir\u00e1 en una buena diferencia de minutos antes de afrontar el tramo m\u00e1s decisivo de La Vuelta.<\/p>\n<p class=\"ft-text\">M\u00e1s all\u00e1 de su ya de por si desafiante recorrido, <strong>la etapa reina llegar\u00e1 en un momento clave de la carrera<\/strong>. Esta se encuentra en el decimotercer d\u00eda del calendario, cuando el pelot\u00f3n vendr\u00e1 de lidiar con una jornada con aroma de cl\u00e1sica en <strong>Bilbao <\/strong>y de superar la desafiante ascensi\u00f3n a <strong>Collada de Brenes<\/strong> (1\u00aa categor\u00eda, 7km al 7,9%). Adem\u00e1s, una vez coronado el<strong> L&#8217;Angliru<\/strong>, la competici\u00f3n dar\u00e1 paso a una nueva etapa con final en alto en <strong>Farrapona<\/strong>, otro coloso de primera categor\u00eda.<\/p>\n","protected":false},"excerpt":{"rendered":"La Vuelta a Espa\u00f1a 2025 dar\u00e1 su esperado pistoletazo de salida este s\u00e1bado 23 de agosto. Tur\u00edn ser\u00e1&hellip;\n","protected":false},"author":2,"featured_media":62221,"comment_status":"","ping_status":"","sticky":false,"template":"","format":"standard","meta":{"footnotes":""},"categories":[273],"tags":[45,313,312,168,25,24,314,23832,10717,23,167,1357],"class_list":{"0":"post-62220","1":"post","2":"type-post","3":"status-publish","4":"format-standard","5":"has-post-thumbnail","7":"category-ciclismo","8":"tag-45","9":"tag-ciclismo","10":"tag-cycling","11":"tag-deportes","12":"tag-es","13":"tag-espana","14":"tag-etapa","15":"tag-l","16":"tag-reina","17":"tag-spain","18":"tag-sports","19":"tag-vuelta"},"share_on_mastodon":{"url":"","error":""},"_links":{"self":[{"href":"https:\/\/www.europesays.com\/es\/wp-json\/wp\/v2\/posts\/62220","targetHints":{"allow":["GET"]}}],"collection":[{"href":"https:\/\/www.europesays.com\/es\/wp-json\/wp\/v2\/posts"}],"about":[{"href":"https:\/\/www.europesays.com\/es\/wp-json\/wp\/v2\/types\/post"}],"author":[{"embeddable":true,"href":"https:\/\/www.europesays.com\/es\/wp-json\/wp\/v2\/users\/2"}],"replies":[{"embeddable":true,"href":"https:\/\/www.europesays.com\/es\/wp-json\/wp\/v2\/comments?post=62220"}],"version-history":[{"count":0,"href":"https:\/\/www.europesays.com\/es\/wp-json\/wp\/v2\/posts\/62220\/revisions"}],"wp:featuredmedia":[{"embeddable":true,"href":"https:\/\/www.europesays.com\/es\/wp-json\/wp\/v2\/media\/62221"}],"wp:attachment":[{"href":"https:\/\/www.europesays.com\/es\/wp-json\/wp\/v2\/media?parent=62220"}],"wp:term":[{"taxonomy":"category","embeddable":true,"href":"https:\/\/www.europesays.com\/es\/wp-json\/wp\/v2\/categories?post=62220"},{"taxonomy":"post_tag","embeddable":true,"href":"https:\/\/www.europesays.com\/es\/wp-json\/wp\/v2\/tags?post=62220"}],"curies":[{"name":"wp","href":"https:\/\/api.w.org\/{rel}","templated":true}]}}