{"id":62224,"date":"2025-08-21T10:07:10","date_gmt":"2025-08-21T10:07:10","guid":{"rendered":"https:\/\/www.europesays.com\/es\/62224\/"},"modified":"2025-08-21T10:07:10","modified_gmt":"2025-08-21T10:07:10","slug":"el-valencia-basket-femenino-estrena-el-roig-arena","status":"publish","type":"post","link":"https:\/\/www.europesays.com\/es\/62224\/","title":{"rendered":"El Valencia Basket femenino estrena el Roig Arena"},"content":{"rendered":"<p class=\"ft-text\">Las jugadoras de <a class=\"ft-link ft-link--decoration\" href=\"https:\/\/www.levante-emv.com\/tags\/valencia-basket\/\" rel=\"nofollow noopener\" target=\"_blank\">Valencia Basket<\/a>, junto a su entrenador Rub\u00e9n Burgos y el resto del cuerpo t\u00e9cnico, tuvieron ayer mi\u00e9rcoles el honor de estrenar el Roig Arena, el nuevo pabell\u00f3n del conjunto taronja, tanto del equipo masculino como del femenino. Fue en la tercera sesi\u00f3n de entrenamiento de la pretemporada 2025\/26, que arranc\u00f3 esta semana marcada por la llegada de las nuevas incorporaciones.<\/p>\n<p class=\"ft-text\">Se trata de la vuelta al trabajo de las vigentes actuales de liga, de momento con algunas ausencias destacadas como Leo Fiebich, Kayla Alexander y Alina Iagupova, que se ir\u00e1n incorporando al grupo en las pr\u00f3ximas semanas.<\/p>\n<p class=\"ft-text\">Hasta ahora el equipo se hab\u00eda sometido a las pertinentes pruebas m\u00e9dicas y f\u00edsicas de un nuevo curso y se hab\u00eda ejercitado en grupo sobre el parqu\u00e9 de l\u2019Alqueria, pero este mi\u00e9rcoles ya ha podido disfrutar del nuevo hogar taronja.<\/p>\n<p class=\"ft-text\">De momento, los entrenamientos transcurren con jugadoras del primer equipo y otras de La Cord\u00e0 de Paterna, equipo vinculado en LF Challenge. A pesar de que se trata de una fase muy inicial de la pretemporada, Rub\u00e9n Burgos ya destac\u00f3 el pasado lunes el buen ritmo de trabajo de sus jugadoras y con el paso de las semanas ir\u00e1 a mejor. Tal como ha publicado Levante-EMV, el primer partido de competici\u00f3n nacional que se disputar\u00e1 en el Roig Arena llevar\u00e1 al equipo taronja a recibir al <a class=\"ft-link ft-link--decoration\" href=\"https:\/\/www.levante-emv.com\/tags\/futbol\/\" rel=\"nofollow noopener\" target=\"_blank\">Bar\u00e7a<\/a> el domingo 5 de octubre en el encuentro de la primera jornada de la <a class=\"ft-link ft-link--decoration\" href=\"https:\/\/www.levante-emv.com\/tags\/baloncesto\/\" rel=\"nofollow noopener\" target=\"_blank\">acb<\/a>, dos d\u00edas despu\u00e9s del primer partido oficial en el nuevo recinto que llegar\u00e1 ante la Virtus Bologna el viernes 3 de octubre a las 20,30 horas.<\/p>\n","protected":false},"excerpt":{"rendered":"Las jugadoras de Valencia Basket, junto a su entrenador Rub\u00e9n Burgos y el resto del cuerpo t\u00e9cnico, tuvieron&hellip;\n","protected":false},"author":2,"featured_media":62225,"comment_status":"","ping_status":"","sticky":false,"template":"","format":"standard","meta":{"footnotes":""},"categories":[269],"tags":[299,1918,298,168,13463,25,24,1719,4649,3333,17893,23,167,2752,235,2916],"class_list":{"0":"post-62224","1":"post","2":"type-post","3":"status-publish","4":"format-standard","5":"has-post-thumbnail","7":"category-baloncesto","8":"tag-baloncesto","9":"tag-basket","10":"tag-basketball","11":"tag-deportes","12":"tag-el-valencia","13":"tag-es","14":"tag-espana","15":"tag-estrena","16":"tag-femenino","17":"tag-roig","18":"tag-ruben-burgos","19":"tag-spain","20":"tag-sports","21":"tag-trabajo","22":"tag-valencia","23":"tag-valencia-basket"},"share_on_mastodon":{"url":"","error":""},"_links":{"self":[{"href":"https:\/\/www.europesays.com\/es\/wp-json\/wp\/v2\/posts\/62224","targetHints":{"allow":["GET"]}}],"collection":[{"href":"https:\/\/www.europesays.com\/es\/wp-json\/wp\/v2\/posts"}],"about":[{"href":"https:\/\/www.europesays.com\/es\/wp-json\/wp\/v2\/types\/post"}],"author":[{"embeddable":true,"href":"https:\/\/www.europesays.com\/es\/wp-json\/wp\/v2\/users\/2"}],"replies":[{"embeddable":true,"href":"https:\/\/www.europesays.com\/es\/wp-json\/wp\/v2\/comments?post=62224"}],"version-history":[{"count":0,"href":"https:\/\/www.europesays.com\/es\/wp-json\/wp\/v2\/posts\/62224\/revisions"}],"wp:featuredmedia":[{"embeddable":true,"href":"https:\/\/www.europesays.com\/es\/wp-json\/wp\/v2\/media\/62225"}],"wp:attachment":[{"href":"https:\/\/www.europesays.com\/es\/wp-json\/wp\/v2\/media?parent=62224"}],"wp:term":[{"taxonomy":"category","embeddable":true,"href":"https:\/\/www.europesays.com\/es\/wp-json\/wp\/v2\/categories?post=62224"},{"taxonomy":"post_tag","embeddable":true,"href":"https:\/\/www.europesays.com\/es\/wp-json\/wp\/v2\/tags?post=62224"}],"curies":[{"name":"wp","href":"https:\/\/api.w.org\/{rel}","templated":true}]}}