{"id":622704,"date":"2026-06-23T20:05:21","date_gmt":"2026-06-23T20:05:21","guid":{"rendered":"https:\/\/www.europesays.com\/es\/622704\/"},"modified":"2026-06-23T20:05:21","modified_gmt":"2026-06-23T20:05:21","slug":"la-comision-europea-y-15-paises-se-reunen-con-los-talibanes-en-bruselas-para-acelerar-las-expulsiones-de-afganos-al-pais-internacional","status":"publish","type":"post","link":"https:\/\/www.europesays.com\/es\/622704\/","title":{"rendered":"La Comisi\u00f3n Europea y 15 pa\u00edses se re\u00fanen con los talibanes en Bruselas para acelerar las expulsiones de afganos al pa\u00eds | Internacional"},"content":{"rendered":"<p>Una delegaci\u00f3n del r\u00e9gimen talib\u00e1n <a href=\"https:\/\/cadenaser.com\/nacional\/2026\/06\/22\/belgica-concede-el-visado-a-una-delegacion-taliban-para-una-reunion-inminente-con-la-comision-para-facilitar-la-deportacion-de-afganos-cadena-ser\/\" target=\"_blank\" rel=\"noreferrer nofollow noopener\" title=\"https:\/\/cadenaser.com\/nacional\/2026\/06\/22\/belgica-concede-el-visado-a-una-delegacion-taliban-para-una-reunion-inminente-con-la-comision-para-facilitar-la-deportacion-de-afganos-cadena-ser\/\">se ha reunido este martes en Bruselas con funcionarios de la Comisi\u00f3n Europea<\/a> y representantes de 15 pa\u00edses, entre los que no se encontraba Espa\u00f1a. El encuentro, sobre el que el ejecutivo comunitario ha mantenido un enorme hermetismo hasta el \u00faltimo momento y un cierto secretismo, pretend\u00eda coordinar los contactos t\u00e9cnicos sobre el retorno de afganos al pa\u00eds. <\/p>\n<p>Un encuentro que en Bruselas subrayan que es \u00abt\u00e9cnico\u00bb y no pol\u00edtico. Retornos que en la Comisi\u00f3n suscriben a las personas que han cometido delitos graves o que representan una amenaza para la seguridad. Es la segunda vez que una delegaci\u00f3n talib\u00e1n se re\u00fane con la UE. La primera fue en enero en Kabul. Pero es la primera vez que una delegaci\u00f3n talib\u00e1n pisa territorio europeo desde que retomaron el control del pa\u00eds en 2021. <\/p>\n<p>Seg\u00fan explica un portavoz de la Comisi\u00f3n, la reuni\u00f3n ha discutido \u00abla identificaci\u00f3n de los retornados, la expedici\u00f3n de documentos de viaje y su retorno. La atenci\u00f3n se centr\u00f3 en las personas que han cometido delitos graves y que representan una amenaza para la seguridad\u00bb. <\/p>\n<p>En la Comisi\u00f3n circunscriben que se han centrado en la deportaci\u00f3n de las personas en situaci\u00f3n irregular que podr\u00edan representar una amenaza para la seguridad. Es algo que ya est\u00e1 haciendo Alemania, que ha cerrado un acuerdo para acelerar la deportaci\u00f3n de delincuentes convictos a Afganist\u00e1n. Berl\u00edn es pr\u00e1cticamente la \u00fanica capital europea con interlocuci\u00f3n directa con Kabul. <\/p>\n<p>Otras embajadas mantienen a los diplom\u00e1ticos anteriores a la llegada de los talibanes. Aunque los talibanes van m\u00e1s all\u00e1 y aseguran que se ha hablado de la posible reanudaci\u00f3n de los servicios consulares para los afganos en la UE o de \u00abla necesidad de medidas para fomentar la confianza\u00bb, seg\u00fan ha declarado el portavoz del Ministerio de Exteriores talib\u00e1n, Abdul Qahar Balkhi, en un comunicado.<\/p>\n<p>Normalizar las relaciones diplom\u00e1ticas<\/p>\n<p>Bruselas mantiene que esto no es un reconocimiento del r\u00e9gimen, solo un \u00abcontacto t\u00e9cnico\u00bb. Una reuni\u00f3n que cuenta con el rechazo de varios grupos parlamentarios y de organizaciones humanitarias que acusan directamente a la UE de blanquear al r\u00e9gimen solo para facilitar las deportaciones de los afganos. Una treintena de eurodiputados han enviado una carta a las autoridades comunitarias pidiendo cancelar la reuni\u00f3n. <\/p>\n<p>Hablan de blanqueo y de normalizaci\u00f3n de un r\u00e9gimen que ha suprimido los derechos fundamentales de minor\u00edas, pero sobre todo de mujeres y ni\u00f1as. Y con esta reuni\u00f3n, se abre la puerta a restablecer relaciones diplom\u00e1ticas, explica la investigadora Shagofah Ghafori en conversaci\u00f3n con la SER. \u00abEs una reuni\u00f3n con una importancia pol\u00edtica y simb\u00f3lica muy grande\u00bb, explica esta investigadora del Centro de Estudios Pol\u00edticos Europeos, con sede en Bruselas. <\/p>\n<p>    <img decoding=\"async\" src=\"https:\/\/www.europesays.com\/es\/wp-content\/uploads\/2026\/06\/1782227473_949_app-ser-4.png\" alt=\"Nueva APP de Cadena SER\" loading=\"lazy\" width=\"109\" height=\"82\"\/><\/p>\n<p>Descubre la nueva app de Cadena\u00a0SER<br \/>\n        Te ofrecemos una mejor experiencia de audio y video\n    <\/p>\n<p>    <a href=\"https:\/\/trackingcodes.prisamedia.com\/ser.html?utm_campaign=app-include-articulo&amp;utm_source=web\" class=\"p-a-fa-b\" rel=\"nofollow noopener\" target=\"_blank\">Descargar<\/a><\/p>\n<p>\u00abLa normalizaci\u00f3n de un r\u00e9gimen es un proceso lento y podr\u00eda estar empezando ese proceso para normalizar las relaciones diplom\u00e1ticas\u00bb. Ghafori advierte del peligro que supone el retorno de afganos porque se puede utilizar la excusa de los delincuentes para deportar a personas en situaci\u00f3n irregular, y que all\u00ed pueden detenerlos, encerrarlos o incluso ejecutarlos. <\/p>\n<p>Menciona un informe publicado por la ONU el a\u00f1o pasado que concluy\u00f3 que muchos afganos repatriados, en su mayor\u00eda por Pakist\u00e1n e Ir\u00e1n, sufrieron arrestos arbitrarios, detenci\u00f3n, tortura y malos tratos por parte de las autoridades. Este hallazgo sugiere que las deportaciones a Afganist\u00e1n podr\u00edan vulnerar la obligaci\u00f3n de la UE, en virtud del derecho internacional, de abstenerse de repatriar a personas en riesgo de sufrir persecuci\u00f3n o tortura.<\/p>\n","protected":false},"excerpt":{"rendered":"Una delegaci\u00f3n del r\u00e9gimen talib\u00e1n se ha reunido este martes en Bruselas con funcionarios de la Comisi\u00f3n Europea&hellip;\n","protected":false},"author":2,"featured_media":622705,"comment_status":"","ping_status":"","sticky":false,"template":"","format":"standard","meta":{"footnotes":""},"categories":[42],"tags":[17,18,13,14,11,408,61,62,63,64,19,20,3770,9,10,15,16,1385,12,21,22,16064,65,66,67],"class_list":["post-622704","post","type-post","status-publish","format-standard","has-post-thumbnail","category-internacional","tag-breaking-news","tag-breakingnews","tag-featured-news","tag-featurednews","tag-headlines","tag-horizontal","tag-internacional","tag-international","tag-international-news","tag-internationalnews","tag-latest-news","tag-latestnews","tag-lifestyle","tag-news","tag-noticias","tag-noticias-destacadas","tag-noticiasdestacadas","tag-security","tag-titulares","tag-ultimas-noticias","tag-ultimasnoticias","tag-women","tag-world","tag-world-news","tag-worldnews"],"share_on_mastodon":{"url":"https:\/\/pubeurope.com\/@es\/116801223216493220","error":""},"_links":{"self":[{"href":"https:\/\/www.europesays.com\/es\/wp-json\/wp\/v2\/posts\/622704","targetHints":{"allow":["GET"]}}],"collection":[{"href":"https:\/\/www.europesays.com\/es\/wp-json\/wp\/v2\/posts"}],"about":[{"href":"https:\/\/www.europesays.com\/es\/wp-json\/wp\/v2\/types\/post"}],"author":[{"embeddable":true,"href":"https:\/\/www.europesays.com\/es\/wp-json\/wp\/v2\/users\/2"}],"replies":[{"embeddable":true,"href":"https:\/\/www.europesays.com\/es\/wp-json\/wp\/v2\/comments?post=622704"}],"version-history":[{"count":0,"href":"https:\/\/www.europesays.com\/es\/wp-json\/wp\/v2\/posts\/622704\/revisions"}],"wp:featuredmedia":[{"embeddable":true,"href":"https:\/\/www.europesays.com\/es\/wp-json\/wp\/v2\/media\/622705"}],"wp:attachment":[{"href":"https:\/\/www.europesays.com\/es\/wp-json\/wp\/v2\/media?parent=622704"}],"wp:term":[{"taxonomy":"category","embeddable":true,"href":"https:\/\/www.europesays.com\/es\/wp-json\/wp\/v2\/categories?post=622704"},{"taxonomy":"post_tag","embeddable":true,"href":"https:\/\/www.europesays.com\/es\/wp-json\/wp\/v2\/tags?post=622704"}],"curies":[{"name":"wp","href":"https:\/\/api.w.org\/{rel}","templated":true}]}}