{"id":622812,"date":"2026-06-23T21:33:10","date_gmt":"2026-06-23T21:33:10","guid":{"rendered":"https:\/\/www.europesays.com\/es\/622812\/"},"modified":"2026-06-23T21:33:10","modified_gmt":"2026-06-23T21:33:10","slug":"el-asalto-de-la-xunta-al-principal-museo-de-arte-contemporaneo-de-galicia-desata-las-criticas-en-medios-artisticos-internacionales","status":"publish","type":"post","link":"https:\/\/www.europesays.com\/es\/622812\/","title":{"rendered":"El asalto de la Xunta al principal museo de arte contempor\u00e1neo de Galicia desata las cr\u00edticas en medios art\u00edsticos internacionales"},"content":{"rendered":"<p class=\"article-text\">\n        \u201cEn Espa\u00f1a, protesta general contra la nueva direcci\u00f3n de un centro de arte\u201d, titulaba todav\u00eda el pasado 18 de junio la historiadora del arte y comisaria de exposiciones Estelle Labeyrat su an\u00e1lisis en el semanario franc\u00e9s Le Quotidian du Art. Se trata del \u00faltimo art\u00edculo, pero no el \u00fanico, que, en medios especializados internacionales, se ha detenido en la crisis abierta por la Xunta de Galicia al imponer una nueva directora en el principal museo de arte contempor\u00e1neo de la ciudad. La elecci\u00f3n por concurso de libre designaci\u00f3n de la desconocida Eva L\u00f3pez Tarr\u00edo, una profesora y artista sin apenas experiencia curatorial, como directora del CGAC ha desatado <a href=\"https:\/\/www.eldiario.es\/galicia\/xunta-ignora-expertos-asalta-direccion-principal-centro-arte-contemporaneo-galicia_1_13251893.html\" data-mrf-recirculation=\"links-noticia\" class=\"link\" rel=\"nofollow noopener\" target=\"_blank\">una formidable tormenta de malestar y oposici\u00f3n<\/a> que ha traspasado las fronteras gallegas y estatales.\n    <\/p>\n<p class=\"article-text\">\n        Ya el 28 de mayo, cuando la pol\u00e9mica arreciaba, las tomas p\u00fablicas de posici\u00f3n se suced\u00edan, 1.500 personas suscrib\u00edan un duro manifiesto, Art News se hac\u00eda eco de la situaci\u00f3n. Una de las publicaciones dedicada al arte m\u00e1s antiguas, fundada en Nueva York en 1902, hablaba de lo sucedido en el Centro Galego de Arte Contempor\u00e1nea (CGAC) y recordaba que al concurso ganado por L\u00f3pez Tarr\u00edo se hab\u00edan presentado, entre otras personas cuyos nombres no han transcendido, Susana Cend\u00e1n y Alberto Ruiz de Sanmaniego. Sus curr\u00edculums resultan objetivamente superiores al de la elegida por la Conseller\u00eda de Cultura, \u201csin experiencia significativa en el mundo internacional del arte o los comisarios\u201d. Art News tambi\u00e9n recog\u00eda los \u201caparente errores\u201d de los m\u00e9ritos de L\u00f3pez Tarr\u00edo -\u201chaber trabajado en la Fundaci\u00f3n Laxeiro antes de que esta existiese legalmente\u201d- y las tres dimisiones en el consejo asesor del CGAC.\n    <\/p>\n","protected":false},"excerpt":{"rendered":"\u201cEn Espa\u00f1a, protesta general contra la nueva direcci\u00f3n de un centro de arte\u201d, titulaba todav\u00eda el pasado 18&hellip;\n","protected":false},"author":2,"featured_media":622813,"comment_status":"","ping_status":"","sticky":false,"template":"","format":"standard","meta":{"footnotes":""},"categories":[173],"tags":[517,1705,229,233,231,230,232,234,146,147,25,24,816,7386,7318,10,1925,7387,1146,23],"class_list":["post-622812","post","type-post","status-publish","format-standard","has-post-thumbnail","category-arte-y-diseno","tag-actualidad","tag-analisis","tag-arte","tag-arte-y-diseno","tag-arts","tag-arts-and-design","tag-design","tag-diseno","tag-entertainment","tag-entretenimiento","tag-es","tag-espana","tag-galicia","tag-la-coruna","tag-lugo","tag-noticias","tag-opinion","tag-orense","tag-pontevedra","tag-spain"],"share_on_mastodon":{"url":"https:\/\/pubeurope.com\/@es\/116801569189613731","error":""},"_links":{"self":[{"href":"https:\/\/www.europesays.com\/es\/wp-json\/wp\/v2\/posts\/622812","targetHints":{"allow":["GET"]}}],"collection":[{"href":"https:\/\/www.europesays.com\/es\/wp-json\/wp\/v2\/posts"}],"about":[{"href":"https:\/\/www.europesays.com\/es\/wp-json\/wp\/v2\/types\/post"}],"author":[{"embeddable":true,"href":"https:\/\/www.europesays.com\/es\/wp-json\/wp\/v2\/users\/2"}],"replies":[{"embeddable":true,"href":"https:\/\/www.europesays.com\/es\/wp-json\/wp\/v2\/comments?post=622812"}],"version-history":[{"count":0,"href":"https:\/\/www.europesays.com\/es\/wp-json\/wp\/v2\/posts\/622812\/revisions"}],"wp:featuredmedia":[{"embeddable":true,"href":"https:\/\/www.europesays.com\/es\/wp-json\/wp\/v2\/media\/622813"}],"wp:attachment":[{"href":"https:\/\/www.europesays.com\/es\/wp-json\/wp\/v2\/media?parent=622812"}],"wp:term":[{"taxonomy":"category","embeddable":true,"href":"https:\/\/www.europesays.com\/es\/wp-json\/wp\/v2\/categories?post=622812"},{"taxonomy":"post_tag","embeddable":true,"href":"https:\/\/www.europesays.com\/es\/wp-json\/wp\/v2\/tags?post=622812"}],"curies":[{"name":"wp","href":"https:\/\/api.w.org\/{rel}","templated":true}]}}