{"id":622856,"date":"2026-06-23T22:04:25","date_gmt":"2026-06-23T22:04:25","guid":{"rendered":"https:\/\/www.europesays.com\/es\/622856\/"},"modified":"2026-06-23T22:04:25","modified_gmt":"2026-06-23T22:04:25","slug":"una-nanovacuna-biomimetica-potencia-la-eficacia-de-la-radioterapia-en-un-modelo-de-melanoma","status":"publish","type":"post","link":"https:\/\/www.europesays.com\/es\/622856\/","title":{"rendered":"Una nanovacuna biomim\u00e9tica potencia la eficacia de la radioterapia en un modelo de melanoma"},"content":{"rendered":"<p class=\"mostrar_fragmento\">Cient\u00edficos de la Universidad M\u00e9dica de Hainan est\u00e1n desarrollando una vacuna oncol\u00f3gica formada por membranas derivadas de c\u00e9lulas tumorales irradiadas y nanopart\u00edculas de manganeso, capaz de estimular la respuesta inmunitaria frente al melanoma. En ratones portadores de una variante agresiva de este tipo de c\u00e1ncer y tratados con radioterapia, la &#8230;            &#13;\n        <\/p>\n<p> &#13;<br \/>\n&#13;<\/p>\n<p>Cient\u00edficos de la Universidad M\u00e9dica de Hainan est\u00e1n desarrollando una vacuna oncol\u00f3gica formada por <strong>membranas derivadas de c\u00e9lulas tumorales irradiadas<\/strong> y <strong>nanopart\u00edculas de manganeso<\/strong>, capaz de estimular la respuesta inmunitaria frente al <strong>melanoma<\/strong>. En ratones portadores de una variante agresiva de este tipo de c\u00e1ncer y tratados con radioterapia, <strong>la vacunaci\u00f3n subcut\u00e1nea estimul\u00f3 la infiltraci\u00f3n del tumor por linfocitos T<\/strong>, cuya proporci\u00f3n fue 11 veces mayor que en los animales tratados \u00fanicamente con radioterapia. El grado de infiltraci\u00f3n fue hasta 25 veces mayor al a\u00f1adir al tratamiento un inhibidor de los puntos de control inmunitario, seg\u00fan afirma <strong>Fangfang Du<\/strong>, codirectora del <a href=\"https:\/\/pubmed.ncbi.nlm.nih.gov\/42212971\/\" rel=\"nofollow noopener\" target=\"_blank\">estudio<\/a>.<\/p>\n<p>La investigadora a\u00f1ade que la inmunizaci\u00f3n subcut\u00e1nea expandi\u00f3 de manera notable la poblaci\u00f3n de c\u00e9lulas inmunitarias en los ganglios linf\u00e1ticos adyacentes al lugar de la inyecci\u00f3n e indujo, adem\u00e1s, la <strong>activaci\u00f3n y maduraci\u00f3n de las c\u00e9lulas dendr\u00edticas residentes<\/strong>. En cultivos de estas c\u00e9lulas, las nanopart\u00edculas de manganeso act\u00faan como adyuvantes al estimular una v\u00eda de se\u00f1alizaci\u00f3n que promueve la expresi\u00f3n de mol\u00e9culas del complejo mayor de histocompatibilidad de clase II, con la consiguiente potenciaci\u00f3n de la presentaci\u00f3n de ant\u00edgenos tumorales, explica Du. Esta nueva estrategia representa <strong>una mejora sustancial con respecto a la liberaci\u00f3n de ant\u00edgenos inducida \u00fanicamente por la radioterapia<\/strong>, cuyo impacto se ve considerablemente reducido por la inmunosupresi\u00f3n caracter\u00edstica del microambiente tumoral.<\/p>\n<p>Aunque las vacunas basadas en neoant\u00edgenos personalizados han ofrecido resultados alentadores en ensayos cl\u00ednicos sobre melanoma de alto riesgo y glioblastoma, <strong>la identificaci\u00f3n y s\u00edntesis de p\u00e9ptidos individuales resulta sumamente costosa<\/strong>, tambi\u00e9n en t\u00e9rminos de tiempo, asegura la investigadora. La utilizaci\u00f3n de membranas celulares completas obtenidas tras la irradiaci\u00f3n permite superar estas limitaciones y posibilita la integraci\u00f3n de esta estrategia en el tratamiento de pacientes que reciben radioterapia y se someten a una resecci\u00f3n quir\u00fargica, concluye la cient\u00edfica.<\/p>\n<p> &#13;<\/p>\n<p>&#13;<br \/>\n            SEGUIR LEYENDO&#13;\n        <\/p>\n","protected":false},"excerpt":{"rendered":"Cient\u00edficos de la Universidad M\u00e9dica de Hainan est\u00e1n desarrollando una vacuna oncol\u00f3gica formada por membranas derivadas de c\u00e9lulas&hellip;\n","protected":false},"author":2,"featured_media":622857,"comment_status":"","ping_status":"","sticky":false,"template":"","format":"standard","meta":{"footnotes":""},"categories":[92],"tags":[98855,115942,9931,94575,1082,5023,25,24,7179,165,6241,3431,115941,524,661,8400,3276,1817,3479,3426,36167,4946,9952,1288,166,8643,8760,23,7449],"class_list":["post-622856","post","type-post","status-publish","format-standard","has-post-thumbnail","category-salud","tag-aplicable","tag-biomimetica","tag-cirugia","tag-dirigidos","tag-eficacia","tag-enfoque","tag-es","tag-espana","tag-este","tag-health","tag-melanoma","tag-modelo","tag-nanovacuna","tag-nuevo","tag-objetivo","tag-ofrece","tag-otros","tag-pacientes","tag-podria","tag-potencia","tag-radioterapia","tag-recurrencia","tag-reducir","tag-riesgo","tag-salud","tag-ser","tag-sinergia","tag-spain","tag-tratamientos"],"share_on_mastodon":{"url":"https:\/\/pubeurope.com\/@es\/116801691010852117","error":""},"_links":{"self":[{"href":"https:\/\/www.europesays.com\/es\/wp-json\/wp\/v2\/posts\/622856","targetHints":{"allow":["GET"]}}],"collection":[{"href":"https:\/\/www.europesays.com\/es\/wp-json\/wp\/v2\/posts"}],"about":[{"href":"https:\/\/www.europesays.com\/es\/wp-json\/wp\/v2\/types\/post"}],"author":[{"embeddable":true,"href":"https:\/\/www.europesays.com\/es\/wp-json\/wp\/v2\/users\/2"}],"replies":[{"embeddable":true,"href":"https:\/\/www.europesays.com\/es\/wp-json\/wp\/v2\/comments?post=622856"}],"version-history":[{"count":0,"href":"https:\/\/www.europesays.com\/es\/wp-json\/wp\/v2\/posts\/622856\/revisions"}],"wp:featuredmedia":[{"embeddable":true,"href":"https:\/\/www.europesays.com\/es\/wp-json\/wp\/v2\/media\/622857"}],"wp:attachment":[{"href":"https:\/\/www.europesays.com\/es\/wp-json\/wp\/v2\/media?parent=622856"}],"wp:term":[{"taxonomy":"category","embeddable":true,"href":"https:\/\/www.europesays.com\/es\/wp-json\/wp\/v2\/categories?post=622856"},{"taxonomy":"post_tag","embeddable":true,"href":"https:\/\/www.europesays.com\/es\/wp-json\/wp\/v2\/tags?post=622856"}],"curies":[{"name":"wp","href":"https:\/\/api.w.org\/{rel}","templated":true}]}}