{"id":622871,"date":"2026-06-23T22:17:16","date_gmt":"2026-06-23T22:17:16","guid":{"rendered":"https:\/\/www.europesays.com\/es\/622871\/"},"modified":"2026-06-23T22:17:16","modified_gmt":"2026-06-23T22:17:16","slug":"jonas-vingegaard-y-sus-siete-escuderos-listos-para-el-tour","status":"publish","type":"post","link":"https:\/\/www.europesays.com\/es\/622871\/","title":{"rendered":"Jonas Vingegaard y sus siete escuderos, listos para el Tour"},"content":{"rendered":"<p class=\"ft-text\">11 d\u00edas y bajando. <strong>El Tour de Francia est\u00e1 a la vuelta de la esquina y se empiezan a confirmar los nombres de los protagonistas<\/strong> que participar\u00e1n en &#8216;La Grande Boucle&#8217;. <a class=\"ft-link ft-link--decoration\" href=\"https:\/\/www.sport.es\/es\/noticias\/ciclismo\/cuando-empieza-tour-francia-2026-fecha-grand-depart-barcelona-130951778\" rel=\"nofollow noopener\" target=\"_blank\">M\u00e1s o menos parece claro a qui\u00e9n veremos en la &#8216;Grand D\u00e9part&#8217; de Barcelona el pr\u00f3ximo 4 de julio<\/a>, pero es importante confirmarlo para hacer los pron\u00f3sticos. Los primeros de la clase han sido <strong>los hombres del Visma &#8211; Lease a Bike, que liderados por Jonas Vingegaard<\/strong> buscar\u00e1n recuperar el trono perdido hace dos a\u00f1os.<\/p>\n<p class=\"ft-text\">8 hombres y una misi\u00f3n. <strong>Siete para trabajar por un \u00fanico e indiscutible l\u00edder: Jonas Vingegaard<\/strong>. Posiblemente estamos ante <strong>el mejor Vingegaard de los \u00faltimos a\u00f1os<\/strong>. <a class=\"ft-link ft-link--decoration\" href=\"https:\/\/www.sport.es\/es\/noticias\/ciclismo\/giro-italia\/jonas-vingegaard-da-golpe-giro-gana-subida-corno-alle-scale-130327747\" rel=\"nofollow noopener\" target=\"_blank\">Desde 2023 no se ve\u00eda a un Jonas tan fuerte<\/a>, cuando hizo pasar los peores d\u00edas encima de una bicicleta a Tadej Pogacar. Inolvidable aquel escueto <strong>\u00abI&#8217;m gone, I&#8217;m dead\u00bb de Pogacar <\/strong>en la asecnsi\u00f3n al Col de la Loze, en la etapa 17 del Tour de 2023, que fue el mejor reflejo del brutal ataque del Visma contra su gran rival. El &#8216;Principito&#8217; sigue a un nivel b\u00e1rbaro, pero el ciclista escandinavo <strong>est\u00e1 m\u00e1s cerca<\/strong>.<\/p>\n<p>Los soldados de Jonas<\/p>\n<p class=\"ft-text\">La temporada de Vingegaard hasta la fecha da motivos para creer. <a class=\"ft-link ft-link--decoration\" href=\"https:\/\/www.sport.es\/es\/noticias\/ciclismo\/milan-gana-roma-vingegaard-inscribe-album-oro-giro-italia-130867152\" rel=\"nofollow noopener\" target=\"_blank\">Domin\u00f3 el Giro de Italia con pu\u00f1o de hierro<\/a>, muy por encima de los Gall, Hindley, Arensman o Gee. Pero no solo fue en la gran ronda italiana. <strong>En Catalu\u00f1a, gan\u00f3 las dos etapas clave y la general<\/strong>, dejando a Remco Evenepoel sin opciones y destronando a otros rivales fuertes como Lenny Martinez o Florian Lipowitz. Antes, en su debut del a\u00f1o <strong>en la Par\u00eds-Niza<\/strong>, los abandonos de otros candidatos como Juan Ayuso u Oscar Onley le allanaron el terreno en una prueba donde <strong>sus mayores oponentes fueron el fr\u00edo y la lluvia<\/strong>.<\/p>\n<p class=\"ft-text\">Tampoco hay que restarle m\u00e9rito a su equipo de trabajo. Hombres que por libre han demostrado <strong>su gran val\u00eda y que a muchos equipos ya les gustar\u00eda tenerlos<\/strong> como l\u00edderes de carrera. <a class=\"ft-link ft-link--decoration\" href=\"https:\/\/www.sport.es\/es\/noticias\/ciclismo\/giro-italia\/kuss-adelanta-fiesta-visma-penultima-130814783\" rel=\"nofollow noopener\" target=\"_blank\"><strong>Qu\u00e9 decir de Sepp Kuss<\/strong><\/a><strong>, campe\u00f3n de La Vuelta a Espa\u00f1a 2023<\/strong> y vencedor de etapa en las tres grandes (Giro, Tour y Vuelta), o del estadounidense <strong>Matteo Jorgenson<\/strong>, fiel servidor de Vingegaard y fiabilidad m\u00e1xima en las generales, como <strong>doble vencedor de la Par\u00eds-Niza<\/strong>.<\/p>\n<p class=\"ft-text\">Por otra parte, los hombres de intendencia en el llano o en la media monta\u00f1a, como <strong>Edoardo Affini o Victor Campenaerts<\/strong>. El italiano, buen contrarrelojista, disputar\u00e1 su segundo Tour de Francia y <strong>en la primera etapa ya ser\u00e1 fundamental<\/strong> para que su l\u00edder pueda vestirse el amarillo, aunque nunca renuncia a sus oportunidades en las etapas. Quien tambi\u00e9n &#8216;pelea&#8217; por sus victorias parciales es Campenaerts, gregario revelaci\u00f3n en el Tour del a\u00f1o pasado y que <strong>sabe lo que es ganar una etapa en la gran ronda francesa (2024)<\/strong>.<\/p>\n<p>Debutantes en &#8216;La Grande Boucle&#8217;<\/p>\n<p class=\"ft-text\">El &#8216;ocho&#8217; lo completan dos debutantes, adem\u00e1s de <strong>Bruno Armirail<\/strong> que lo hace con el Visma, tras disputar tres Tour en las filas de Groupama &#8211; FDJ y Decathlon. El tricampe\u00f3n franc\u00e9s contra el &#8216;crono&#8217; no sabe lo que es ganar una etapa del Tour, pero s\u00ed <strong>trabajar para l\u00edderes como Felix Gall o David Gaudu<\/strong>.<\/p>\n<p class=\"ft-text\">Los debutantes en &#8216;La Grande Boucle&#8217; son <strong>los j\u00f3venes Per Strand Hagenes y Davide Piganzoli<\/strong>. El noruego, en su tercera temporada en el WorldTour, se ha desenvuelto como <strong>un buen clasic\u00f3mano al ganar Antwerp Port Epic y quedar 2\u00ba en E3 Saxo<\/strong>. Piganzoli, por su parte, fue <strong>el \u00faltimo gregario de Vingegaard en el Giro, cuyo rendimiento fue excelente<\/strong>. Subi\u00f3 muy bien en cada etapa y, adem\u00e1s de trabajar para su l\u00edder, le permiti\u00f3 terminar en un meritorio <strong>8\u00ba puesto<\/strong> en la general. Asimismo, su \u00faltima victoria en La Route d&#8217;Occitanie y la baja de Wout Van Aert le dieron su plaza en la alineaci\u00f3n de las avispas.<\/p>\n<p>El Uno-X, el segundo<\/p>\n<p class=\"ft-text\">A \u00faltima hora de la tarde, <a class=\"ft-link ft-link--decoration\" href=\"https:\/\/www.sport.es\/es\/noticias\/ciclismo\/x-mobility-athletic-club-ciclismo-128089298\" rel=\"nofollow noopener\" target=\"_blank\">el Uno-X Mobility ha sido el segundo equipo en anunciar su alineaci\u00f3n<\/a>. Liderados por <strong>Tobias Halland Johannessen, que en el pasado Tour termin\u00f3 6\u00ba y que viene de hacer 5\u00ba<\/strong> en Tour Aveurgne &#8211; Rhone &#8211; Alpes, es el l\u00edder de la escuadra escandinava. <a class=\"ft-link ft-link--decoration\" href=\"https:\/\/www.sport.es\/es\/noticias\/ciclismo\/tour-francia\/amenazas-tobias-johannessen-caer-pogacar-119768647\" rel=\"nofollow noopener\" target=\"_blank\">Una de las revelaciones del Tour de 2025<\/a> ir\u00e1 bien acompa\u00f1ado por diferentes hombres muy habilidosos para lograr triunfos parciales.<\/p>\n<p class=\"ft-text\"><strong>La general con Johannessen y las victorias de etapa<\/strong> ser\u00e1n los objetivos principales del Uno-X. Para el segundo, <strong>Magnus Cort<\/strong> (seis victorias en Vuelta, dos en Tour y una en Giro), <strong>Jonas Abrahamsen<\/strong> (etapa en Tour 2025), <strong>Andreas Kron<\/strong> (victoria en Vuelta a Espa\u00f1a) y <strong>Torstein Traeen<\/strong> deben ser las principales bazas de un equipo que siempre da la talla.<\/p>\n","protected":false},"excerpt":{"rendered":"11 d\u00edas y bajando. El Tour de Francia est\u00e1 a la vuelta de la esquina y se empiezan&hellip;\n","protected":false},"author":2,"featured_media":622872,"comment_status":"","ping_status":"","sticky":false,"template":"","format":"standard","meta":{"footnotes":""},"categories":[273],"tags":[4659,313,312,168,25,24,115927,549,23,167,2322,12459,325,321],"class_list":["post-622871","post","type-post","status-publish","format-standard","has-post-thumbnail","category-ciclismo","tag-alineacion","tag-ciclismo","tag-cycling","tag-deportes","tag-es","tag-espana","tag-johannessen","tag-pogacar","tag-spain","tag-sports","tag-tour-francia","tag-uno-x","tag-vingegaard","tag-visma"],"share_on_mastodon":{"url":"https:\/\/pubeurope.com\/@es\/116801742114762234","error":""},"_links":{"self":[{"href":"https:\/\/www.europesays.com\/es\/wp-json\/wp\/v2\/posts\/622871","targetHints":{"allow":["GET"]}}],"collection":[{"href":"https:\/\/www.europesays.com\/es\/wp-json\/wp\/v2\/posts"}],"about":[{"href":"https:\/\/www.europesays.com\/es\/wp-json\/wp\/v2\/types\/post"}],"author":[{"embeddable":true,"href":"https:\/\/www.europesays.com\/es\/wp-json\/wp\/v2\/users\/2"}],"replies":[{"embeddable":true,"href":"https:\/\/www.europesays.com\/es\/wp-json\/wp\/v2\/comments?post=622871"}],"version-history":[{"count":0,"href":"https:\/\/www.europesays.com\/es\/wp-json\/wp\/v2\/posts\/622871\/revisions"}],"wp:featuredmedia":[{"embeddable":true,"href":"https:\/\/www.europesays.com\/es\/wp-json\/wp\/v2\/media\/622872"}],"wp:attachment":[{"href":"https:\/\/www.europesays.com\/es\/wp-json\/wp\/v2\/media?parent=622871"}],"wp:term":[{"taxonomy":"category","embeddable":true,"href":"https:\/\/www.europesays.com\/es\/wp-json\/wp\/v2\/categories?post=622871"},{"taxonomy":"post_tag","embeddable":true,"href":"https:\/\/www.europesays.com\/es\/wp-json\/wp\/v2\/tags?post=622871"}],"curies":[{"name":"wp","href":"https:\/\/api.w.org\/{rel}","templated":true}]}}