{"id":622883,"date":"2026-06-23T22:26:48","date_gmt":"2026-06-23T22:26:48","guid":{"rendered":"https:\/\/www.europesays.com\/es\/622883\/"},"modified":"2026-06-23T22:26:48","modified_gmt":"2026-06-23T22:26:48","slug":"avatar-3%e2%80%b2-llega-finalmente-a-streaming-fecha-y-hora-de-estreno-en-disney","status":"publish","type":"post","link":"https:\/\/www.europesays.com\/es\/622883\/","title":{"rendered":"\u2018Avatar 3\u2032 llega finalmente a streaming: fecha y hora de estreno en Disney+"},"content":{"rendered":"<p>James Cameron est\u00e1 preparado para acabar con &#8216;Avatar&#8217; si la saga se vuelve un fracaso: \u00abSi aqu\u00ed termina, genial\u00bb<\/p>\n<p class=\"paragraph\">Despu\u00e9s de conquistar la taquilla mundial y ganar el Oscar a Mejores Efectos Visuales, <b>Avatar: Fuego y cenizas<\/b>, la tercera entrega de la exitosa saga creada por James Cameron, finalmente dar\u00e1 el salto al streaming. La esperada pel\u00edcula estar\u00e1 disponible desde este <b>24 de junio<\/b> en <b>Disney+<\/b>, donde los suscriptores podr\u00e1n regresar al universo de Pandora para conocer el siguiente cap\u00edtulo de la historia de Jake Sully y su familia.<\/p>\n<p class=\"paragraph\">El largometraje, estrenado originalmente en los cines el <b>19 de diciembre de 2025<\/b>, llega a la plataforma tras una espera cercana a los seis meses, un per\u00edodo m\u00e1s largo de lo habitual para los estrenos de Disney. Seg\u00fan explic\u00f3 el medio especializado Digital Spy, esta decisi\u00f3n responde a la preferencia de James Cameron por privilegiar la experiencia en salas de cine antes de que sus pel\u00edculas pasen a plataformas on demand.<\/p>\n<p class=\"paragraph\">La nueva pel\u00edcula retoma la historia de <b>Jake Sully<\/b>, <b>Neytiri<\/b> y el resto de la familia Sully. Tras sufrir una p\u00e9rdida devastadora, los protagonistas viven entre el clan Metkayina mientras intentan reconstruir sus vidas y proteger a uno de sus seres queridos.<\/p>\n<p><img alt=\"El Pueblo de las Cenizas, liderado por Varang, introduce una nueva amenaza y una visi\u00f3n distinta de los Na'vi.\" class=\"global-image\" decoding=\"async\" fetchpriority=\"low\" height=\"720\" loading=\"lazy\" src=\"https:\/\/www.europesays.com\/es\/wp-content\/uploads\/2026\/06\/QUZ2KZU2RJB4TEW5L6TCHKLCVI.webp\" width=\"1280\"\/>El Pueblo de las Cenizas, liderado por Varang, introduce una nueva amenaza y una visi\u00f3n distinta de los Na&#8217;vi.<\/p>\n<p class=\"paragraph\">Durante ese viaje conocen a dos nuevos pueblos Na\u2019vi. Por un lado aparecen los <b>Wind Traders<\/b>, una comunidad n\u00f3mada que viaja en enormes embarcaciones impulsadas por velas similares a medusas. En contraste, surge el <b>Pueblo de las Cenizas (Ash People)<\/b>, un clan marcado por el dolor, la ira y una compleja historia, liderado por <b>Varang<\/b>, personaje interpretado por Oona Chaplin.<\/p>\n<p class=\"paragraph\"><b>James Cameron<\/b> ya hab\u00eda adelantado que esta entrega mostrar\u00eda una faceta diferente de los Na\u2019vi. En entrevistas previas al estreno explic\u00f3 que quer\u00eda romper con la visi\u00f3n presentada en las primeras pel\u00edculas, donde los humanos representaban el lado m\u00e1s negativo y los Na\u2019vi aparec\u00edan como h\u00e9roes casi absolutos. Con el Pueblo de las Cenizas, el director introduce personajes moralmente m\u00e1s complejos y expande los conflictos internos de Pandora.<\/p>\n<p class=\"paragraph\">La tercera entrega re\u00fane nuevamente a gran parte del elenco que ha acompa\u00f1ado la franquicia desde sus inicios. <b>Sam Worthington<\/b> regresa como Jake Sully y <b>Zoe Salda\u00f1a<\/b> vuelve a interpretar a Neytiri, mientras que tambi\u00e9n participan <b>Sigourney Weaver<\/b>, <b>Stephen Lang<\/b>, <b>Joel David Moore<\/b>, <b>Jack Champion<\/b>, <b>Britain Dalton<\/b>, <b>Cliff Curtis<\/b>, <b>Kate Winslet<\/b>, <b>Bailey Bass<\/b>, <b>Jamie Flatters<\/b>, <b>Trinity Jo-Li Bliss<\/b> y <b>Filip Geljo<\/b>. La principal incorporaci\u00f3n es <b>Oona Chaplin<\/b>, quien da vida a Varang, la l\u00edder del Pueblo de las Cenizas.<\/p>\n<p><img alt=\"Avatar: Fire and Ash\" class=\"global-image\" decoding=\"async\" fetchpriority=\"low\" height=\"1080\" loading=\"lazy\" src=\"https:\/\/www.europesays.com\/es\/wp-content\/uploads\/2026\/06\/62Z3UC2ZLZBWRKJLUOXL3XIWKU.jpg\" width=\"1921\"\/>&#8216;Avatar: Fuego y cenizas&#8217; fue la tercera pel\u00edcula m\u00e1s taquillera de 2025, con ingresos cercanos a los 1.490 millones de d\u00f3lares en todo el mundo. (20th Century Studios)<\/p>\n<p class=\"paragraph\">James Cameron dirigi\u00f3 la pel\u00edcula y escribi\u00f3 el guion junto con Rick Jaffa y Amanda Silver. La historia fue desarrollada por Cameron, Jaffa, Silver, Josh Friedman y Shane Salerno.<\/p>\n<p class=\"paragraph\">\u2018Avatar: Fuego y cenizas\u2019 fue una de las pel\u00edculas m\u00e1s taquilleras de 2025. Durante su recorrido por los cines recaud\u00f3 aproximadamente <b>1.490 millones de d\u00f3lares<\/b> en todo el mundo, de los cuales <b>404,3 millones<\/b> provinieron de Estados Unidos y Canad\u00e1 y <b>1.086 millones<\/b> del resto de mercados internacionales.<\/p>\n<p class=\"paragraph\">Su desempe\u00f1o tambi\u00e9n impuls\u00f3 los ingresos de IMAX. La compa\u00f1\u00eda inform\u00f3 que la tercera pel\u00edcula de Avatar gener\u00f3 <b>112 millones de d\u00f3lares<\/b> en venta de entradas para ese formato, convirti\u00e9ndose en la producci\u00f3n de Hollywood con mayor recaudaci\u00f3n en la historia de IMAX.<\/p>\n<p><img alt=\"La dura advertencia de James Cameron sobre la actualidad del cine: \u201cHoy, estrenar \u2018Titanic\u2019 o \u2018Avatar\u2019 ser\u00eda imposible\u201d\" class=\"global-image\" decoding=\"async\" fetchpriority=\"low\" height=\"895\" loading=\"lazy\" src=\"https:\/\/www.europesays.com\/es\/wp-content\/uploads\/2026\/06\/HNSNSL2TFNBQVDQNJTXAUNQYWM.png\" width=\"1438\"\/>La espectacular puesta en escena volvi\u00f3 a convertir los efectos visuales en uno de los mayores atractivos de la saga.(Disney)<\/p>\n<p class=\"paragraph\">Por otro lado, en la temporada de premios, la cinta obtuvo el <b>Oscar 2026 a Mejores Efectos Visuales<\/b>, adem\u00e1s de una nominaci\u00f3n a Mejor Dise\u00f1o de Vestuario. Tambi\u00e9n recibi\u00f3 nominaciones a los Globos de Oro por la canci\u00f3n original <b>\u201cDream As One\u201d<\/b> y en la categor\u00eda de Logro Cinematogr\u00e1fico y de Taquilla.<\/p>\n<p>\u00bfCu\u00e1ndo y a qu\u00e9 hora se estrena \u2018Avatar: Fuego y cenizas\u2019 en Disney+?<\/p>\n<p class=\"paragraph\">Disney confirm\u00f3 que <b>\u2018Avatar: Fuego y cenizas\u2019<\/b> estar\u00e1 disponible <b>desde el martes 24 de junio<\/b> exclusivamente en Disney+. La plataforma liberar\u00e1 la pel\u00edcula a las <b>00:00 horas (PT)<\/b> en la costa oeste de Estados Unidos, <b>03:00 horas (ET)<\/b> en la costa este y <b>04:00 horas en Argentina<\/b>, siguiendo el horario habitual de sus estrenos internacionales.<\/p>\n<p class=\"paragraph\">Con su incorporaci\u00f3n al cat\u00e1logo, Disney+ reunir\u00e1 por primera vez las tres pel\u00edculas de la franquicia: <b>\u2018Avatar\u2019 (2009)<\/b>, <b>\u2018Avatar: El camino del agua\u2019 (2022)<\/b> y <b>\u2018Avatar: Fuego y cenizas\u2019<\/b>, adem\u00e1s del documental <b>\u2018Fire and Water: Making the Avatar Films\u2019<\/b>, que muestra el proceso de producci\u00f3n de las dos secuelas.<\/p>\n","protected":false},"excerpt":{"rendered":"James Cameron est\u00e1 preparado para acabar con &#8216;Avatar&#8217; si la saga se vuelve un fracaso: \u00abSi aqu\u00ed termina,&hellip;\n","protected":false},"author":2,"featured_media":622884,"comment_status":"","ping_status":"","sticky":false,"template":"","format":"standard","meta":{"footnotes":""},"categories":[169],"tags":[8609,231,65530,82,177,5797,146,147,25,24,176,175,23],"class_list":["post-622883","post","type-post","status-publish","format-standard","has-post-thumbnail","category-cine","tag-20th-century-studios","tag-arts","tag-avatar-fire-and-ash","tag-business","tag-cine","tag-culture","tag-entertainment","tag-entretenimiento","tag-es","tag-espana","tag-film","tag-movies","tag-spain"],"share_on_mastodon":{"url":"https:\/\/pubeurope.com\/@es\/116801778332618013","error":""},"_links":{"self":[{"href":"https:\/\/www.europesays.com\/es\/wp-json\/wp\/v2\/posts\/622883","targetHints":{"allow":["GET"]}}],"collection":[{"href":"https:\/\/www.europesays.com\/es\/wp-json\/wp\/v2\/posts"}],"about":[{"href":"https:\/\/www.europesays.com\/es\/wp-json\/wp\/v2\/types\/post"}],"author":[{"embeddable":true,"href":"https:\/\/www.europesays.com\/es\/wp-json\/wp\/v2\/users\/2"}],"replies":[{"embeddable":true,"href":"https:\/\/www.europesays.com\/es\/wp-json\/wp\/v2\/comments?post=622883"}],"version-history":[{"count":0,"href":"https:\/\/www.europesays.com\/es\/wp-json\/wp\/v2\/posts\/622883\/revisions"}],"wp:featuredmedia":[{"embeddable":true,"href":"https:\/\/www.europesays.com\/es\/wp-json\/wp\/v2\/media\/622884"}],"wp:attachment":[{"href":"https:\/\/www.europesays.com\/es\/wp-json\/wp\/v2\/media?parent=622883"}],"wp:term":[{"taxonomy":"category","embeddable":true,"href":"https:\/\/www.europesays.com\/es\/wp-json\/wp\/v2\/categories?post=622883"},{"taxonomy":"post_tag","embeddable":true,"href":"https:\/\/www.europesays.com\/es\/wp-json\/wp\/v2\/tags?post=622883"}],"curies":[{"name":"wp","href":"https:\/\/api.w.org\/{rel}","templated":true}]}}