{"id":623008,"date":"2026-06-24T00:18:36","date_gmt":"2026-06-24T00:18:36","guid":{"rendered":"https:\/\/www.europesays.com\/es\/623008\/"},"modified":"2026-06-24T00:18:36","modified_gmt":"2026-06-24T00:18:36","slug":"el-objetivo-del-baskonia-dj-stewart-jugara-con-macedonia-del-norte","status":"publish","type":"post","link":"https:\/\/www.europesays.com\/es\/623008\/","title":{"rendered":"El objetivo del Baskonia DJ Stewart jugar\u00e1 con Macedonia del Norte"},"content":{"rendered":"<p>\n        El <a href=\"https:\/\/www.noticiasdealava.eus\/baskonia\/\" title=\"Kosner Baskonia\" class=\"link copy\" rel=\"nofollow noopener\" target=\"_blank\">Kosner Baskonia<\/a> contin\u00faa trabajando en los despachos en la planificaci\u00f3n de su plantilla para la pr\u00f3xima y<strong> est\u00e1 cerca de completar una jugada maestra con el fichaje del alero DJ Stewart, que pronto dejar\u00e1 de computar como extracomunitario<\/strong> en la ACB.\n<\/p>\n<p class=\"article-body__text \">\n        Seg\u00fan ha hecho <a href=\"https:\/\/mkd.basketball\/post\/divejn-stjuard-junior-novata-amerikanska-energij\" title=\"oficial la Federaci\u00f3n de Baloncesto de Macedonia del Norte\" rel=\"nofollow noopener\" class=\"link copy\" target=\"_blank\">oficial la Federaci\u00f3n de Baloncesto de Macedonia del Norte<\/a>, el alero estadounidense <strong>ha obtenido luz verde para ser nacionalizado macedonio y estar\u00e1 disponible para las siguientes convocatorias<\/strong> del combinado del sureste de Europa.\n<\/p>\n<p>            <a href=\"https:\/\/www.noticiasdealava.eus\/baskonia\/2026\/06\/17\/baskonia-confirma-interes-dj-stewart-11212114.html\" title=\"&quot;DJ Stewart nos gusta&quot;, asegura Fern\u00e1ndez\" class=\"new__media\" rel=\"nofollow noopener\" target=\"_blank\"><\/p>\n<p>                <img alt=\"&quot;DJ Stewart nos gusta&quot;, asegura Fern\u00e1ndez\" data-src=\"https:\/\/estaticosgn-cdn.deia.eus\/clip\/35868a15-dd55-4cfc-8438-d43b525ad510_16-9-aspect-ratio_default_0_x521y230.\" class=\"lozad\"\/><\/p>\n<p>        <\/a><\/p>\n<p>        <a href=\"https:\/\/www.noticiasdealava.eus\/baskonia\/2026\/06\/17\/baskonia-confirma-interes-dj-stewart-11212114.html\" title=\"&quot;DJ Stewart nos gusta&quot;, asegura Fern\u00e1ndez\" class=\"new__headline\" rel=\"nofollow noopener\" target=\"_blank\"><br \/>\n            \u00abDJ Stewart nos gusta\u00bb, asegura Fern\u00e1ndez<br \/>\n        <\/a><\/p>\n<p class=\"article-body__text \">\n        \u00ab<strong>El jugador de baloncesto estadounidense DeWayne Stewart Jr. ser\u00e1 el nuevo jugador nacionalizado de la selecci\u00f3n nacional<\/strong>, lo que le dar\u00e1 al cuerpo t\u00e9cnico otra opci\u00f3n de calidad en la l\u00ednea exterior. Se trata de un jugador de baloncesto con profundas ra\u00edces estadounidenses y una amplia experiencia competitiva\u00bb, informa el comunicado de Macedonia del Norte.\n<\/p>\n<p class=\"article-body__text \">\n        \u00abStewart es un jugador que <strong>combina velocidad, f\u00edsico y potencial ofensivo. Puede manejar el bal\u00f3n, crear oportunidades de tiro y ser una amenaza en la transici\u00f3n<\/strong>. Se espera que estas caracter\u00edsticas aporten una cualidad adicional a la selecci\u00f3n macedonia, especialmente en partidos donde se requiere calidad individual y mayor amplitud en el ataque\u00bb, a\u00f1ade.\n<\/p>\n<p>            <a href=\"https:\/\/www.noticiasdealava.eus\/baskonia\/2026\/06\/11\/dj-stewart-baskonia-mercado-de-fichajes-11189501.html\" title=\"Colocan a DJ Stewart en el radar del Baskonia\" class=\"new__media\" rel=\"nofollow noopener\" target=\"_blank\"><\/p>\n<p>                <img alt=\"Colocan a DJ Stewart en el radar del Baskonia\" data-src=\"https:\/\/www.europesays.com\/es\/wp-content\/uploads\/2026\/06\/1782260315_494_5efb0f66-11f1-493c-8891-adc6015d4fda_16-9-aspect-ratio_default_0_x438y640.jpg\" class=\"lozad\"\/><\/p>\n<p>        <\/a><\/p>\n<p>        <a href=\"https:\/\/www.noticiasdealava.eus\/baskonia\/2026\/06\/11\/dj-stewart-baskonia-mercado-de-fichajes-11189501.html\" title=\"Colocan a DJ Stewart en el radar del Baskonia\" class=\"new__headline\" rel=\"nofollow noopener\" target=\"_blank\"><br \/>\n            Colocan a DJ Stewart en el radar del Baskonia<br \/>\n        <\/a><\/p>\n<p class=\"article-body__text \">\n        Cabe mencionar que <strong>el seleccionador de Macedonia del Norte es desde el pasado mes de enero Josep Maria Berrocal, que ejerci\u00f3 de entrenador asistente en el Baskonia<\/strong> en la temporada 2019-20 en la que el conjunto vitoriano termin\u00f3 proclam\u00e1ndose campe\u00f3n de la ACB.\n<\/p>\n<p class=\"article-body__text \">\n        La presencia de un viejo conocido de la entidad alavesa seguro que ha facilitado que se cierre la operaci\u00f3n, <strong>beneficiosa tanto para la selecci\u00f3n<\/strong>, que adquiere a uno de los jugadores m\u00e1s destacados de la Eurocup, <strong>como para el jugador<\/strong>, cuya cotizaci\u00f3n en Europa aumenta con el pasaporte, <strong>como para el Baskonia<\/strong>, ya que en caso de hacerse oficial su fichaje no ocupar\u00e1 plaza de extracomunitario y no se solapar\u00e1 con Markus Howard y Kobi Simmons.\n<\/p>\n<p>            <a href=\"https:\/\/www.noticiasdealava.eus\/baskonia\/2026\/06\/22\/agencia-libre-euroliga-rostros-conocidos-baskonia-11234305.html\" title=\"Una agencia libre de la Euroliga con rostros conocidos\" class=\"new__media\" rel=\"nofollow noopener\" target=\"_blank\"><\/p>\n<p>                <img alt=\"Una agencia libre de la Euroliga con rostros conocidos\" data-src=\"https:\/\/www.europesays.com\/es\/wp-content\/uploads\/2026\/06\/1782260316_390_8fa3c4cf-aab7-4915-a061-9b1c79fb7ff2_16-9-aspect-ratio_default_0.jpg\" class=\"lozad\"\/><\/p>\n<p>        <\/a><\/p>\n<p>        <a href=\"https:\/\/www.noticiasdealava.eus\/baskonia\/2026\/06\/22\/agencia-libre-euroliga-rostros-conocidos-baskonia-11234305.html\" title=\"Una agencia libre de la Euroliga con rostros conocidos\" class=\"new__headline\" rel=\"nofollow noopener\" target=\"_blank\"><br \/>\n            Una agencia libre de la Euroliga con rostros conocidos<br \/>\n        <\/a><\/p>\n<p class=\"article-body__text \">\n        El director deportivo <strong>F\u00e9lix Fern\u00e1ndez ya desliz\u00f3 en su \u00faltima intervenci\u00f3n ante los medios de comunicaci\u00f3n que DJ Stewart es un jugador que \u00abgusta mucho\u00bb al club<\/strong> y, ahora que va adquirir el pasaporte macedonio, se convierte en un perfil m\u00e1s valioso si cabe para reforzar la plantilla sin condicionarla en las convocatorias de ACB y dando a\u00fan margen a que se contrate ese tercer extracomunitario que se contempla en Zurbano.\n<\/p>\n<p class=\"article-body__text \">\n        <strong>Para poder computar como jugador comunitario en la ACB es necesario que debute en un encuentro oficial con la selecci\u00f3n, algo que podr\u00eda llegar tan pronto como el pr\u00f3ximo 2 de julio<\/strong>, cuando Macedonia del Norte se enfrentar\u00e1 a Irlanda en el Preclasificatorio para el Eurobasket 2029, mientras que tres d\u00edas despu\u00e9s se medir\u00e1 a Luxemburgo.\n<\/p>\n<p class=\"article-body__text \">\n        Ser\u00eda lo ideal para el Baskonia, ya que as\u00ed DJ Stewart comenzar\u00eda la pretemporada ya con su pasaporte comunitario garantizado, aunque tambi\u00e9n le servir\u00eda <strong>esperar a la pr\u00f3xima ventana FIBA, que tendr\u00e1 lugar en agosto<\/strong> y tambi\u00e9n le permitir\u00eda llegar a la Supercopa con el pasaporte.<\/p>\n","protected":false},"excerpt":{"rendered":"El Kosner Baskonia contin\u00faa trabajando en los despachos en la planificaci\u00f3n de su plantilla para la pr\u00f3xima y&hellip;\n","protected":false},"author":2,"featured_media":623009,"comment_status":"","ping_status":"","sticky":false,"template":"","format":"standard","meta":{"footnotes":""},"categories":[269],"tags":[299,298,4714,168,3973,25,24,10660,661,23,167,42755],"class_list":["post-623008","post","type-post","status-publish","format-standard","has-post-thumbnail","category-baloncesto","tag-baloncesto","tag-basketball","tag-baskonia","tag-deportes","tag-dj","tag-es","tag-espana","tag-jugara","tag-objetivo","tag-spain","tag-sports","tag-stewart"],"share_on_mastodon":{"url":"https:\/\/pubeurope.com\/@es\/116802218023089968","error":""},"_links":{"self":[{"href":"https:\/\/www.europesays.com\/es\/wp-json\/wp\/v2\/posts\/623008","targetHints":{"allow":["GET"]}}],"collection":[{"href":"https:\/\/www.europesays.com\/es\/wp-json\/wp\/v2\/posts"}],"about":[{"href":"https:\/\/www.europesays.com\/es\/wp-json\/wp\/v2\/types\/post"}],"author":[{"embeddable":true,"href":"https:\/\/www.europesays.com\/es\/wp-json\/wp\/v2\/users\/2"}],"replies":[{"embeddable":true,"href":"https:\/\/www.europesays.com\/es\/wp-json\/wp\/v2\/comments?post=623008"}],"version-history":[{"count":0,"href":"https:\/\/www.europesays.com\/es\/wp-json\/wp\/v2\/posts\/623008\/revisions"}],"wp:featuredmedia":[{"embeddable":true,"href":"https:\/\/www.europesays.com\/es\/wp-json\/wp\/v2\/media\/623009"}],"wp:attachment":[{"href":"https:\/\/www.europesays.com\/es\/wp-json\/wp\/v2\/media?parent=623008"}],"wp:term":[{"taxonomy":"category","embeddable":true,"href":"https:\/\/www.europesays.com\/es\/wp-json\/wp\/v2\/categories?post=623008"},{"taxonomy":"post_tag","embeddable":true,"href":"https:\/\/www.europesays.com\/es\/wp-json\/wp\/v2\/tags?post=623008"}],"curies":[{"name":"wp","href":"https:\/\/api.w.org\/{rel}","templated":true}]}}