{"id":623165,"date":"2026-06-24T02:39:29","date_gmt":"2026-06-24T02:39:29","guid":{"rendered":"https:\/\/www.europesays.com\/es\/623165\/"},"modified":"2026-06-24T02:39:29","modified_gmt":"2026-06-24T02:39:29","slug":"tom-pidcock-se-lleva-la-andorra-morabanc-classica-por-delante-de-carlos-verona-esciclismo","status":"publish","type":"post","link":"https:\/\/www.europesays.com\/es\/623165\/","title":{"rendered":"Tom Pidcock se lleva la Andorra MoraBanc Cl\u00e0ssica por delante de Carlos Verona &#8211; Esciclismo"},"content":{"rendered":"<ol>\n<li><a href=\"https:\/\/news.google.com\/rss\/articles\/CBMiakFVX3lxTE5HMGhpdC1uWUt3UEhHcFRaVDBnUlpiVUdmb0FEbWZMa0hCS29HWXQ3M3V1cjQ4eWxFWjlTdm11R05zNzRZNUhwSlQ5ZGxfcjJvMFpaalVtRF82cUl0NTZvLUZnM19OdWpENlE?oc=5\" target=\"_blank\" rel=\"nofollow noopener\">Tom Pidcock se lleva la Andorra MoraBanc Cl\u00e0ssica por delante de Carlos Verona<\/a>&nbsp;&nbsp;Esciclismo<\/li>\n<li><a href=\"https:\/\/news.google.com\/rss\/articles\/CBMijAFBVV95cUxQcUZLSHl6RFh0eHJPR3BHRG1YYUQzRlNmVGhXWFNSTTBnMFVOQnoxanVoSmdnVHdfMUU1S1FFWUxiTVBKNDhqYmpJRlhVd2lnaWRzellVcHduY3lMaS1NNElmTmZuWnhsUDJIMV9DQVBPN19vbUh3TnA2T0ZSX3hic1hCNmlCTEFDd0JNWA?oc=5\" target=\"_blank\" rel=\"nofollow noopener\">Tom Pidcock reaparece y gana en Andorra antes del Tour de Francia<\/a>&nbsp;&nbsp;ESMTB.com<\/li>\n<li><a href=\"https:\/\/news.google.com\/rss\/articles\/CBMiowFBVV95cUxOcmFLdXJiMjlaTFlIU3ltNk16UE9nRG4xRzlOYUhOa3hNZ2lSemo3WlpMMkc2SE5jSmlEM3U4UWtMVkt4X3dCa3c5TGtBQzhoeHlQcXNIMkFiYlFqLTZFTExjMkJuS0toNkR5d2Y2b2IwdG5KT3BVa2xqS2ZmQWJZeFFRQVNDdm5OVjNjQnZfZmNKQ3dNSFN2N1ZwZEY2M1pxSkQw0gG3AUFVX3lxTFB6dElOX2M3QWNYNTBDdXRYMzVpOEhUbVJESmYyMzNKeGIzQTU4N1FzVlJsZjM4SGlmUEJIOEQtSUk3V2JIa2pQb0N2Tk55eVdqYkQta2poN25ob3hLVDBSMEhjLUNkZ0lNMk5HNXFpX1g2c3VSenc5UzdLRzNCQjNyRjVZeGhBbkZwNFZyQ055QktkRGlqZTN2Y2pPWkE2Z0N2c3p6QXFUZWFZeEVMa290ZlN1R0NhUQ?oc=5\" target=\"_blank\" rel=\"nofollow noopener\">Pidcock y Philipsen se interponen a Aranburu y Verona<\/a>&nbsp;&nbsp;Diario AS<\/li>\n<li><a href=\"https:\/\/news.google.com\/rss\/articles\/CBMitwFBVV95cUxNdVlOWV9RaldTaUo2OW1EM2phZjRRUlN3ZEFpUERDczJ4WVRaNlp0S1pTU19LLTRydmtkLUdNcUU3SFR4NzY2QTh3Q3RrRzVfcDAyaHpqVUg3S3VUZm5wWUxhN3VJUER2TGJaMlBMTm5BR3Zic2hUc2xZZVh5OXNZRUk0NHE4SFptSWFDbzdWR2hvYzFPUUZxR2pIajNJcUFtZWZTbnl3X1E4a2tjbVBzdnJBbGxhZnc?oc=5\" target=\"_blank\" rel=\"nofollow noopener\">Andorra Morabanc Cl\u00e0ssica: el ciclismo de alta monta\u00f1a se traslada al pa\u00eds de los Pirineos<\/a>&nbsp;&nbsp;Zikloland<\/li>\n<li><a href=\"https:\/\/news.google.com\/rss\/articles\/CBMilwFBVV95cUxORkJPZXgtYWVrc0p4b2VSTUFBb25OYnRTREdSZnZLdmtfRjhmQjE3cHNfdW9sUkIyS0xuUG9jNE83eUVvYVUxRmN0WEwwdEt0cUs5RjFvZUVnUlJNdVVSaFFuclY5QmxCMkNxd0lMR1FLTG9lQjhRT0Q4dmlLXzZyamR5ZGZVV1luNEh4SHBCWmJ5ckJBR0lZ0gGXAUFVX3lxTFBERDgtYWRzZHhkYWlfclFmOE0ydWZ2Mkwtck9KZjgyVkFtYktXVEptTlNaTklOXzZ0akpFZm1USEVkd3p3Q1UxODVGZkt2cWdRLWZDN01INFBmc0h0Uk5fc1V6djM2YXBRYldKemk4bEhkQlNzSVY5QklYaEgyTDI0RmhBcUo4RmZac3lHbHh0cUZZRkhJdjg?oc=5\" target=\"_blank\" rel=\"nofollow noopener\">Pidcock manda en Andorra y deja a Verona con la miel en los labios<\/a>&nbsp;&nbsp;MARCA<\/li>\n<\/ol>\n","protected":false},"excerpt":{"rendered":"Tom Pidcock se lleva la Andorra MoraBanc Cl\u00e0ssica por delante de Carlos Verona&nbsp;&nbsp;Esciclismo Tom Pidcock reaparece y gana&hellip;\n","protected":false},"author":2,"featured_media":623166,"comment_status":"","ping_status":"","sticky":false,"template":"","format":"standard","meta":{"footnotes":""},"categories":[273],"tags":[20872,3196,10098,988,115979,828,5830,313,1757,76606,39972,312,168,11802,7368,1053,2197,25,24,1058,15112,5215,62895,5808,915,59694,19833,18278,48689,23408,18807,18279,3745,57,23,167,9459,12092],"class_list":["post-623165","post","type-post","status-publish","format-standard","has-post-thumbnail","category-ciclismo","tag-adjudicado","tag-alto","tag-andorra","tag-anos","tag-botel","tag-botella","tag-britanico","tag-ciclismo","tag-ciclista","tag-classica","tag-coll","tag-cycling","tag-deportes","tag-desnivel","tag-disputada","tag-domingo","tag-edicion","tag-es","tag-espana","tag-final","tag-impuso","tag-kilometros","tag-leeds","tag-llegada","tag-metros","tag-morabanc","tag-nacido","tag-pidcock","tag-pinarello","tag-positivo","tag-principado","tag-q","tag-segunda","tag-sobre","tag-spain","tag-sports","tag-tom","tag-vella"],"share_on_mastodon":{"url":"https:\/\/pubeurope.com\/@es\/116802772189544580","error":""},"_links":{"self":[{"href":"https:\/\/www.europesays.com\/es\/wp-json\/wp\/v2\/posts\/623165","targetHints":{"allow":["GET"]}}],"collection":[{"href":"https:\/\/www.europesays.com\/es\/wp-json\/wp\/v2\/posts"}],"about":[{"href":"https:\/\/www.europesays.com\/es\/wp-json\/wp\/v2\/types\/post"}],"author":[{"embeddable":true,"href":"https:\/\/www.europesays.com\/es\/wp-json\/wp\/v2\/users\/2"}],"replies":[{"embeddable":true,"href":"https:\/\/www.europesays.com\/es\/wp-json\/wp\/v2\/comments?post=623165"}],"version-history":[{"count":0,"href":"https:\/\/www.europesays.com\/es\/wp-json\/wp\/v2\/posts\/623165\/revisions"}],"wp:featuredmedia":[{"embeddable":true,"href":"https:\/\/www.europesays.com\/es\/wp-json\/wp\/v2\/media\/623166"}],"wp:attachment":[{"href":"https:\/\/www.europesays.com\/es\/wp-json\/wp\/v2\/media?parent=623165"}],"wp:term":[{"taxonomy":"category","embeddable":true,"href":"https:\/\/www.europesays.com\/es\/wp-json\/wp\/v2\/categories?post=623165"},{"taxonomy":"post_tag","embeddable":true,"href":"https:\/\/www.europesays.com\/es\/wp-json\/wp\/v2\/tags?post=623165"}],"curies":[{"name":"wp","href":"https:\/\/api.w.org\/{rel}","templated":true}]}}