{"id":623516,"date":"2026-06-24T08:34:36","date_gmt":"2026-06-24T08:34:36","guid":{"rendered":"https:\/\/www.europesays.com\/es\/623516\/"},"modified":"2026-06-24T08:34:36","modified_gmt":"2026-06-24T08:34:36","slug":"un-nuevo-generico-de-teva-amplia-las-opciones-terapeuticas-frente-a-la-epilepsia","status":"publish","type":"post","link":"https:\/\/www.europesays.com\/es\/623516\/","title":{"rendered":"Un nuevo gen\u00e9rico de Teva ampl\u00eda las opciones terap\u00e9uticas frente a la epilepsia"},"content":{"rendered":"<p>Teva Pharmaceuticals Espa\u00f1a lanza en nuestro pa\u00eds Perampanel Teva, medicamento gen\u00e9rico de Fycompa\u00ae (Eisai GmbH), indicado como tratamiento concomitante de determinados tipos de crisis epil\u00e9pticas en pacientes pedi\u00e1tricos y adultos, reforzando as\u00ed su compromiso con el abordaje de las enfermedades neurol\u00f3gicas.Con esta incorporaci\u00f3n, la compa\u00f1\u00eda contin\u00faa ampliando su portfolio de &#8230;            &#13;\n        <\/p>\n<p> &#13;<br \/>\n&#13;<\/p>\n<p><strong>Teva Pharmaceuticals Espa\u00f1a<\/strong> lanza en nuestro pa\u00eds <strong>Perampanel Teva<\/strong>, medicamento gen\u00e9rico de <strong>Fycompa<\/strong>\u00ae (Eisai GmbH), indicado como tratamiento concomitante de determinados tipos de crisis epil\u00e9pticas en pacientes pedi\u00e1tricos y adultos, reforzando as\u00ed su compromiso con el abordaje de las enfermedades neurol\u00f3gicas.<\/p>\n<p>Con esta incorporaci\u00f3n, la compa\u00f1\u00eda contin\u00faa ampliando su portfolio de medicamentos en el \u00e1rea del <strong>sistema nervioso central<\/strong> (SNC), una de las \u00e1reas terap\u00e9uticas estrat\u00e9gicas para Teva a nivel global. Este lanzamiento supone un nuevo paso en la apuesta de la compa\u00f1\u00eda por facilitar el acceso a tratamientos de calidad, contribuir a la sostenibilidad del sistema sanitario y responder a las necesidades de pacientes y profesionales sanitarios en patolog\u00edas neurol\u00f3gicas de alta complejidad.<\/p>\n<p>Este f\u00e1rmaco es un <strong>antiepil\u00e9ptico<\/strong> perteneciente al grupo farmacoterap\u00e9utico &#8216;otros antiepil\u00e9pticos&#8217; y est\u00e1 indicado como tratamiento concomitante de las <strong>crisis de inicio parcial<\/strong> (CIP), con o sin crisis generalizadas secundarias, en pacientes a partir de 4 a\u00f1os de edad, as\u00ed como de las <strong>crisis tonicocl\u00f3nicas generalizadas primarias<\/strong> (CTGP) en pacientes a partir de 7 a\u00f1os con epilepsia idiop\u00e1tica generalizada (EIG).<\/p>\n<p><strong>Presentaciones<\/strong><\/p>\n<p> &#13;<\/p>\n<p>El medicamento se presenta en formato de <strong>bl\u00edster unidosis<\/strong> y cuenta con un per\u00edodo de caducidad de dos a\u00f1os. El nuevo medicamento estar\u00e1 disponible en seis presentaciones de comprimidos recubiertos con pel\u00edcula:<\/p>\n<ul>\n<li><strong>2 mg<\/strong> \u2013 28 comprimidos<\/li>\n<li><strong>4 mg<\/strong> \u2013 28 comprimidos<\/li>\n<li><strong>6 mg<\/strong> \u2013 28 comprimidos<\/li>\n<li><strong>8 mg<\/strong> \u2013 28 comprimidos<\/li>\n<li><strong>10 mg<\/strong> \u2013 28 comprimidos<\/li>\n<li><strong>12 mg<\/strong> \u2013 28 comprimidos<\/li>\n<\/ul>\n<p>Este lanzamiento refleja el compromiso continuo de la compa\u00f1\u00eda con la mejora de la salud, explica <strong>Eva de Vicente<\/strong>, directora senior de la Unidad de Gen\u00e9ricos, Biosimilares y OTC de Teva Espa\u00f1a. En este sentido, destaca que \u00abla Neurociencia es una de las \u00e1reas estrat\u00e9gicas para Teva y este lanzamiento refuerza nuestra voluntad de seguir aportando valor al sistema sanitario mediante medicamentos gen\u00e9ricos de alta calidad. Nuestro objetivo es continuar ampliando el acceso a terapias esenciales y contribuir a una atenci\u00f3n m\u00e1s eficiente y sostenible\u00bb.<\/p>\n<p>La epilepsia es una de las enfermedades neurol\u00f3gicas cr\u00f3nicas m\u00e1s frecuentes en el mundo y afecta a personas de todas las edades. En Espa\u00f1a, se estima que <strong>alrededor de 500.000 personas conviven con esta patolog\u00eda<\/strong> y que cada a\u00f1o se diagnostican unos 20.000 nuevos casos, es decir, unos 40 nuevos casos porcada 100.000 habitantes. Adem\u00e1s, diferentes estudios epidemiol\u00f3gicos sit\u00faan la prevalencia de epilepsia activa en Espa\u00f1a en torno a 5,8 casos por cada 1.000 habitantes adultos.<\/p>\n<p>La enfermedad se caracteriza por una <strong>predisposici\u00f3n persistente a presentar crisis epil\u00e9pticas<\/strong>, que pueden manifestarse de diferentes formas y tener un importante impacto f\u00edsico, psicol\u00f3gico y social. Adem\u00e1s de las propias crisis, muchos pacientes conviven con limitaciones en su vida diaria, dificultades de integraci\u00f3n social y laboral, as\u00ed como un mayor riesgo de ansiedad o depresi\u00f3n. Aunque una gran parte de los pacientes logra controlar las crisis con tratamiento farmacol\u00f3gico, se calcula que <strong>hasta un tercio de las personas con epilepsia puede presentar epilepsia farmacorresistente<\/strong>, lo que supone un importante impacto en la calidad de vida, la autonom\u00eda personal y la carga asistencial.<\/p>\n<p><strong>Compromiso con el acceso y la sostenibilidad<\/strong><\/p>\n<p>Este lanzamiento Teva se enmarca en la estrategia de la compa\u00f1\u00eda de seguir ampliando su portfolio de medicamentos gen\u00e9ricos y especializados en \u00e1reas terap\u00e9uticas de elevada necesidad m\u00e9dica, como neurolog\u00eda, salud mental y enfermedades cr\u00f3nicas complejas. Este a\u00f1o, la compa\u00f1\u00eda tambi\u00e9n puso a disposici\u00f3n de los pacientes espa\u00f1oles el medicamento gen\u00e9rico de <strong>rivaroxab\u00e1n<\/strong>, un tratamiento indicado para prevenir y tratar la formaci\u00f3n de co\u00e1gulos sangu\u00edneos, as\u00ed como la prevenci\u00f3n del tromboembolismo venoso (TEV) en pacientes adultos sometidos a cirug\u00eda electiva de remplazo de cadera o rodilla. <\/p>\n<p>Se trata de un tratamiento anticoagulante, tambi\u00e9n conocido como anticoagulante oral de acci\u00f3n directa. El tratamiento est\u00e1 indicado para la <strong>prevenci\u00f3n del ictus y de la embolia sist\u00e9mica en pacientes adultos con fibrilaci\u00f3n auricular no valvular<\/strong>, con uno o m\u00e1s factores de riesgo como, por ejemplo, insuficiencia cardiaca congestiva; hipertensi\u00f3n en mayores de 75, diabetes mellitus; ictus o ataque isqu\u00e9mico transitorio previos. Tambi\u00e9n para el tratamiento de la trombosis venosa profunda (TVP) y de la embolia pulmonar (EP), y prevenci\u00f3n de las recurrencias de la TVP y de la EP en adultos.<\/p>\n","protected":false},"excerpt":{"rendered":"Teva Pharmaceuticals Espa\u00f1a lanza en nuestro pa\u00eds Perampanel Teva, medicamento gen\u00e9rico de Fycompa\u00ae (Eisai GmbH), indicado como tratamiento&hellip;\n","protected":false},"author":2,"featured_media":623517,"comment_status":"","ping_status":"","sticky":false,"template":"","format":"standard","meta":{"footnotes":""},"categories":[92],"tags":[7767,19363,8645,116015,4170,8885,116014,39557,87633,25,24,11969,3419,116013,95124,165,524,1173,1817,97935,116012,27237,166,1139,23,38219,36768,1064],"class_list":["post-623516","post","type-post","status-publish","format-standard","has-post-thumbnail","category-salud","tag-adultos","tag-amplia","tag-ciertas","tag-concomitante","tag-crisis","tag-disponible","tag-empleara","tag-epilepsia","tag-epilepticas","tag-es","tag-espana","tag-estara","tag-frente","tag-fycompa","tag-generico","tag-health","tag-nuevo","tag-opciones","tag-pacientes","tag-pediatricos","tag-perampanel","tag-presentaciones","tag-salud","tag-seis","tag-spain","tag-terapeuticas","tag-teva","tag-tratamiento"],"share_on_mastodon":{"url":"https:\/\/pubeurope.com\/@es\/116804168373676656","error":""},"_links":{"self":[{"href":"https:\/\/www.europesays.com\/es\/wp-json\/wp\/v2\/posts\/623516","targetHints":{"allow":["GET"]}}],"collection":[{"href":"https:\/\/www.europesays.com\/es\/wp-json\/wp\/v2\/posts"}],"about":[{"href":"https:\/\/www.europesays.com\/es\/wp-json\/wp\/v2\/types\/post"}],"author":[{"embeddable":true,"href":"https:\/\/www.europesays.com\/es\/wp-json\/wp\/v2\/users\/2"}],"replies":[{"embeddable":true,"href":"https:\/\/www.europesays.com\/es\/wp-json\/wp\/v2\/comments?post=623516"}],"version-history":[{"count":0,"href":"https:\/\/www.europesays.com\/es\/wp-json\/wp\/v2\/posts\/623516\/revisions"}],"wp:featuredmedia":[{"embeddable":true,"href":"https:\/\/www.europesays.com\/es\/wp-json\/wp\/v2\/media\/623517"}],"wp:attachment":[{"href":"https:\/\/www.europesays.com\/es\/wp-json\/wp\/v2\/media?parent=623516"}],"wp:term":[{"taxonomy":"category","embeddable":true,"href":"https:\/\/www.europesays.com\/es\/wp-json\/wp\/v2\/categories?post=623516"},{"taxonomy":"post_tag","embeddable":true,"href":"https:\/\/www.europesays.com\/es\/wp-json\/wp\/v2\/tags?post=623516"}],"curies":[{"name":"wp","href":"https:\/\/api.w.org\/{rel}","templated":true}]}}