{"id":623585,"date":"2026-06-24T09:26:22","date_gmt":"2026-06-24T09:26:22","guid":{"rendered":"https:\/\/www.europesays.com\/es\/623585\/"},"modified":"2026-06-24T09:26:22","modified_gmt":"2026-06-24T09:26:22","slug":"la-aemet-avisa-a-espana-de-lo-que-va-a-pasar-con-la-ola-de-calor-en-las-proximas-horas-estas-son-las-zonas-afectadas","status":"publish","type":"post","link":"https:\/\/www.europesays.com\/es\/623585\/","title":{"rendered":"La Aemet avisa a Espa\u00f1a de lo que va a pasar con la ola de calor en las pr\u00f3ximas horas: estas son las zonas afectadas"},"content":{"rendered":"<p><img decoding=\"async\" class=\"v-ath__i\" loading=\"lazy\" src=\"https:\/\/www.europesays.com\/es\/wp-content\/uploads\/2026\/06\/autor-5051-foto-8.png\" alt=\"In\u00e9s Romero\"\/><\/p>\n<p>24\/06\/2026<\/p>\n<p>Actualizado a las 08:42h.<\/p>\n<p class=\"v-d-p\" style=\"\">La <a href=\"https:\/\/www.abc.es\/sociedad\/aemet-pone-fecha-fin-ola-calor-espana-20260623082509-nt.html\" title=\"www.abc.es\" data-voc-vtm-id=\"in-text-traffic\" data-mrf-link=\"www.abc.es\" rel=\"nofollow noopener\" target=\"_blank\">primera ola de calor<\/a> del verano <strong>ha llegado a Espa\u00f1a<\/strong> y sus efectos ya se est\u00e1n notando en buena parte del pa\u00eds. Las temperaturas han subido de forma notable en los \u00faltimos d\u00edas, con valores muy por encima de lo habitual para esta \u00e9poca del a\u00f1o.<\/p>\n<p class=\"v-d-p\" style=\"\">Este pasado lunes 22 de junio, m\u00e1s de 100 estaciones (compuesta por un total de 828) de la red de Agencia Estatal de Meteorolog\u00eda (Aemet) han alcanzado o incluso <strong>superado los 40 grados<\/strong>. \u00abEn And\u00fajar (Ja\u00e9n), los term\u00f3metros se han situado en los 45 grados y se han registrado m\u00e1s de 42 grados en el nordeste peninsular\u00bb, explica el organismo en sus redes sociales.<\/p>\n<p class=\"v-d-p\" style=\"\">Asimismo, en la madrugada del martes 23 de junio, la entidad informa de que \u00abha habido una treintena de estaciones en las que <strong>no se ha bajado de los 25 grados<\/strong>\u00bb. \u00abHasta 2026 nunca se hab\u00edan medido m\u00ednimas de 30 grados o m\u00e1s en junio\u00bb, apunta.<\/p>\n<ul class=\"v-cmp-rld__u\">\n<li class=\"v-cmp-rld__l\">\n<p><a class=\"v-a-lnk\" href=\"http:\/\/www.abc.es\/sociedad\/aemet-pone-fecha-fin-ola-calor-espana-20260623082509-nt.html#vtm_modulosEngag=noticiasrelacionadas-cmp-uno:sociedad:noticia:1\" title=\"La Aemet pone fecha al fin de la ola de calor y avisa del regreso de la lluvia\" data-voc-vtm-id=\"in-text-traffic\" rel=\"nofollow noopener\" target=\"_blank\"><br \/>\n<img decoding=\"async\" loading=\"lazy\" src=\"https:\/\/www.europesays.com\/es\/wp-content\/uploads\/2026\/06\/lluvia2-kEMC--366x256@diario_abc.jpg\" class=\"v-a-img\" width=\"258\" height=\"180\" alt=\"La Aemet pone fecha al fin de la ola de calor y avisa del regreso de la lluvia\"\/><br \/>\n<\/a><\/p>\n<\/li>\n<\/ul>\n<p class=\"v-d-p\" style=\"\">Esta situaci\u00f3n ha obligado a la Aemet a activar <a href=\"https:\/\/www.abc.es\/recreo\/mario-picazo-fecha-fin-ola-calor-espana-20260622114559-nt.html\" title=\"www.abc.es\" data-voc-vtm-id=\"in-text-traffic\" data-mrf-link=\"www.abc.es\" rel=\"nofollow noopener\" target=\"_blank\">avisos rojos<\/a> por todo el territorio nacional. \u00ab<strong>Peligro importante en amplias zonas de la pen\u00ednsula<\/strong> por temperaturas m\u00e1ximas muy altas. Muchas precauci\u00f3n\u00bb, advierte. Guip\u00fazcoa, Vizcaya, Cantabria, C\u00f3rdoba y Ja\u00e9n han sido algunos de los lugares m\u00e1s afectados.<\/p>\n<blockquote class=\"twitter-tweet\">\n<p lang=\"es\" dir=\"ltr\">\u26a0\ufe0f OLA DE CALOR | Peligro importante en amplias zonas de la Pen\u00ednsula por temperaturas m\u00e1ximas muy altas.<\/p>\n<p>\ud83d\udd34 Aviso rojo en zonas de Gipuzkoa, Bizkaia y Cantabria por m\u00e1s de 40 \u00b0C; en C\u00f3rdoba y Ja\u00e9n, podr\u00e1n superarse los 44 \u00b0C. Peligro extraordinario. \u00a1Mucha precauci\u00f3n!<\/p>\n<p>1\/2 <a href=\"https:\/\/t.co\/lJB9bMufEm\" rel=\"nofollow\">pic.twitter.com\/lJB9bMufEm<\/a><\/p>\n<p>\u2014 AEMET (@AEMET_Esp) <a href=\"https:\/\/x.com\/AEMET_Esp\/status\/2069359599224852945?ref_src=twsrc%5Etfw\" rel=\"nofollow\">June 23, 2026<\/a><\/p><\/blockquote>\n<p class=\"v-d-p\" style=\"\">Este mi\u00e9rcoles 24 de junio, el organismo ha rebajado, por el momento, la alerta al <strong>nivel naranja<\/strong>. No obstante, indica que igualmente se podr\u00e1n sobrepasar los 40 grados \u00aben funci\u00f3n del \u00e1rea geogr\u00e1fica\u00bb.<\/p>\n<p class=\"v-d-p\" style=\"\">Esto no es lo \u00fanico significativo de la jornada. La Aemet ha anunciado que <strong>se aproxima un fen\u00f3meno<\/strong> que provocar\u00e1 un cambio del tiempo en las pr\u00f3ximas horas.<\/p>\n<p>\nLa Aemet avisa a Espa\u00f1a de lo que va a pasar con la ola de calor en las pr\u00f3ximas horas\n<\/p>\n<p class=\"v-d-p\" style=\"\">La Aemet explica que este mi\u00e9rcoles 23 de junio \u00abse espera un cambio con la entrada de una <strong>masa de aire atl\u00e1ntica m\u00e1s fr\u00eda<\/strong> por el oeste que inicie el <strong>fin de la ola de calor<\/strong>\u00bb.<\/p>\n<p class=\"v-d-p\" style=\"\">El organismo meteorol\u00f3gico indica que las temperaturas seguir\u00e1n siendo \u00abmuy altas\u00bb, aunque se producir\u00e1n \u00ab<strong>ligeros descensos de las m\u00e1ximas<\/strong> en el tercio oriental y la mitad occidental\u00bb. Asimismo, las m\u00ednimas tambi\u00e9n bajar\u00e1n en el extremo occidental y sur peninsular.<\/p>\n<p class=\"v-d-p\" style=\"\">Aun as\u00ed, la entidad pide precauci\u00f3n. \u00abEs probable que se superen los 34-36 grados en la meseta norte y Baleares, los 38-40 en amplias zonas del interior peninsular y los 39-41 en interiores del Pa\u00eds Vasco, nordeste y en los valles del Ebro, Tajo, Guadiana y Guadalquivir\u00bb, subraya. <\/p>\n<blockquote class=\"twitter-tweet\">\n<p lang=\"es\" dir=\"ltr\">Predicci\u00f3n semanal:<\/p>\n<p>\u27a1\ufe0fLunes a mi\u00e9rcoles: contin\u00faa la ola de calor en la Pen\u00ednsula y Baleares con m\u00e1ximas generalizadas por encima de 34 \u00baC , en los valles podr\u00edan superar los 40 \u00baC. Noches tropicales, generalizadas en Baleares, sur peninsular y valles del norte peninsular.<br \/>(1\/2) <a href=\"https:\/\/t.co\/jZEEvE8ldi\" rel=\"nofollow\">pic.twitter.com\/jZEEvE8ldi<\/a><\/p>\n<p>\u2014 AEMET (@AEMET_Esp) <a href=\"https:\/\/x.com\/AEMET_Esp\/status\/2068980621636968598?ref_src=twsrc%5Etfw\" rel=\"nofollow\">June 22, 2026<\/a><\/p><\/blockquote>\n<p class=\"v-d-p\" style=\"\">La Aemet sostiene que <strong>las noches tropicales seguir\u00e1n presentes<\/strong>, con m\u00ednimas por encima de los 25 grados en el centro-sur, el Ebro y los litorales mediterr\u00e1neos.<\/p>\n<p>\nVuelven las lluvias a Espa\u00f1a\n<\/p>\n<p class=\"v-d-p\" style=\"\">Se pone fin a la ola de calor, pero<strong> llega la lluvia a Espa\u00f1a<\/strong>. \u00abSe espera el desarrollo de nubes de evoluci\u00f3n en la pen\u00ednsula, especialmente en las monta\u00f1as de la mitad norte\u00bb, apunta la Aemet.<\/p>\n<p class=\"v-d-p\" style=\"\">En este sentido, el organismo meteorol\u00f3gico prev\u00e9 la <strong>\u00abformaci\u00f3n de tormentas y chubascos\u00bb<\/strong> en la meseta norte y en el noroeste, acompa\u00f1ados, en algunos casos, de granizo y rachas muy fuertes.<\/p>\n<p class=\"v-d-p\" style=\"\">La entidad avisa de que estas precipitaciones se mantendr\u00e1n el jueves 25 de junio en Galicia, en el Cant\u00e1brico, en el alto Ebro y en los Pirineos.<\/p>\n<p><script async src=\"https:\/\/platform.twitter.com\/widgets.js\" charset=\"utf-8\"><\/script><\/p>\n","protected":false},"excerpt":{"rendered":"24\/06\/2026 Actualizado a las 08:42h. La primera ola de calor del verano ha llegado a Espa\u00f1a y sus&hellip;\n","protected":false},"author":2,"featured_media":623586,"comment_status":"","ping_status":"","sticky":false,"template":"","format":"standard","meta":{"footnotes":""},"categories":[8],"tags":[2980,7997,7994,17,18,4922,25,24,13,14,11,297,19,20,9,10,15,16,3007,4797,7411,23,12,21,22,7996],"class_list":["post-623585","post","type-post","status-publish","format-standard","has-post-thumbnail","category-espana","tag-aemet","tag-afectadas","tag-avisa","tag-breaking-news","tag-breakingnews","tag-calor","tag-es","tag-espana","tag-featured-news","tag-featurednews","tag-headlines","tag-horas","tag-latest-news","tag-latestnews","tag-news","tag-noticias","tag-noticias-destacadas","tag-noticiasdestacadas","tag-ola","tag-pasar","tag-proximas","tag-spain","tag-titulares","tag-ultimas-noticias","tag-ultimasnoticias","tag-zonas"],"share_on_mastodon":{"url":"https:\/\/pubeurope.com\/@es\/116804373858239790","error":""},"_links":{"self":[{"href":"https:\/\/www.europesays.com\/es\/wp-json\/wp\/v2\/posts\/623585","targetHints":{"allow":["GET"]}}],"collection":[{"href":"https:\/\/www.europesays.com\/es\/wp-json\/wp\/v2\/posts"}],"about":[{"href":"https:\/\/www.europesays.com\/es\/wp-json\/wp\/v2\/types\/post"}],"author":[{"embeddable":true,"href":"https:\/\/www.europesays.com\/es\/wp-json\/wp\/v2\/users\/2"}],"replies":[{"embeddable":true,"href":"https:\/\/www.europesays.com\/es\/wp-json\/wp\/v2\/comments?post=623585"}],"version-history":[{"count":0,"href":"https:\/\/www.europesays.com\/es\/wp-json\/wp\/v2\/posts\/623585\/revisions"}],"wp:featuredmedia":[{"embeddable":true,"href":"https:\/\/www.europesays.com\/es\/wp-json\/wp\/v2\/media\/623586"}],"wp:attachment":[{"href":"https:\/\/www.europesays.com\/es\/wp-json\/wp\/v2\/media?parent=623585"}],"wp:term":[{"taxonomy":"category","embeddable":true,"href":"https:\/\/www.europesays.com\/es\/wp-json\/wp\/v2\/categories?post=623585"},{"taxonomy":"post_tag","embeddable":true,"href":"https:\/\/www.europesays.com\/es\/wp-json\/wp\/v2\/tags?post=623585"}],"curies":[{"name":"wp","href":"https:\/\/api.w.org\/{rel}","templated":true}]}}