{"id":624053,"date":"2026-06-24T15:51:25","date_gmt":"2026-06-24T15:51:25","guid":{"rendered":"https:\/\/www.europesays.com\/es\/624053\/"},"modified":"2026-06-24T15:51:25","modified_gmt":"2026-06-24T15:51:25","slug":"educacion-bajara-las-ratios-de-infantil-a-la-mitad","status":"publish","type":"post","link":"https:\/\/www.europesays.com\/es\/624053\/","title":{"rendered":"Educaci\u00f3n bajar\u00e1 las ratios de Infantil a la mitad"},"content":{"rendered":"<p class=\"article-text\">\n        Bajada sobre bajada, el Ministerio de Educaci\u00f3n ha propuesto a los sindicatos bajar las ratios de alumnado por aula en Educaci\u00f3n Infantil, el sector m\u00e1s precario de toda el sistema educativo, a la mitad de las cifras actuales. El departamento que dirige Milagros Tol\u00f3n tambi\u00e9n propone reducir el estudiantado en las clases de Bachillerato, en una maniobra que, <a href=\"https:\/\/www.eldiario.es\/sociedad\/gobierno-da-primer-paso-estatuto-docente-aprobada-reduccion-horas-lectivas-alumnado-clase_1_13159253.html\" target=\"_blank\" data-mrf-recirculation=\"links-noticia\" class=\"link\" rel=\"nofollow noopener\">junto a la ley que se tramita para hacer lo mismo en Primaria y Secundaria<\/a>, completar\u00eda una bajada de ratios hist\u00f3rica en toda la etapa educativa preuniversitaria, seg\u00fan ha adelantado <a href=\"https:\/\/elpais.com\/educacion\/2026-06-24\/bajada-historica-de-las-ratios-escolares-se-quedan-en-menos-de-la-mitad-en-el-0-3-en-20-alumnos-en-el-segundo-de-infantil-y-30-en-bachillerato.html\" target=\"_blank\" data-mrf-recirculation=\"links-noticia\" class=\"link\" rel=\"nofollow noopener\">El Pa\u00eds<\/a>.\n    <\/p>\n<p>    <a href=\"https:\/\/www.eldiario.es\/sociedad\/espana-docente-rebela-calle-pide-apoyo-familias-cuidarnos-educando-ninos_1_13150146.html\" data-mrf-recirculation=\"saber-mas\" data-dl-event=\"saber-mas\" rel=\"nofollow noopener\" target=\"_blank\"><\/p>\n<p class=\"know-more__title\">La Espa\u00f1a docente se rebela en la calle y pide apoyo a las familias: \u00abTienen que cuidarnos, estamos educando a sus ni\u00f1os\u00bb<\/p>\n<p>            <img decoding=\"async\" class=\"lazy\" loading=\"lazy\" data-src=\"https:\/\/static.eldiario.es\/clip\/884699ac-a5c9-4fea-ba89-7fcc34d2d204_16-9-aspect-ratio_default_0.jpg\" src=\"data:image\/svg+xml,%3Csvg xmlns=\" http:=\"\" viewbox=\"0 0 880 495\" alt=\"La Espa\u00f1a docente se rebela en la calle y pide apoyo a las familias: &quot;Tienen que cuidarnos, estamos educando a sus ni\u00f1os&quot;\"\/><\/p>\n<p>                        <\/a><\/p>\n<p class=\"article-text\">\n        En esta negociaci\u00f3n que mantiene abierta con las organizaciones sindicales, Educaci\u00f3n trata as\u00ed de abordar <a href=\"https:\/\/www.eldiario.es\/sociedad\/espana-docente-rebela-calle-pide-apoyo-familias-cuidarnos-educando-ninos_1_13150146.html\" target=\"_blank\" data-mrf-recirculation=\"links-noticia\" class=\"link\" rel=\"nofollow noopener\">el descontento docente<\/a>, que se ha manifestado en los \u00faltimos meses, especialmente en la Comunitat Valenciana, en Catalunya y entre las trabajadoras de Infantil, que ya han protagonizado dos paros estatales. <a href=\"https:\/\/www.eldiario.es\/sociedad\/educadoras-infantiles-toman-plazas-espana-no-parche-conciliacion_1_13316339.html\" target=\"_blank\" data-mrf-recirculation=\"links-noticia\" class=\"link\" rel=\"nofollow noopener\">En Madrid<\/a> est\u00e1n en huelga indefinida desde el pasado mes de abril.\n    <\/p>\n<p class=\"article-text\">\n        As\u00ed, para Infantil, Educaci\u00f3n propone que las clases de 0 a\u00f1os tengan un m\u00e1ximo de cuatro beb\u00e9s (son ocho actualmente); que las de 1 se queden en seis (desde 13); y que las de dos a\u00f1os tengan ocho ni\u00f1os y ni\u00f1as como tope (son 20 ahora). En el segundo ciclo de Educaci\u00f3n Infantil (3-6 a\u00f1os) la cifra m\u00e1xima ser\u00eda 20, seg\u00fan la propuesta del ministerio (desde 25) y en Bachillerato 30 (35 en este momento).\n    <\/p>\n<p class=\"article-text\">\n        CCOO ha valorado la propuesta positivamente. \u201cEl \u00fanico pero es que plantean que [implantar las nuevas ratios] sea progresivo, inici\u00e1ndose en el curso 27\/28 y finalizando en el 29\/30\u201d, ha expresado el sindicato a trav\u00e9s de un comunicado.\n    <\/p>\n<p class=\"article-text\">\n        El descenso de las ratios es una de las principales reivindicaciones del profesorado en las protestas que ha protagonizado esta primavera y que amenazan con volver en septiembre si nada cambia. Estas reivindicaciones, en forma de huelgas, se dirigen contra los Gobiernos regionales, que tienen las competencias directas en educaci\u00f3n, pero el Ministerio tiene la capacidad de fijar el marco m\u00ednimo al que las comunidades deban atenerse.\n    <\/p>\n<p class=\"article-text\">\n        Hasta ahora las diferentes ministras hab\u00edan optado por no tocar las ratios \u2014pese a que se le viene exigiendo al Gobierno desde que tramit\u00f3 la Lomloe, en 2020\u2014, pero finalmente Educaci\u00f3n, que al menos a nivel de declaraciones se hab\u00eda mostrado comprensivo con las protestas de las educadoras de Infantil, ha entrado de lleno en la materia y bajar\u00e1 todas las ratios.\n    <\/p>\n<p class=\"article-text\">\n        La situaci\u00f3n era especialmente precaria en Infantil, donde adem\u00e1s de las condiciones laborales \u2014hay maestras y educadoras cobrando poco m\u00e1s del Salario M\u00ednimo Interprofesional\u2014 las educadoras pod\u00edan estar a cargo de hasta 20 ni\u00f1os por aula en algunos modelos.\n    <\/p>\n<p>    \u201cEl 100% de las escuelas infantiles cerrar\u00e1n\u201d<\/p>\n<p class=\"article-text\">\n        La patronal de centros privados Acade ha emitido un comunicado un par de horas despu\u00e9s de conocerse la oferta de Educaci\u00f3n en el que expresa su \u201cprofunda preocupaci\u00f3n\u201d por la medida y  advierte de que \u201cpodr\u00edan verse abocados al cierre los 5.345 centros privados de educaci\u00f3n infantil existentes en Espa\u00f1a\u201d. La organizaci\u00f3n lamenta que el anuncio del Ministerio se produce sin di\u00e1logo y se\u00f1ala que \u201cm\u00e1s de 224.000 alumnos, cerca del 50% del total escolarizado en esta etapa en el conjunto de la red p\u00fablica y privada, podr\u00edan quedarse sin plaza\u201d porque \u201cLas familias no podr\u00edan asumir el incremento de costes derivado de la medida, lo que har\u00eda inviable su aplicaci\u00f3n sin un sistema adecuado de \ufb01nanciaci\u00f3n p\u00fablica\u201d.\n    <\/p>\n<p class=\"article-text\">\n        Seg\u00fan Acade, si se rebajan las ratios a la mitad se perder\u00edan \u201cm\u00e1s de 60.000 puestos de trabajo\u201d y \u201cse ver\u00eda gravemente afectado un sector altamente feminizado y con gran presencia de profesionales j\u00f3venes\u201d.\n    <\/p>\n<p>    <a href=\"https:\/\/www.eldiario.es\/sociedad\/salarios-ratios-reconocimiento-educacion-infantil-primera-huelga-general-espana_1_13197179.html\" data-mrf-recirculation=\"saber-mas-abajo\" data-dl-event=\"saber-mas-abajo\" rel=\"nofollow noopener\" target=\"_blank\"><\/p>\n<p class=\"know-more__title\">Salarios, ratios y reconocimiento: la educaci\u00f3n infantil va a su primera huelga general en Espa\u00f1a<\/p>\n<p>            <img decoding=\"async\" class=\"lazy\" loading=\"lazy\" data-src=\"https:\/\/static.eldiario.es\/clip\/069ab64b-1cf7-4bda-bb6c-0d3662c0f6a0_16-9-aspect-ratio_default_0.jpg\" src=\"data:image\/svg+xml,%3Csvg xmlns=\" http:=\"\" viewbox=\"0 0 880 495\" alt=\"Salarios, ratios y reconocimiento: la educaci\u00f3n infantil va a su primera huelga general en Espa\u00f1a\"\/><\/p>\n<p>                        <\/a><\/p>\n<p class=\"article-text\">\n        El sector privado de la educaci\u00f3n infantil, en la que conviven modelos de gesti\u00f3n p\u00fablica, privada y mixtos (p\u00fablicos de gesti\u00f3n privada) <a href=\"https:\/\/www.eldiario.es\/sociedad\/educacion-infantil-huelga-eterna-precariedad-sola-14-ninos-1-2-anos-cobro-salario-minimo_1_10608319.html\" target=\"_blank\" data-mrf-recirculation=\"links-noticia\" class=\"link\" rel=\"nofollow noopener\">es el que peores condiciones laborales ofrece a sus empleadas<\/a>, con salarios apenas por encima del SMI.\n    <\/p>\n","protected":false},"excerpt":{"rendered":"Bajada sobre bajada, el Ministerio de Educaci\u00f3n ha propuesto a los sindicatos bajar las ratios de alumnado por&hellip;\n","protected":false},"author":2,"featured_media":624054,"comment_status":"","ping_status":"","sticky":false,"template":"","format":"standard","meta":{"footnotes":""},"categories":[8],"tags":[47057,18347,17,18,2026,25,24,13,14,11,3132,19,20,22041,9,10,15,16,918,30558,23,12,21,22],"class_list":["post-624053","post","type-post","status-publish","format-standard","has-post-thumbnail","category-espana","tag-actuales","tag-bajar","tag-breaking-news","tag-breakingnews","tag-educacion","tag-es","tag-espana","tag-featured-news","tag-featurednews","tag-headlines","tag-infantil","tag-latest-news","tag-latestnews","tag-mitad","tag-news","tag-noticias","tag-noticias-destacadas","tag-noticiasdestacadas","tag-propone","tag-ratios","tag-spain","tag-titulares","tag-ultimas-noticias","tag-ultimasnoticias"],"share_on_mastodon":{"url":"https:\/\/pubeurope.com\/@es\/116805887023011156","error":""},"_links":{"self":[{"href":"https:\/\/www.europesays.com\/es\/wp-json\/wp\/v2\/posts\/624053","targetHints":{"allow":["GET"]}}],"collection":[{"href":"https:\/\/www.europesays.com\/es\/wp-json\/wp\/v2\/posts"}],"about":[{"href":"https:\/\/www.europesays.com\/es\/wp-json\/wp\/v2\/types\/post"}],"author":[{"embeddable":true,"href":"https:\/\/www.europesays.com\/es\/wp-json\/wp\/v2\/users\/2"}],"replies":[{"embeddable":true,"href":"https:\/\/www.europesays.com\/es\/wp-json\/wp\/v2\/comments?post=624053"}],"version-history":[{"count":0,"href":"https:\/\/www.europesays.com\/es\/wp-json\/wp\/v2\/posts\/624053\/revisions"}],"wp:featuredmedia":[{"embeddable":true,"href":"https:\/\/www.europesays.com\/es\/wp-json\/wp\/v2\/media\/624054"}],"wp:attachment":[{"href":"https:\/\/www.europesays.com\/es\/wp-json\/wp\/v2\/media?parent=624053"}],"wp:term":[{"taxonomy":"category","embeddable":true,"href":"https:\/\/www.europesays.com\/es\/wp-json\/wp\/v2\/categories?post=624053"},{"taxonomy":"post_tag","embeddable":true,"href":"https:\/\/www.europesays.com\/es\/wp-json\/wp\/v2\/tags?post=624053"}],"curies":[{"name":"wp","href":"https:\/\/api.w.org\/{rel}","templated":true}]}}