{"id":624158,"date":"2026-06-24T17:28:15","date_gmt":"2026-06-24T17:28:15","guid":{"rendered":"https:\/\/www.europesays.com\/es\/624158\/"},"modified":"2026-06-24T17:28:15","modified_gmt":"2026-06-24T17:28:15","slug":"zapatero-recopilo-informacion-de-sus-trabajos-para-analisis-relevante-tras-la-detencion-de-julio-martinez","status":"publish","type":"post","link":"https:\/\/www.europesays.com\/es\/624158\/","title":{"rendered":"Zapatero recopil\u00f3 informaci\u00f3n de sus trabajos para An\u00e1lisis Relevante tras la detenci\u00f3n de Julio Mart\u00ednez"},"content":{"rendered":"<p class=\"article-text\">\n        El 11 de diciembre de 2025 el Juzgado de Instrucci\u00f3n n\u00famero 15 de Madrid acord\u00f3 la detenci\u00f3n de tres personas en el marco de <a href=\"https:\/\/www.eldiario.es\/politica\/policia-registra-sede-aerolinea-plus-ultra-presunto-blanqueo-capitales_1_12836547.html\" data-mrf-recirculation=\"links-noticia\" class=\"link\" rel=\"nofollow noopener\" target=\"_blank\">una causa que giraba en torno a la aerol\u00ednea Plus Ultra<\/a>. Una de ellas era el empresario Julio Mart\u00ednez, amigo personal del expresidente Jos\u00e9 Luis Rodr\u00edguez Zapatero y administrador de una consultora denominada An\u00e1lisis Relevante para que tambi\u00e9n hab\u00eda trabajado el exmandatario.\n    <\/p>\n<p>    <a href=\"https:\/\/www.eldiario.es\/politica\/udef-acusa-zapatero-cobrar-200-000-euros-ejercer-influencia-politica-bolivia-favor-empresa_1_13329380.html\" data-mrf-recirculation=\"saber-mas\" data-dl-event=\"saber-mas\" rel=\"nofollow noopener\" target=\"_blank\"><\/p>\n<p class=\"know-more__title\">La UDEF acusa a Zapatero de cobrar 200.000 euros por ejercer su influencia pol\u00edtica en Bolivia a favor de una empresa<\/p>\n<p>            <img decoding=\"async\" class=\"lazy\" loading=\"lazy\" data-src=\"https:\/\/static.eldiario.es\/clip\/13731dc7-b79d-48b5-b0b4-8511853fdc23_16-9-aspect-ratio_default_0_x1282y143.jpg\" src=\"data:image\/svg+xml,%3Csvg xmlns=\" http:=\"\" viewbox=\"0 0 880 495\" alt=\"La UDEF acusa a Zapatero de cobrar 200.000 euros por ejercer su influencia pol\u00edtica en Bolivia a favor de una empresa\"\/><\/p>\n<p>                        <\/a><\/p>\n<p class=\"article-text\">\n        Ahora, gracias al chat que manten\u00edan el expresidente y su secretaria Gertrudis Alc\u00e1zar, y al que ha tenido acceso elDiario.es, ha trascendido que cinco d\u00edas despu\u00e9s de que se produjera esa detenci\u00f3n y tras su declaraci\u00f3n de Julio Mart\u00ednez ante el juez tras ese arresto -qued\u00f3 en libertad con retirada de pasaporte-, el expresidente pidi\u00f3 a su empleada que le buscara \u201cde cu\u00e1ndo es la primera factura de AR\u201d. \u201c24 de junio de 2020, de un di\u00e1logo que hiciste con Miguel\u201d, le respondi\u00f3 Gertrudis Alc\u00e1zar tan solo un minuto despu\u00e9s.\n    <\/p>\n<p>            <img decoding=\"async\" class=\"lazy\" loading=\"lazy\" data-src=\"https:\/\/static.eldiario.es\/clip\/c34aa2a8-b5ed-42ea-aa2a-5b2b2844df0a_16-9-discover-aspect-ratio_default_0.jpg\" src=\"data:image\/svg+xml,%3Csvg xmlns=\" http:=\"\" viewbox=\"0 0 1200 675\" alt=\"5900114858374533000\"\/><\/p>\n<p class=\"article-text\">\n        Al d\u00eda siguiente, bien temprano, el expresidente volv\u00eda a escribir a su secretaria -a la que la UDEF asigna un papel relevante en esa presunta trama que se investiga y que se dedicar\u00eda al tr\u00e1fico de influencias-. \u201cBuenos d\u00edas. Mira a ver cuantos viajes hice a Venezuela del 20 al 25\u201d, le inquiri\u00f3. Una hora despu\u00e9s ten\u00eda la respuesta: \u201c8 de 2020 a 2025 de los cuales 3 han sido procesos electorales\u201d.\n    <\/p>\n<p class=\"article-text\">\n        Zapatero estaba recopilando datos que ten\u00edan relaci\u00f3n con sus trabajos de consultor y que pudieran tener relaci\u00f3n con Julio Mart\u00ednez. De hecho se interes\u00f3 por saber el porcentaje de IRPF que se le aplicaba. Gertrudis ten\u00eda todo en la cabeza y les respondi\u00f3: \u201cEn las facturas el 15%, el final en el irpf est\u00e1 en torno al 40%\u201d. Puesto que el expresidente no ten\u00eda claro si era la cifra adecuada, pregunt\u00f3 si ese era \u201cel m\u00e1ximo\u201d, a lo que le contest\u00f3 que s\u00ed, \u201c42,93% (23,04% estatal + 19,89% auton\u00f3mico)\u201d.\n    <\/p>\n<p class=\"article-text\">\n        En esos d\u00edas, el expresidente tambi\u00e9n cancel\u00f3 varios encuentros y comidas programadas, aunque del literal de los mensajes no queda claro que el motivo fuera la investigaci\u00f3n abierta a su amigo y las detenciones realizadas. Una de esas citas era con la l\u00edder de Podemos, Ione Belarra. Adem\u00e1s, arranc\u00f3 contactos con periodistas que le solicitaban informaci\u00f3n sobre su relaci\u00f3n con el detenido. \u201cConfirma el inmobiliario. Confirma que no hice absolutamente ninguna gesti\u00f3n ante nadie. Y que tengo una larga amistad con Julio Mart\u00ednez\u201d, explicaba a Gertrudis.\n    <\/p>\n<p class=\"article-text\">\n        Ya el 19 de diciembre de 2025, Zapatero se preparaba para tener toda la informaci\u00f3n que le pudiera afectar por la trama en la que acab\u00f3, meses despu\u00e9s, siendo imputado por el juez de la Audiencia Nacional Jos\u00e9 Luis Calama: \u201cBuenos dias. Vamos preparando: Viajes desde 2020 , con detalle actividad de los facturados. Porcentaje ingresos de AR (An\u00e1lisis Relevante) en los \u00faltimos diez a\u00f1os\u201d. Ante las dudas de Gertrudis, Zapatero indicaba que quer\u00eda lista de \u201ctodos\u201d los viajes y \u201cm\u00e1s especificados con agenda los de AR\u201d . Gertrudis le prepar\u00f3 un excel con todo lo que le requer\u00eda.\n    <\/p>\n<p class=\"article-text\">\n        El minuto a minuto de ese chat, que incluye hasta datos tan personales como las medicinas que toma el expresidente Zapatero, si sal\u00eda a correr o el estado de salud de familiares y conocidos, refleja tambi\u00e9n una aparente primera reacci\u00f3n a la detenci\u00f3n de su amigo. Era 15 de diciembre y ante la reflexi\u00f3n de Gertrudis que le dijo estar \u201cpreocupada no por los datos sino por la intencionalidad como se cuentan y por las lobas\u201d, \u00e9l le respondi\u00f3 que \u201ctodo eso va a ser inevitable\u201d: \u201cHay que asumir que tenemos una temporada por delante \u00e1cida\u201d.\n    <\/p>\n<p class=\"article-text\">\n        Tiempo despu\u00e9s, ya en febrero de 2026, Zapatero ped\u00eda \u201chacer un expurgue de reuniones, actos, charlas almuerzos, zooms\u201d que tuvieran cierto inter\u00e9s \u201cpara nuestro tema\u201d desde 2020. Tambi\u00e9n solicitaba \u201cpreparar una relaci\u00f3n selectiva de conferencias o paneles internacionales\u201d. \u201cLos 20 m\u00e1s representativos empezando por Harvard y Oxford\u201d, a\u00f1ad\u00eda.\n    <\/p>\n<p class=\"article-text\">\n        Zapatero declar\u00f3 ante Calama el pasado 17 de junio en calidad de investigado y, tras m\u00e1s de dos horas de un interrogatorio que fue capitalizado por el magistrado, el expresidente sali\u00f3 de la cita sin medidas cautelares a pesar de que la Fiscal\u00eda hab\u00eda pedido que se le retirara el pasaporte. Con todo, y seg\u00fan el auto de Calama de ese mismo d\u00eda, el expresidente no logr\u00f3 convencerle con sus explicaciones y sostuvo, por tanto, que los indicios siguen intactos.\n    <\/p>\n<p>    <a href=\"https:\/\/www.eldiario.es\/politica\/zapatero-quiere-si-analizaron-dispositivos-incautados-autorizacion-judicial-avisa-posible-nulidad_1_13325926.html\" data-mrf-recirculation=\"saber-mas-abajo\" data-dl-event=\"saber-mas-abajo\" rel=\"nofollow noopener\" target=\"_blank\"><\/p>\n<p class=\"know-more__title\">Zapatero quiere saber si se analizaron dispositivos incautados sin autorizaci\u00f3n judicial y avisa de una posible nulidad<\/p>\n<p>            <img decoding=\"async\" class=\"lazy\" loading=\"lazy\" data-src=\"https:\/\/static.eldiario.es\/clip\/da1653ce-2dbd-4c43-b9c8-843fe9ffad97_16-9-aspect-ratio_default_0.jpg\" src=\"data:image\/svg+xml,%3Csvg xmlns=\" http:=\"\" viewbox=\"0 0 880 495\" alt=\"Zapatero quiere saber si se analizaron dispositivos incautados sin autorizaci\u00f3n judicial y avisa de una posible nulidad\"\/><\/p>\n<p>                        <\/a><\/p>\n<p class=\"article-text\">\n        Entre los miles de chats que han visto la luz este mi\u00e9rcoles, fruto de una conversaci\u00f3n constante con su secretaria para que agendara reuniones, consta tambi\u00e9n una cita con el ministro de Justicia F\u00e9lix Bola\u00f1os y el exsecretario de Organizaci\u00f3n del PSOE Santos Cerd\u00e1n previsiblemente el 24 de abril de 2025. Cerd\u00e1n acab\u00f3 siendo imputado en el caso de obra p\u00fablica que inicialmente investigaba el Supremo y entr\u00f3 en prisi\u00f3n provisional a finales de junio. Ya el 19 de mayo de 2025 tambi\u00e9n se fija otra reuni\u00f3n en la que participar\u00edan tanto Zapatero como el diputado socialista leon\u00e9s Javier Alfonso Cend\u00f3n y Santos Cerd\u00e1n.\n    <\/p>\n","protected":false},"excerpt":{"rendered":"El 11 de diciembre de 2025 el Juzgado de Instrucci\u00f3n n\u00famero 15 de Madrid acord\u00f3 la detenci\u00f3n de&hellip;\n","protected":false},"author":2,"featured_media":624159,"comment_status":"","ping_status":"","sticky":false,"template":"","format":"standard","meta":{"footnotes":""},"categories":[5],"tags":[1705,17,18,10790,25,24,13,14,11,1667,888,19,20,825,9,10,15,16,116106,64096,23,12,1243,21,22,7472],"class_list":["post-624158","post","type-post","status-publish","format-standard","has-post-thumbnail","category-titulares","tag-analisis","tag-breaking-news","tag-breakingnews","tag-detencion","tag-es","tag-espana","tag-featured-news","tag-featurednews","tag-headlines","tag-informacion","tag-julio","tag-latest-news","tag-latestnews","tag-martinez","tag-news","tag-noticias","tag-noticias-destacadas","tag-noticiasdestacadas","tag-recopilo","tag-relevante","tag-spain","tag-titulares","tag-trabajos","tag-ultimas-noticias","tag-ultimasnoticias","tag-zapatero"],"share_on_mastodon":{"url":"https:\/\/pubeurope.com\/@es\/116806268154211193","error":""},"_links":{"self":[{"href":"https:\/\/www.europesays.com\/es\/wp-json\/wp\/v2\/posts\/624158","targetHints":{"allow":["GET"]}}],"collection":[{"href":"https:\/\/www.europesays.com\/es\/wp-json\/wp\/v2\/posts"}],"about":[{"href":"https:\/\/www.europesays.com\/es\/wp-json\/wp\/v2\/types\/post"}],"author":[{"embeddable":true,"href":"https:\/\/www.europesays.com\/es\/wp-json\/wp\/v2\/users\/2"}],"replies":[{"embeddable":true,"href":"https:\/\/www.europesays.com\/es\/wp-json\/wp\/v2\/comments?post=624158"}],"version-history":[{"count":0,"href":"https:\/\/www.europesays.com\/es\/wp-json\/wp\/v2\/posts\/624158\/revisions"}],"wp:featuredmedia":[{"embeddable":true,"href":"https:\/\/www.europesays.com\/es\/wp-json\/wp\/v2\/media\/624159"}],"wp:attachment":[{"href":"https:\/\/www.europesays.com\/es\/wp-json\/wp\/v2\/media?parent=624158"}],"wp:term":[{"taxonomy":"category","embeddable":true,"href":"https:\/\/www.europesays.com\/es\/wp-json\/wp\/v2\/categories?post=624158"},{"taxonomy":"post_tag","embeddable":true,"href":"https:\/\/www.europesays.com\/es\/wp-json\/wp\/v2\/tags?post=624158"}],"curies":[{"name":"wp","href":"https:\/\/api.w.org\/{rel}","templated":true}]}}