{"id":624259,"date":"2026-06-24T18:56:13","date_gmt":"2026-06-24T18:56:13","guid":{"rendered":"https:\/\/www.europesays.com\/es\/624259\/"},"modified":"2026-06-24T18:56:13","modified_gmt":"2026-06-24T18:56:13","slug":"dani-martin-zanja-la-polemica-por-llamar-maleducada-a-una-nina-en-su-concierto-de-cordoba-va-a-ser-mejor-no-comunicarnos","status":"publish","type":"post","link":"https:\/\/www.europesays.com\/es\/624259\/","title":{"rendered":"Dani Mart\u00edn zanja la pol\u00e9mica por llamar maleducada a una ni\u00f1a en su concierto de C\u00f3rdoba: \u00abVa a ser mejor no comunicarnos\u00bb"},"content":{"rendered":"<p id=\"eJ1ZAsp4li\" data-wc=\"103\">La gira en la que est\u00e1 inmerso<strong>\u00a0Dani Mart\u00edn<\/strong> para celebrar sus &#8216;bodas de plata&#8217; en la m\u00fasica est\u00e1 dejando <a class=\"hm-link ho-link\" href=\"https:\/\/www.hola.com\/actualidad\/20260622908579\/dani-martin-fernando-tejero-concierto-cordoba\/\" data-mrf-recirculation=\"article-body-link\" rel=\"nofollow noopener\" target=\"_blank\">momentos irrepetibles<\/a>, pero tambi\u00e9n algunas pol\u00e9micas. La \u00faltima de ellas tiene como protagonista a una ni\u00f1a que acudi\u00f3 a su concierto de C\u00f3rdoba con una pancarta en la que ped\u00eda subirse con \u00e9l al escenario. Al verla, el cantante comenz\u00f3 con ella una conversaci\u00f3n que ha desatado una oleada de cr\u00edticas, ya que muchos consideran que su reacci\u00f3n no fue acertada y que tampoco lo fueron sus palabras. Una situaci\u00f3n que ha querido zanjar mediante un v\u00eddeo en el que expone su posici\u00f3n.<\/p>\n<p>Te recomendamosSeguir leyendo<br \/>\n <img src=\"https:\/\/www.europesays.com\/es\/wp-content\/uploads\/2026\/06\/0883f41d2f87-whatsapp-image-2026-06-24-at-191816.jpg\"   width=\"810\" height=\"1024\" loading=\"lazy\" decoding=\"async\" alt=\"Media Image\" fetchpriority=\"auto\" class=\"image ho-image\"\/>\u00a9 \/_danimartin_<br \/>\nLa versi\u00f3n del cantante<\/p>\n<p id=\"er9HZlsodM\" data-wc=\"47\">\u00abAcabo de quedarme sorprendido por estas cosas que generan alimento en las redes sociales. El otro d\u00eda en el concierto de C\u00f3rdoba sucedi\u00f3 <strong>una situaci\u00f3n bastante tierna y c\u00f3mica, donde una ni\u00f1a con un cartel que casi no le\u00eda (porque necesito gafas) me ped\u00eda subir al escenario.\u00a0<\/strong><\/p>\n<p id=\"eQaVnyY1iUF\" data-wc=\"50\">Desde un tono payaso que tomo en el escenario, le digo: &#8216;Pero bueno, \u00bfc\u00f3mo que quieres subirte al escenario? Y ya, quieres subir ya, \u00bfno? Tiene que ser cuando t\u00fa digas&#8217;. Le dije, <strong>&#8216;bueno venga, luego subes, tienes un poco de mala educaci\u00f3n \u00bfeh?, haces las cosas cuando t\u00fa quieres&#8217;.\u00a0<\/strong><\/p>\n<p id=\"eSB8oPwkdw\" data-wc=\"65\">Lo dije desde ese tono de comunicaci\u00f3n de risa, con todo el mundo ri\u00e9ndose. No da para m\u00e1s el asunto. A todos los ofendidos les pido disculpas. Caminar\u00e9 de rodillas hasta la carretera esta tarde. <strong>Creo que lo mejor va a ser no comunicarnos entre las personas en un escenario, porque cada cosa es mirada con lupa,<\/strong> sacada de contexto, cortados los v\u00eddeos y editados&#8230;<\/p>\n<p id=\"eWYEeq6rDJ\" data-wc=\"71\">Ped\u00ed un aplauso para la ni\u00f1a y todo. No s\u00e9 qu\u00e9 m\u00e1s me falt\u00f3 a hacer. Y qu\u00e9 m\u00e1s me falta a hacer. Subo a gente que no sabe ni cantar al escenario y nadie les juzga, le damos un aplauso y hacemos todo con un cari\u00f1o tremendo. Me parece como que no estamos bien, necesitamos todo el rato que haya problemas y todo est\u00e1 bien. L<strong>os verdaderos problemas son otros.\u00a0<\/strong><\/p>\n<p id=\"eNLUpyI1P7\" data-wc=\"63\">Jam\u00e1s en la vida le faltar\u00eda el respeto a una ni\u00f1a de 10 a\u00f1os que se sube encima de su pap\u00e1. <strong>Fue algo c\u00f3mico, de humor y de absoluto cari\u00f1o la forma que le habl\u00e9<\/strong>. El que lo quiera sacar de contexto e incluso insultarme como ha habido un chico, \u00e9l ver\u00e1. Yo esos tonos y esos t\u00e9rminos s\u00ed que no los utilizo.<\/p>\n<p id=\"erf-Q52nOR\" data-wc=\"22\">El que se siente ofendido le pido disculpas aunque no tenga que hacerlo, pero<strong>\u00a0parece que tenemos la piel muy fina \u00faltimamente\u00bb.<\/strong><\/p>\n<p> <img src=\"https:\/\/www.europesays.com\/es\/wp-content\/uploads\/2026\/06\/2779990f1daa-dlu594793027.jpg\"   width=\"683\" height=\"1024\" loading=\"lazy\" decoding=\"async\" alt=\"Media Image\" fetchpriority=\"auto\" class=\"image ho-image\"\/>\u00a9 GTRES<br \/>\nLa respuesta de la familia de la ni\u00f1a<\/p>\n<p id=\"erqwD-DdJu\" data-wc=\"87\">Mar\u00eda Jes\u00fas Aguilar, la madre de la peque\u00f1a, ha roto su silencio en medio de la controversia que se ha generado. Lo ha hecho en Y ahora Sonsoles, donde le ha mandado un mensaje al cantante: <strong>\u00abLa estoy educando escuchando tus canciones\u00bb.<\/strong> Tambi\u00e9n ha contado que al salir del concierto, enmarcado en la gira 25 P*t*s A\u00f1os, les pararon muchos asistentes para decirles que \u00abno han sido formas de hablar a una ni\u00f1a\u00bb y que incluso un hombre se ofreci\u00f3 a comprarle una camiseta a la menor.\u00a0<\/p>\n<p id=\"e07EahVffd\" data-wc=\"53\">La ni\u00f1a, dice, \u00abestaba muy ilusionada\u00bb y los d\u00edas previos hab\u00eda estado \u00abhablando del concierto con su maestra\u00bb. Sin embargo, sus ganas de volver a otro espect\u00e1culo siguen intactas: <strong>\u00abEspero ir a otro y pasarlo mejor, pero quitando eso el concierto fue un espect\u00e1culo y volveriamos a ir una y mil veces m\u00e1s\u00bb.<\/strong><\/p>\n","protected":false},"excerpt":{"rendered":"La gira en la que est\u00e1 inmerso\u00a0Dani Mart\u00edn para celebrar sus &#8216;bodas de plata&#8217; en la m\u00fasica est\u00e1&hellip;\n","protected":false},"author":2,"featured_media":624260,"comment_status":"","ping_status":"","sticky":false,"template":"","format":"standard","meta":{"footnotes":""},"categories":[91],"tags":[517,47099,146,147,25,24,23],"class_list":["post-624259","post","type-post","status-publish","format-standard","has-post-thumbnail","category-entretenimiento","tag-actualidad","tag-dani-martin","tag-entertainment","tag-entretenimiento","tag-es","tag-espana","tag-spain"],"share_on_mastodon":{"url":"https:\/\/pubeurope.com\/@es\/116806614923617836","error":""},"_links":{"self":[{"href":"https:\/\/www.europesays.com\/es\/wp-json\/wp\/v2\/posts\/624259","targetHints":{"allow":["GET"]}}],"collection":[{"href":"https:\/\/www.europesays.com\/es\/wp-json\/wp\/v2\/posts"}],"about":[{"href":"https:\/\/www.europesays.com\/es\/wp-json\/wp\/v2\/types\/post"}],"author":[{"embeddable":true,"href":"https:\/\/www.europesays.com\/es\/wp-json\/wp\/v2\/users\/2"}],"replies":[{"embeddable":true,"href":"https:\/\/www.europesays.com\/es\/wp-json\/wp\/v2\/comments?post=624259"}],"version-history":[{"count":0,"href":"https:\/\/www.europesays.com\/es\/wp-json\/wp\/v2\/posts\/624259\/revisions"}],"wp:featuredmedia":[{"embeddable":true,"href":"https:\/\/www.europesays.com\/es\/wp-json\/wp\/v2\/media\/624260"}],"wp:attachment":[{"href":"https:\/\/www.europesays.com\/es\/wp-json\/wp\/v2\/media?parent=624259"}],"wp:term":[{"taxonomy":"category","embeddable":true,"href":"https:\/\/www.europesays.com\/es\/wp-json\/wp\/v2\/categories?post=624259"},{"taxonomy":"post_tag","embeddable":true,"href":"https:\/\/www.europesays.com\/es\/wp-json\/wp\/v2\/tags?post=624259"}],"curies":[{"name":"wp","href":"https:\/\/api.w.org\/{rel}","templated":true}]}}