{"id":624267,"date":"2026-06-24T19:01:20","date_gmt":"2026-06-24T19:01:20","guid":{"rendered":"https:\/\/www.europesays.com\/es\/624267\/"},"modified":"2026-06-24T19:01:20","modified_gmt":"2026-06-24T19:01:20","slug":"el-gobierno-de-ayuso-defiende-los-contratos-millonarios-con-quiron-de-la-pareja-de-la-presidenta-es-una-relacion-entre-proveedores","status":"publish","type":"post","link":"https:\/\/www.europesays.com\/es\/624267\/","title":{"rendered":"El Gobierno de Ayuso defiende los contratos millonarios con Quir\u00f3n de la pareja de la presidenta: \u00abEs una relaci\u00f3n entre proveedores\u00bb"},"content":{"rendered":"<p class=\"article-text\">\n        El Gobierno de la Comunidad de Madrid ha salido en defensa de la pareja de la presidenta, Alberto Gonz\u00e1lez Amador, despu\u00e9s de que <a href=\"https:\/\/www.eldiario.es\/politica\/informe-hacienda-revela-pareja-ayuso-facturo-4-4-millones-quiron-prevencion-2021-2023_1_13315304.html\" data-mrf-recirculation=\"links-noticia\" class=\"link\" rel=\"nofollow noopener\" target=\"_blank\">un informe de Hacienda revelara que factur\u00f3 4,4 millones<\/a> a Quir\u00f3n Prevenci\u00f3n entre 2021 y 2023. El portavoz del Ejecutivo auton\u00f3mico ha asegurado que la oposici\u00f3n acusa \u201cde algo a una presidenta que ha ganado por mayor\u00eda absoluta\u201d no est\u00e1 \u201cni condenada ni investigada, ni hay nada al respecto\u201d. Miguel \u00c1ngel Garc\u00eda Mart\u00edn ha asegurado que la pareja de Isabel D\u00edaz Ayuso \u201cnunca jam\u00e1s ha contratado con la administraci\u00f3n regional\u201d y que se trata de \u201cuna relaci\u00f3n entre proveedores que adem\u00e1s es muy antigua\u201d.\n    <\/p>\n<p class=\"article-text\">\n        En la rueda de prensa posterior al Consejo de Ministros, el Gobierno de Ayuso ha asegurado que \u201cel Gobierno necesita una cortina de humo para tratar de tapar los esc\u00e1ndalos de corrupci\u00f3n\u201d como el caso del exministro Jos\u00e9 Luis \u00c1balos, condenado a 24 a\u00f1os de prisi\u00f3n. Este mismo mi\u00e9rcoles <a href=\"https:\/\/www.eldiario.es\/politica\/ultima-hora-comparecencia-sanchez-congreso-directo_6_13328214_1123781.html\" data-mrf-recirculation=\"links-noticia\" class=\"link\" rel=\"nofollow noopener\" target=\"_blank\">Pedro S\u00e1nchez ha reprochado a Alberto N\u00fa\u00f1ez Feij\u00f3o<\/a> su apoyo a Alberto Gonz\u00e1lez Amador tras la publicaci\u00f3n de las informaciones sobre su enriquecimiento: \u201cUstedes hostigan a mi mujer y protegen a un tipo que se est\u00e1 haciendo millonario con la privatizaci\u00f3n de la salud\u201d.\n    <\/p>\n<p class=\"article-text\">\n        Miguel \u00c1ngel Garc\u00eda Mart\u00edn ha asegurado que \u201ca diferencia de Bego\u00f1a\u201d, en referencia a la mujer del presidente, <a href=\"https:\/\/www.eldiario.es\/politica\/begona-gomez-recurrira-decision-peinado-retirarle-pasaporte-cree-frase-escolta-especulativa_1_13322471.html\" data-mrf-recirculation=\"links-noticia\" class=\"link\" rel=\"nofollow noopener\" target=\"_blank\">citada por el juez Peinado<\/a> para retirarle el pasaporte, la pareja de Ayuso \u201cse est\u00e1 defendiendo con sus propios medios\u201d. Adem\u00e1s, siguiendo los argumentos del Gobierno auton\u00f3mico, el portavoz ha asegurado que se trata de una \u201coperaci\u00f3n de Estado desde Moncloa\u201d y que \u201cNo hay novedad, nada afecta a la Comunidad de Madrid ni a Ayuso\u201d, as\u00ed como que \u201cse utilizaron medios p\u00fablicos para atacar a un particular\u201d.\n    <\/p>\n<p class=\"article-text\">\n        A la pregunta de si puede afectar a la imagen de la presidenta, Garc\u00eda Mart\u00edn ha insistido en que tanto el PSOE como sus socios \u201cnecesitan cortinas de humo para tapar tanta corrupci\u00f3n\u201d y que \u201ctratan de equiparar cualquier tipo de cuesti\u00f3n para que no se hable de la trama de la corrupci\u00f3n del sanchismo\u201d. \u201cNo hay mayor novedad por mucho que \u00d3scar L\u00f3pez o Pedro S\u00e1nchez traten de buscar el empate\u201d.\n    <\/p>\n<p class=\"article-text\">\n        Durante la rueda de prensa, el consejero de Cultura y Deporte, <a href=\"https:\/\/www.eldiario.es\/madrid\/somos\/parcela-comunidad-madrid-quiere-ampliar-estadio-rayo-vallecas-aforo-zonas-vip_1_13328471.html\" data-mrf-recirculation=\"links-noticia\" class=\"link\" rel=\"nofollow noopener\" target=\"_blank\">Mariano de Paco<\/a>, ha presentado el proyecto para ampliar el estadio del Rayo en Vallecas, que contar\u00e1 con m\u00e1s aforo y zonas VIP.\n    <\/p>\n<p>    \u201cSiempre hemos defendido esa relaci\u00f3n correcta entre la Agencia Tributaria y todos los contribuyentes\u201d<\/p>\n<p class=\"article-text\">\n        <a href=\"https:\/\/www.eldiario.es\/madrid\/miguel-angel-rodriguez-sale-defensa-pareja-ayuso-ataques-agencia-tributaria-deberia-dinamitada_1_13315834.html\" data-mrf-recirculation=\"links-noticia\" class=\"link\" rel=\"nofollow noopener\" target=\"_blank\">Sobre las palabras del jefe de gabinete de Ayuso, Miguel \u00c1ngel Rodr\u00edguez<\/a>, que dijo en declaraciones a El Pa\u00eds que la Agencia Tributaria \u201cdeber\u00eda ser dinamitada\u201d, el portavoz del Gobierno auton\u00f3mico ha asegurado que ellos siempre han \u201cdefendido esa relaci\u00f3n correcta entre la Agencia Tributaria y todos los contribuyentes\u201d y ha puesto como ejemplo un \u201cproyecto de ley de defensa de los contribuyentes\u201d que presentaron hace unas semanas.\n    <\/p>\n<p>    <a href=\"https:\/\/www.eldiario.es\/politica\/informe-hacienda-revela-pareja-ayuso-facturo-4-4-millones-quiron-prevencion-2021-2023_1_13315304.html\" data-mrf-recirculation=\"saber-mas-abajo\" data-dl-event=\"saber-mas-abajo\" rel=\"nofollow noopener\" target=\"_blank\"><\/p>\n<p class=\"know-more__title\">Un informe de Hacienda revela que la pareja de Ayuso factur\u00f3 4,4 millones a Quir\u00f3n Prevenci\u00f3n entre 2021 y 2023\n<\/p>\n<p>            <img decoding=\"async\" class=\"lazy\" loading=\"lazy\" data-src=\"https:\/\/static.eldiario.es\/clip\/41942837-f378-4895-ac31-a3223e2c17c3_16-9-aspect-ratio_default_0.jpg\" src=\"data:image\/svg+xml,%3Csvg xmlns=\" http:=\"\" viewbox=\"0 0 880 495\" alt=\"Un informe de Hacienda revela que la pareja de Ayuso factur\u00f3 4,4 millones a Quir\u00f3n Prevenci\u00f3n entre 2021 y 2023\"\/><\/p>\n<p>                        <\/a><\/p>\n<p class=\"article-text\">\n        A preguntas de <a href=\"https:\/\/eldiario.es\/\" target=\"_blank\" data-mrf-recirculation=\"links-noticia\" class=\"link\" rel=\"nofollow noopener\">elDiario.es<\/a>, el consejero portavoz ha respondido que puede \u201centender que algunos medios\u201d o pol\u00edtocos \u201cquieran tratar de echar tinta de calamar de lo que est\u00e1 ocurriendo en nuestro pa\u00eds\u201d. \u201cHacemos mal en taparlo, tenemos a un exministro condenado a 24 a\u00f1os de c\u00e1rcel\u201d, ha a\u00f1adido sobre la condena a Jos\u00e9 Luis \u00c1balos.\n    <\/p>\n","protected":false},"excerpt":{"rendered":"El Gobierno de la Comunidad de Madrid ha salido en defensa de la pareja de la presidenta, Alberto&hellip;\n","protected":false},"author":2,"featured_media":624268,"comment_status":"","ping_status":"","sticky":false,"template":"","format":"standard","meta":{"footnotes":""},"categories":[5],"tags":[6984,17,18,1165,5443,25,24,13,14,582,11,19,20,20333,9,10,15,16,2477,14107,44097,9111,5977,23,12,21,22],"class_list":["post-624267","post","type-post","status-publish","format-standard","has-post-thumbnail","category-titulares","tag-ayuso","tag-breaking-news","tag-breakingnews","tag-contratos","tag-defiende","tag-es","tag-espana","tag-featured-news","tag-featurednews","tag-gobierno","tag-headlines","tag-latest-news","tag-latestnews","tag-millonarios","tag-news","tag-noticias","tag-noticias-destacadas","tag-noticiasdestacadas","tag-pareja","tag-presidenta","tag-proveedores","tag-quiron","tag-relacion","tag-spain","tag-titulares","tag-ultimas-noticias","tag-ultimasnoticias"],"share_on_mastodon":{"url":"https:\/\/pubeurope.com\/@es\/116806633791786427","error":""},"_links":{"self":[{"href":"https:\/\/www.europesays.com\/es\/wp-json\/wp\/v2\/posts\/624267","targetHints":{"allow":["GET"]}}],"collection":[{"href":"https:\/\/www.europesays.com\/es\/wp-json\/wp\/v2\/posts"}],"about":[{"href":"https:\/\/www.europesays.com\/es\/wp-json\/wp\/v2\/types\/post"}],"author":[{"embeddable":true,"href":"https:\/\/www.europesays.com\/es\/wp-json\/wp\/v2\/users\/2"}],"replies":[{"embeddable":true,"href":"https:\/\/www.europesays.com\/es\/wp-json\/wp\/v2\/comments?post=624267"}],"version-history":[{"count":0,"href":"https:\/\/www.europesays.com\/es\/wp-json\/wp\/v2\/posts\/624267\/revisions"}],"wp:featuredmedia":[{"embeddable":true,"href":"https:\/\/www.europesays.com\/es\/wp-json\/wp\/v2\/media\/624268"}],"wp:attachment":[{"href":"https:\/\/www.europesays.com\/es\/wp-json\/wp\/v2\/media?parent=624267"}],"wp:term":[{"taxonomy":"category","embeddable":true,"href":"https:\/\/www.europesays.com\/es\/wp-json\/wp\/v2\/categories?post=624267"},{"taxonomy":"post_tag","embeddable":true,"href":"https:\/\/www.europesays.com\/es\/wp-json\/wp\/v2\/tags?post=624267"}],"curies":[{"name":"wp","href":"https:\/\/api.w.org\/{rel}","templated":true}]}}