{"id":62427,"date":"2025-08-21T12:22:09","date_gmt":"2025-08-21T12:22:09","guid":{"rendered":"https:\/\/www.europesays.com\/es\/62427\/"},"modified":"2025-08-21T12:22:09","modified_gmt":"2025-08-21T12:22:09","slug":"un-concejal-de-vox-afirma-haber-cancelado-un-rezo-islamico-en-las-torres-de-cotillas-murcia-y-el-alcalde-lo-niega-espana","status":"publish","type":"post","link":"https:\/\/www.europesays.com\/es\/62427\/","title":{"rendered":"Un concejal de Vox afirma haber cancelado un rezo isl\u00e1mico en Las Torres de Cotillas (Murcia) y el alcalde lo niega | Espa\u00f1a"},"content":{"rendered":"<p class=\"\">El concejal de Seguridad Ciudadana, Protecci\u00f3n Civil y Movilidad en el Ayuntamiento de Las Torres de Cotillas (Murcia, 22.500 habitantes), Pablo Alberto Ruiz, de <a href=\"https:\/\/elpais.com\/noticias\/vox-espana\/\" target=\"_blank\" rel=\"noreferrer nofollow noopener\" title=\"https:\/\/elpais.com\/noticias\/vox-espana\/\">Vox<\/a>, afirma haber cancelado un rezo isl\u00e1mico que estaba previsto en el polideportivo municipal por considerarlo \u201cilegal\u201d. El partido ha celebrado en su perfil de Facebook la cancelaci\u00f3n del evento. En declaraciones al diario La Verdad, el alcalde de la localidad, Pedro Jos\u00e9 Noguera, dice que el comunicado del partido ultra no tiene nada que ver con el Gobierno municipal, niega el veto e indica que de haber tenido disponibilidad, \u201cse habr\u00eda celebrado\u201d en el polideportivo, como en otras ocasiones.<\/p>\n<p class=\"\">\u201cNuestro concejal Pablo Alberto Ruiz logra la cancelaci\u00f3n del rezo isl\u00e1mico en el polideportivo de Las Torres de Cotillas, defendiendo la cultura cat\u00f3lica-cristiana y el cumplimiento de la ley\u201d, reza <a href=\"https:\/\/www.facebook.com\/VOXLasTorresdeCotillas\/posts\/pfbid0QpMuXCNkQdkQ9vCcGj4XpcfkjEQi7dhadQYxoiVxvSbH5re6qtFPSy9TVAG26wkXl?__cft__[0]=AZXmiOoxe77U-DMYH-I0hl53iaKfUCqZ6or9xWkZ5w5Q7YKqJiGYPz5Qs1CYwdjIIkR615QKr3jRtOHTw7QKt-A9hDMgUnjjE0WLYJAjy8qHezRMDDzppA8aR-Brt1UIsY8wgi16MIS-R2ncQYtYRiX6OvSijJ8A3gjaD5sAH3py3Q&amp;__tn__=%2CO%2CP-R\" target=\"_blank\" rel=\"noreferrer nofollow noopener\" title=\"https:\/\/www.facebook.com\/VOXLasTorresdeCotillas\/posts\/pfbid0QpMuXCNkQdkQ9vCcGj4XpcfkjEQi7dhadQYxoiVxvSbH5re6qtFPSy9TVAG26wkXl?__cft__[0]=AZXmiOoxe77U-DMYH-I0hl53iaKfUCqZ6or9xWkZ5w5Q7YKqJiGYPz5Qs1CYwdjIIkR615QKr3jRtOHTw7QKt-A9hDMgUnjjE0WLYJAjy8qHezRMDDzppA8aR-Brt1UIsY8wgi16MIS-R2ncQYtYRiX6OvSijJ8A3gjaD5sAH3py3Q&amp;__tn__=%2CO%2CP-R\">una publicaci\u00f3n <\/a>de Vox Las Torres de Cotillas en Facebook. En <a href=\"https:\/\/www.facebook.com\/VOXLasTorresdeCotillas\/posts\/pfbid0oYRCbCGiu7mQgHMuZmfS24V3otatyq9pqRuGX7hx9RfZmc8dwrBSyD3MdhgbvtrKl?__cft__[0]=AZWbe4amNg8dNgqF_s92FV1ztt3003qFJVeT5IQs_xdByI0mSjtHa45JJGkzGGifOrRrHbz9AsLE83gDiKuf7PSxF6ck-DPrCCEH9LCuKfxJgrgoijcw1CkfNE-HcLVqLS8dfNzLo5rO1sjVecB2gAa9gAnNbGd9XqNDEpv9yuMlJ6Z192W4bE-K0C63LPEW8z8&amp;__tn__=%2CO%2CP-R\" target=\"_blank\" rel=\"noreferrer nofollow noopener\" title=\"https:\/\/www.facebook.com\/VOXLasTorresdeCotillas\/posts\/pfbid0oYRCbCGiu7mQgHMuZmfS24V3otatyq9pqRuGX7hx9RfZmc8dwrBSyD3MdhgbvtrKl?__cft__[0]=AZWbe4amNg8dNgqF_s92FV1ztt3003qFJVeT5IQs_xdByI0mSjtHa45JJGkzGGifOrRrHbz9AsLE83gDiKuf7PSxF6ck-DPrCCEH9LCuKfxJgrgoijcw1CkfNE-HcLVqLS8dfNzLo5rO1sjVecB2gAa9gAnNbGd9XqNDEpv9yuMlJ6Z192W4bE-K0C63LPEW8z8&amp;__tn__=%2CO%2CP-R\">un mensaje anterior <\/a>de esa misma red social, la formaci\u00f3n ultra indica que el PP del municipio \u201ccedi\u00f3 las instalaciones incluso sin el correspondiente pago de las tasas municipales para la realizaci\u00f3n de una jornada presidida por un im\u00e1n llegado de Marruecos\u201d. \u201cLa concejal\u00eda de Seguridad Ciudadana, Protecci\u00f3n Civil y Movilidad solicit\u00f3 toda la informaci\u00f3n de este evento y se cancel\u00f3 obligando a cambiar la ubicaci\u00f3n a su mezquita\u201d, a\u00f1aden al mensaje. <\/p>\n<p class=\"\">Sin embargo, en <a href=\"https:\/\/www.laverdad.es\/murcia\/lastorresdecotillas\/vox-cancela-torres-cotillas-rezo-islamico-polideportivo-20250821075116-nt.html\" target=\"_self\" rel=\"nofollow noopener\" title=\"https:\/\/www.laverdad.es\/murcia\/lastorresdecotillas\/vox-cancela-torres-cotillas-rezo-islamico-polideportivo-20250821075116-nt.html\">declaraciones al diario La Verdad,<\/a> el alcalde de Las Torres de Cotillas, Pedro Jos\u00e9 Noguera, del PP, niega que se haya prohibido alguna actividad en el polideportivo municipal a la comunidad isl\u00e1mica y apunta que el comunicado de Vox \u201cno tiene nada que ver con el Gobierno municipal\u201d. El alcalde cuenta a ese peri\u00f3dico que \u201cno ha habido una solicitud registrada\u201d para el uso de las instalaciones, ya que esas gestiones se suelen hacer de forma informal. Durante esas conversaciones, detalla, se vio que en la fecha prevista el polideportivo estaba reservado para otra actividad y \u201cellos mismos dijeron que no pasaba nada, que al no haber disponibilidad se iban a otro sitio, como ha sucedido en otras ocasiones que no se ha podido, as\u00ed como en otras muchas que si se pod\u00eda y se les han dejado diferentes recintos\u201d, explica el Noguera, que a\u00f1ade que \u201csi este a\u00f1o s\u00ed se hubiera podido [celebrar el rezo en el polideportivo] se les hubiera concedido tambi\u00e9n\u201d. <\/p>\n<p class=\"\">\u201cDonde Vox gobierna no hay sitio para incumplir la ley. Nuestro deber es garantizar que todos los actos y actividades que se desarrollen en espacios municipales cumplan con la normativa vigente y respeten a todos los vecinos. Es el momento de <a href=\"https:\/\/elpais.com\/espana\/2025-08-08\/la-ultraderecha-impone-su-mensaje-islamofobo-en-jumilla-a-rezar-a-otra-parte.html\" target=\"_blank\" rel=\"noreferrer nofollow noopener\" title=\"https:\/\/elpais.com\/espana\/2025-08-08\/la-ultraderecha-impone-su-mensaje-islamofobo-en-jumilla-a-rezar-a-otra-parte.html\">acabar con los dogmas impuestos<\/a> y centrarnos en lo que de verdad importa: la seguridad, el bienestar y la convivencia en nuestro municipio\u201d, manifest\u00f3 el concejal del partido ultra, en unas declaraciones recogidas por Europa Press.<\/p>\n<p class=\"\">La formaci\u00f3n pol\u00edtica ha trasladado su \u201ccompromiso con la defensa de la seguridad, el respeto a la ley y la convivencia de todos los ciudadanos, eliminando cualquier elemento que pueda suponer imposici\u00f3n ideol\u00f3gica o privilegios injustificados en espacios p\u00fablicos\u201d. El alcalde de Las Torres de Cotillas, Pedro Jos\u00e9 Noguera, del Partido Popular, gobierna el municipio desde 2023 tras la renuncia de la anterior alcaldesa por motivos de salud. Fue elegido con los votos de los siete concejales de su partido y los cuatro de Vox <a href=\"https:\/\/elpais.com\/espana\/elecciones\/municipales\/15\/30\/38\/\" target=\"_self\" rel=\"nofollow noopener\" title=\"https:\/\/elpais.com\/espana\/elecciones\/municipales\/15\/30\/38\/\">que resultaron de las elecciones municipales de 2023<\/a>.<\/p>\n<p class=\"\">El 28 de julio, el Ayuntamiento de Jumilla (Murcia) aprob\u00f3 una moci\u00f3n de Vox que prohib\u00eda de facto la celebraci\u00f3n de rezos musulmanes por el Ramad\u00e1n en los espacios municipales, como se ven\u00eda haciendo desde hac\u00eda a\u00f1os. La justificaci\u00f3n de la alcaldesa Seve Gonz\u00e1lez para aprobarlo con una modificaci\u00f3n era que desde el consistorio llevaban tiempo \u201cintentando hacer una modificaci\u00f3n del reglamento de uso de todas las instalaciones deportivas\u201d. <a href=\"https:\/\/elpais.com\/espana\/2025-08-08\/seve-gonzalez-alcaldesa-de-jumilla-vamos-a-priorizar-nuestras-tradiciones-y-nuestra-identidad.html\" target=\"_blank\" rel=\"noreferrer nofollow noopener\" title=\"https:\/\/elpais.com\/espana\/2025-08-08\/seve-gonzalez-alcaldesa-de-jumilla-vamos-a-priorizar-nuestras-tradiciones-y-nuestra-identidad.html\">En una entrevista en EL PA\u00cdS<\/a>, Gonz\u00e1lez indic\u00f3 que la moci\u00f3n insta \u201cal equipo de Gobierno a promover campa\u00f1as culturales que defiendan nuestra identidad y protejan los valores y manifestaciones religiosas de nuestro pa\u00eds\u201d. Un mes antes se hab\u00eda debatido una moci\u00f3n similar en el Ayuntamiento de la capital, que fue<a href=\"https:\/\/elpais.com\/espana\/2025-08-09\/el-pp-rechazo-en-murcia-una-mocion-similar-a-la-de-jumilla-por-ser-mas-sectaria-de-la-cuenta.html\" target=\"_blank\" rel=\"noreferrer nofollow noopener\" title=\"https:\/\/elpais.com\/espana\/2025-08-09\/el-pp-rechazo-en-murcia-una-mocion-similar-a-la-de-jumilla-por-ser-mas-sectaria-de-la-cuenta.html\"> rechazada porque el PP la consider\u00f3 \u201cm\u00e1s sectaria de la cuenta\u201d<\/a>. En este caso, los populares presentaron una moci\u00f3n alternativa que buscaba \u201ca seguir promoviendo actividades, campa\u00f1as y propuestas culturales que defiendan nuestra identidad y protejan nuestros valores tradicionales\u201d y a \u201cproteger las manifestaciones religiosas que son tradicionales en nuestro pa\u00eds\u201d, a lo que a\u00f1ad\u00edan una coletilla: \u201cRespetando siempre la libertad de culto y la libertad de las personas\u201d.<\/p>\n","protected":false},"excerpt":{"rendered":"El concejal de Seguridad Ciudadana, Protecci\u00f3n Civil y Movilidad en el Ayuntamiento de Las Torres de Cotillas (Murcia,&hellip;\n","protected":false},"author":2,"featured_media":62428,"comment_status":"","ping_status":"","sticky":false,"template":"","format":"standard","meta":{"footnotes":""},"categories":[8],"tags":[17,18,25,24,13,14,11,25879,387,10025,25880,19,20,1478,9,10,15,16,956,23,12,21,22,4247,624],"class_list":{"0":"post-62427","1":"post","2":"type-post","3":"status-publish","4":"format-standard","5":"has-post-thumbnail","7":"category-espana","8":"tag-breaking-news","9":"tag-breakingnews","10":"tag-es","11":"tag-espana","12":"tag-featured-news","13":"tag-featurednews","14":"tag-headlines","15":"tag-ideologias","16":"tag-islam","17":"tag-islamofobia","18":"tag-las-torres-de-cotillas","19":"tag-latest-news","20":"tag-latestnews","21":"tag-murcia","22":"tag-news","23":"tag-noticias","24":"tag-noticias-destacadas","25":"tag-noticiasdestacadas","26":"tag-pp","27":"tag-spain","28":"tag-titulares","29":"tag-ultimas-noticias","30":"tag-ultimasnoticias","31":"tag-ultraderecha","32":"tag-vox"},"share_on_mastodon":{"url":"","error":""},"_links":{"self":[{"href":"https:\/\/www.europesays.com\/es\/wp-json\/wp\/v2\/posts\/62427","targetHints":{"allow":["GET"]}}],"collection":[{"href":"https:\/\/www.europesays.com\/es\/wp-json\/wp\/v2\/posts"}],"about":[{"href":"https:\/\/www.europesays.com\/es\/wp-json\/wp\/v2\/types\/post"}],"author":[{"embeddable":true,"href":"https:\/\/www.europesays.com\/es\/wp-json\/wp\/v2\/users\/2"}],"replies":[{"embeddable":true,"href":"https:\/\/www.europesays.com\/es\/wp-json\/wp\/v2\/comments?post=62427"}],"version-history":[{"count":0,"href":"https:\/\/www.europesays.com\/es\/wp-json\/wp\/v2\/posts\/62427\/revisions"}],"wp:featuredmedia":[{"embeddable":true,"href":"https:\/\/www.europesays.com\/es\/wp-json\/wp\/v2\/media\/62428"}],"wp:attachment":[{"href":"https:\/\/www.europesays.com\/es\/wp-json\/wp\/v2\/media?parent=62427"}],"wp:term":[{"taxonomy":"category","embeddable":true,"href":"https:\/\/www.europesays.com\/es\/wp-json\/wp\/v2\/categories?post=62427"},{"taxonomy":"post_tag","embeddable":true,"href":"https:\/\/www.europesays.com\/es\/wp-json\/wp\/v2\/tags?post=62427"}],"curies":[{"name":"wp","href":"https:\/\/api.w.org\/{rel}","templated":true}]}}