{"id":62433,"date":"2025-08-21T12:25:13","date_gmt":"2025-08-21T12:25:13","guid":{"rendered":"https:\/\/www.europesays.com\/es\/62433\/"},"modified":"2025-08-21T12:25:13","modified_gmt":"2025-08-21T12:25:13","slug":"lima-duplica-en-un-ano-sus-nuevos-abonados-para-acho","status":"publish","type":"post","link":"https:\/\/www.europesays.com\/es\/62433\/","title":{"rendered":"Lima duplica en un a\u00f1o sus nuevos abonados para Acho"},"content":{"rendered":"<p>La venta de nuevos abonos para la feria del Se\u00f1or de los Milagros de Lima est\u00e1 siendo todo un \u00e9xito sin precedentes. En tan solo un a\u00f1o se ha doblado la cifra, consiguiendo 2.500 nuevos abonados a la plaza de toros de Acho. Ahora mismo el n\u00famero de abonados supera los 5.000 pero se espera alcanzar los 7.000 este a\u00f1o debido a que todav\u00eda falta mucha gente por renovar sus abonos. Todo un ejemplo de la buena acogida que est\u00e1 teniendo la feria que comenzar\u00e1 el pr\u00f3ximo mes de octubre, y donde ha despertado una enorme expectaci\u00f3n la actuaci\u00f3n como \u00fanico espada de <strong>Roca Re<\/strong>y, conmemorando sus diez a\u00f1os de alternativa como matador de toros.<\/p>\n<p><strong>Tito Fern\u00e1ndez,<\/strong> al frente de la empresa Producciones La Esperanza, lleva gestionando el bicentenario coso desde el a\u00f1o pasado con importantes ofertas para los aficionados que est\u00e1n teniendo una muy buena acogida.<\/p>\n<p>\t\t\t\t\t<strong>Feria de Lima <\/strong><\/p>\n<p>Los carteles son los siguientes:<\/p>\n<p>S\u00e1bado, 18 de octubre. Novillos de San Jos\u00e9 del Monte para Felipe Negret, Joaqu\u00edn Caro y Josuel Mallqui.<\/p>\n<p>Domingo 19. Toros de Salamanca y San Pedro para Morenito de Aranda, Alfonso de Lima y Jes\u00fas Enrique Colombo.<\/p>\n<p>S\u00e1bado 25. Novillos de Camponuevo para Jos\u00e9 Antonio Guerra, Pedro Luis y Tom\u00e1s Bastos.<\/p>\n<p>Domingo 26. Toros de Paij\u00e1n y Domingo Hern\u00e1ndes para David Galv\u00e1n, Fernando Adri\u00e1n y Joaqu\u00edn Gald\u00f3s.<\/p>\n<p>S\u00e1bado, 1 de noviembre. Toros de N\u00fa\u00f1ez del Cuvillo y Domingo Hern\u00e1ndez para Morante de la Puebla, Sebasti\u00e1n Castella y Alejandro Talavante.<\/p>\n<p>Domingo 2. Toros de N\u00fa\u00f1ez del Cuvillo, Domingo Hern\u00e1ndez y Paij\u00e1n para Roca Rey, como \u00fanico espada.<\/p>\n","protected":false},"excerpt":{"rendered":"La venta de nuevos abonos para la feria del Se\u00f1or de los Milagros de Lima est\u00e1 siendo todo&hellip;\n","protected":false},"author":2,"featured_media":62434,"comment_status":"","ping_status":"","sticky":false,"template":"","format":"standard","meta":{"footnotes":""},"categories":[277],"tags":[45,25881,373,168,25,24,25882,994,5714,4316,23,167,374,444],"class_list":{"0":"post-62433","1":"post","2":"type-post","3":"status-publish","4":"format-standard","5":"has-post-thumbnail","7":"category-toreo","8":"tag-45","9":"tag-acho","10":"tag-bullfighting","11":"tag-deportes","12":"tag-es","13":"tag-espana","14":"tag-feria-del-senor-de-los-milagros","15":"tag-lima","16":"tag-pero","17":"tag-roca-rey","18":"tag-spain","19":"tag-sports","20":"tag-toreo","21":"tag-toros"},"share_on_mastodon":{"url":"","error":""},"_links":{"self":[{"href":"https:\/\/www.europesays.com\/es\/wp-json\/wp\/v2\/posts\/62433","targetHints":{"allow":["GET"]}}],"collection":[{"href":"https:\/\/www.europesays.com\/es\/wp-json\/wp\/v2\/posts"}],"about":[{"href":"https:\/\/www.europesays.com\/es\/wp-json\/wp\/v2\/types\/post"}],"author":[{"embeddable":true,"href":"https:\/\/www.europesays.com\/es\/wp-json\/wp\/v2\/users\/2"}],"replies":[{"embeddable":true,"href":"https:\/\/www.europesays.com\/es\/wp-json\/wp\/v2\/comments?post=62433"}],"version-history":[{"count":0,"href":"https:\/\/www.europesays.com\/es\/wp-json\/wp\/v2\/posts\/62433\/revisions"}],"wp:featuredmedia":[{"embeddable":true,"href":"https:\/\/www.europesays.com\/es\/wp-json\/wp\/v2\/media\/62434"}],"wp:attachment":[{"href":"https:\/\/www.europesays.com\/es\/wp-json\/wp\/v2\/media?parent=62433"}],"wp:term":[{"taxonomy":"category","embeddable":true,"href":"https:\/\/www.europesays.com\/es\/wp-json\/wp\/v2\/categories?post=62433"},{"taxonomy":"post_tag","embeddable":true,"href":"https:\/\/www.europesays.com\/es\/wp-json\/wp\/v2\/tags?post=62433"}],"curies":[{"name":"wp","href":"https:\/\/api.w.org\/{rel}","templated":true}]}}