{"id":624571,"date":"2026-06-24T22:48:17","date_gmt":"2026-06-24T22:48:17","guid":{"rendered":"https:\/\/www.europesays.com\/es\/624571\/"},"modified":"2026-06-24T22:48:17","modified_gmt":"2026-06-24T22:48:17","slug":"germinal-transforma-la-rutina-de-noche-con-una-mousse-reparadora-de-inspiracion-coreana","status":"publish","type":"post","link":"https:\/\/www.europesays.com\/es\/624571\/","title":{"rendered":"Germinal\u00ae transforma la rutina de noche con una mousse reparadora de inspiraci\u00f3n coreana"},"content":{"rendered":"<p>El rosa suave es el color de la primavera. Se trata de una tonalidad que caracteriza a las girlies hasta tal punto que muchas de ellas la incorporan a sus productos de skincare. Este tono pastel, muy primaveral, inunda los armarios y los neceseres cuando se acerca el buen tiempo. &#8230;            &#13;\n        <\/p>\n<p>El <strong>rosa suave<\/strong> es el color de la primavera. Se trata de una tonalidad que caracteriza a las girlies hasta tal punto que muchas de ellas la incorporan a sus productos de skincare. Este tono pastel, muy primaveral, inunda los armarios y los neceseres cuando se acerca el buen tiempo. Pero, m\u00e1s all\u00e1 de los colores, otra de las caracter\u00edsticas de esta estaci\u00f3n es la <strong>astenia primaveral<\/strong>. A ella se suma el cambio de hora, muy esperado por muchas personas, pero que puede afectar a nuestros ritmos circadianos y reflejarse en la piel.<\/p>\n<p>\u00abPara contrarrestar el aspecto de cansancio o la falta de luminosidad que pueden aparecer en nuestra piel, es importante utilizar productos espec\u00edficamente pensados para actuar por la noche, ya que durante este periodo las c\u00e9lulas est\u00e1n m\u00e1s receptivas a la acci\u00f3n de los activos. Es entonces cuando se llevan a cabo los procesos de reparaci\u00f3n y regeneraci\u00f3n celular\u00bb, afirma <strong>Eva Otero<\/strong>, cosmet\u00f3loga de Germinal.\u00a0Por ello, conviene elegir cremas de noche relajantes que favorezcan la regeneraci\u00f3n cut\u00e1nea, protejan las prote\u00ednas de la piel y combatan los efectos de los radicales libres a los que esta ha estado expuesta durante el d\u00eda.<\/p>\n<p><strong>\u00bfPara qu\u00e9 sirve la vitamina B12 en cosm\u00e9tica?<\/strong><\/p>\n<p>La <strong>vitamina B12<\/strong> era conocida hasta ahora principalmente por su papel en el organismo. Sin embargo, en los \u00faltimos a\u00f1os y siguiendo la tendencia de la <strong>cosm\u00e9tica coreana<\/strong>, ha comenzado a utilizarse en productos de cuidado facial. Entre sus principales caracter\u00edsticas destaca su capacidad para aliviar la piel cuando est\u00e1 alterada, ayudarla a recuperar su equilibrio y cuidar la barrera cut\u00e1nea.<\/p>\n<p>Adem\u00e1s de sus propiedades calmantes, tambi\u00e9n se le atribuyen <strong>efectos antioxidantes, regeneradores, reparadores y antiinflamatorios<\/strong>. Por ello, resulta especialmente indicada para pieles sensibles, secas, da\u00f1adas, reactivas o con rojeces, ya que ayuda a mejorar la tolerancia al resto de los principios activos de la f\u00f3rmula. Por otra parte, este popular principio activo procedente de la K-beauty es el responsable del tono rosado de los productos, tan de moda actualmente, que se traduce en una apariencia m\u00e1s luminosa y revitalizada de la piel.<\/p>\n<p><strong>Germinal\u00ae Sensations Mousse Relax<\/strong><\/p>\n<p>Germinal\u00ae, la marca de cosm\u00e9tica made in Spain que investiga de forma constante para ofrecer productos innovadores, presenta <strong>Mousse Relax<\/strong>, el nuevo lanzamiento de su l\u00ednea <strong>Germinal\u00ae Sensations<\/strong>, con acci\u00f3n redensificante y reparadora. Este tratamiento nocturno aporta firmeza, elasticidad, nutrici\u00f3n e hidrataci\u00f3n, al tiempo que proporciona una exfoliaci\u00f3n suave y favorece la luminosidad. Durante la noche, la crema en formato mousse fortalece la barrera cut\u00e1nea, reduce la sensibilidad y combate los efectos del estr\u00e9s ambiental. El resultado es una piel m\u00e1s firme, el\u00e1stica, suave y luminosa desde el primer uso.<\/p>\n<p>La f\u00f3rmula contiene tres tipos de col\u00e1geno que ayudan a aumentar la firmeza y disminuir las arrugas. La vitamina B12 calma la piel y protege la barrera cut\u00e1nea, mientras que una combinaci\u00f3n de <strong>alfahidroxi\u00e1cidos<\/strong> (AHA) exfolia suavemente e hidrata en profundidad. Adem\u00e1s, un emulsionante de origen vegetal reduce la sensibilidad de la piel y la protege frente a las agresiones externas.<\/p>\n<p>Cada aplicaci\u00f3n de Mousse Relax constituye un ritual sensorial que invita al descanso. Su textura suave y aireada se funde r\u00e1pidamente con la piel y aporta una <strong>sensaci\u00f3n inmediata de confort<\/strong>. Su aroma dulce a postre de fresa convierte el tratamiento nocturno en un momento de relajaci\u00f3n profunda y favorece un descanso reparador. Al despertar, la piel se muestra m\u00e1s firme, el\u00e1stica, nutrida y luminosa, con un acabado uniforme y suave al tacto.<\/p>\n<p>&#13;<\/p>\n<tr>&#13;<\/p>\n<td style=\"width: 50%;\"><img decoding=\"async\" src=\"https:\/\/www.europesays.com\/es\/wp-content\/uploads\/2026\/06\/imfarmacias_germinal_transforma_rutina__42112_23155414.png\"\/><\/td>\n<p>&#13;<\/p>\n<td style=\"width: 50%;\"><\/td>\n<\/tr>\n","protected":false},"excerpt":{"rendered":"El rosa suave es el color de la primavera. Se trata de una tonalidad que caracteriza a las&hellip;\n","protected":false},"author":2,"featured_media":624572,"comment_status":"","ping_status":"","sticky":false,"template":"","format":"standard","meta":{"footnotes":""},"categories":[92],"tags":[1926,116174,8208,25361,77916,25,24,38326,35705,116170,165,10432,116171,193,852,72914,2782,116175,12804,116172,26480,166,116173,23,99285,14625],"class_list":["post-624571","post","type-post","status-publish","format-standard","has-post-thumbnail","category-salud","tag-accion","tag-aireada","tag-aroma","tag-coreana","tag-elasticidad","tag-es","tag-espana","tag-firmeza","tag-fresa","tag-germinal","tag-health","tag-inspiracion","tag-mousse","tag-noche","tag-perdida","tag-pieles","tag-presenta","tag-redensificante","tag-relax","tag-reparadora","tag-rutina","tag-salud","tag-sensations","tag-spain","tag-textura","tag-transforma"],"share_on_mastodon":{"url":"https:\/\/pubeurope.com\/@es\/116807527279863833","error":""},"_links":{"self":[{"href":"https:\/\/www.europesays.com\/es\/wp-json\/wp\/v2\/posts\/624571","targetHints":{"allow":["GET"]}}],"collection":[{"href":"https:\/\/www.europesays.com\/es\/wp-json\/wp\/v2\/posts"}],"about":[{"href":"https:\/\/www.europesays.com\/es\/wp-json\/wp\/v2\/types\/post"}],"author":[{"embeddable":true,"href":"https:\/\/www.europesays.com\/es\/wp-json\/wp\/v2\/users\/2"}],"replies":[{"embeddable":true,"href":"https:\/\/www.europesays.com\/es\/wp-json\/wp\/v2\/comments?post=624571"}],"version-history":[{"count":0,"href":"https:\/\/www.europesays.com\/es\/wp-json\/wp\/v2\/posts\/624571\/revisions"}],"wp:featuredmedia":[{"embeddable":true,"href":"https:\/\/www.europesays.com\/es\/wp-json\/wp\/v2\/media\/624572"}],"wp:attachment":[{"href":"https:\/\/www.europesays.com\/es\/wp-json\/wp\/v2\/media?parent=624571"}],"wp:term":[{"taxonomy":"category","embeddable":true,"href":"https:\/\/www.europesays.com\/es\/wp-json\/wp\/v2\/categories?post=624571"},{"taxonomy":"post_tag","embeddable":true,"href":"https:\/\/www.europesays.com\/es\/wp-json\/wp\/v2\/tags?post=624571"}],"curies":[{"name":"wp","href":"https:\/\/api.w.org\/{rel}","templated":true}]}}