{"id":624591,"date":"2026-06-24T23:04:39","date_gmt":"2026-06-24T23:04:39","guid":{"rendered":"https:\/\/www.europesays.com\/es\/624591\/"},"modified":"2026-06-24T23:04:39","modified_gmt":"2026-06-24T23:04:39","slug":"guerra-abierta-entre-kiko-rivera-e-irene-rosales","status":"publish","type":"post","link":"https:\/\/www.europesays.com\/es\/624591\/","title":{"rendered":"Guerra abierta entre Kiko Rivera e Irene Rosales"},"content":{"rendered":"<p>24\/06\/2026<\/p>\n<p>Actualizado a las 18:50h.<\/p>\n<p class=\"v-d-p\" style=\"\">Cuando Kiko Rivera e Irene Rosales anunciaron su separaci\u00f3n a finales de agosto de 2025, sus comunicados e intervenciones p\u00fablicas estaban cargadas de buenas palabras  &#8230; y de afecto mutuo. Sin embargo, cuando todav\u00eda no ha pasado un a\u00f1o de aquella ruptura, la pareja est\u00e1 en pie de guerra y ya no disimulan las diferencias entre ambos. Tanto es as\u00ed que el Dj ha bloqueado a la madre de sus hijas tanto en sus redes sociales como en Whatsapp.<\/p>\n<p class=\"v-d-p\" style=\"\">Un movimiento que nada tiene que ver con <a href=\"https:\/\/www.elcorreo.com\/gente-estilo\/kiko-rivera-irene-rosales-vida-hoy-gracias-20260616122109-ntrc.html\" target=\"_blank\" data-voc-vtm-id=\"in-text-traffic\" title=\"la campa\u00f1a de frutos secos\" rel=\"nofollow noopener\">la campa\u00f1a de frutos secos<\/a> que ha protagonizado Irene haciendo un juego de palabras con el nombre de Kiko y el ma\u00edz frito y que tan mal ha sentado al hijo de Isabel Pantoja, sino que ya ven\u00eda de antes. As\u00ed lo ha detallado Luis Pliego, director de &#8216;Lecturas&#8217; en el programa &#8216;El tiempo justo&#8217;: \u00abLa bloque\u00f3 antes por algunas declaraciones. Hablan por las ni\u00f1as a trav\u00e9s de abogados\u00bb. Pliego tambi\u00e9n ha precisado que Kiko ha reprochado a su exmujer que no le avisara del contenido de la campa\u00f1a publicitaria antes de su lanzamiento, algo que no podr\u00eda haber hecho por los medios convencionales, dada la situaci\u00f3n.<\/p>\n","protected":false},"excerpt":{"rendered":"24\/06\/2026 Actualizado a las 18:50h. Cuando Kiko Rivera e Irene Rosales anunciaron su separaci\u00f3n a finales de agosto&hellip;\n","protected":false},"author":2,"featured_media":624592,"comment_status":"","ping_status":"","sticky":false,"template":"","format":"standard","meta":{"footnotes":""},"categories":[174],"tags":[3109,255,146,147,25,24,256,69,8363,3523,10787,21307,23],"class_list":["post-624591","post","type-post","status-publish","format-standard","has-post-thumbnail","category-famosos","tag-abierta","tag-celebrities","tag-entertainment","tag-entretenimiento","tag-es","tag-espana","tag-famosos","tag-guerra","tag-irene","tag-kiko","tag-rivera","tag-rosales","tag-spain"],"share_on_mastodon":{"url":"https:\/\/pubeurope.com\/@es\/116807589333981351","error":""},"_links":{"self":[{"href":"https:\/\/www.europesays.com\/es\/wp-json\/wp\/v2\/posts\/624591","targetHints":{"allow":["GET"]}}],"collection":[{"href":"https:\/\/www.europesays.com\/es\/wp-json\/wp\/v2\/posts"}],"about":[{"href":"https:\/\/www.europesays.com\/es\/wp-json\/wp\/v2\/types\/post"}],"author":[{"embeddable":true,"href":"https:\/\/www.europesays.com\/es\/wp-json\/wp\/v2\/users\/2"}],"replies":[{"embeddable":true,"href":"https:\/\/www.europesays.com\/es\/wp-json\/wp\/v2\/comments?post=624591"}],"version-history":[{"count":0,"href":"https:\/\/www.europesays.com\/es\/wp-json\/wp\/v2\/posts\/624591\/revisions"}],"wp:featuredmedia":[{"embeddable":true,"href":"https:\/\/www.europesays.com\/es\/wp-json\/wp\/v2\/media\/624592"}],"wp:attachment":[{"href":"https:\/\/www.europesays.com\/es\/wp-json\/wp\/v2\/media?parent=624591"}],"wp:term":[{"taxonomy":"category","embeddable":true,"href":"https:\/\/www.europesays.com\/es\/wp-json\/wp\/v2\/categories?post=624591"},{"taxonomy":"post_tag","embeddable":true,"href":"https:\/\/www.europesays.com\/es\/wp-json\/wp\/v2\/tags?post=624591"}],"curies":[{"name":"wp","href":"https:\/\/api.w.org\/{rel}","templated":true}]}}