{"id":624707,"date":"2026-06-25T00:46:13","date_gmt":"2026-06-25T00:46:13","guid":{"rendered":"https:\/\/www.europesays.com\/es\/624707\/"},"modified":"2026-06-25T00:46:13","modified_gmt":"2026-06-25T00:46:13","slug":"la-hipertension-podria-estar-asociada-a-un-menor-riesgo-de-demencia-en-personas-fragiles-2","status":"publish","type":"post","link":"https:\/\/www.europesays.com\/es\/624707\/","title":{"rendered":"La hipertensi\u00f3n podr\u00eda estar asociada a un menor riesgo de demencia en personas fr\u00e1giles"},"content":{"rendered":"<p>La fragilidad f\u00edsica se define como la presencia de tres o m\u00e1s de estos cinco s\u00edntomas: cansancio frecuente; poca o ninguna actividad f\u00edsica; marcha lenta; baja fuerza de agarre; y p\u00e9rdida de peso involuntaria.\u00a0Partiendo de que la hipotensi\u00f3n se ha asociado con peores resultados cl\u00ednicos en personas fr\u00e1giles, en personas &#8230;            &#13;\n        <\/p>\n<p>La<strong> fragilidad f\u00edsica<\/strong> se define como la presencia de tres o m\u00e1s de estos cinco s\u00edntomas: cansancio frecuente; poca o ninguna actividad f\u00edsica; marcha lenta; baja fuerza de agarre; y p\u00e9rdida de peso involuntaria.\u00a0Partiendo de que la hipotensi\u00f3n se ha asociado con peores resultados cl\u00ednicos en personas fr\u00e1giles, en personas con fragilidad f\u00edsica, la hipertensi\u00f3n arterial podr\u00eda estar asociada a un menor riesgo de demencia, seg\u00fan se desprende de un estudio difundido por la Academia Estadounidense de Neurolog\u00eda en su revista &#8216;Neurology&#8217;.<\/p>\n<p>\u00abNuestro objetivo fue comprobar c\u00f3mo se relaciona la presi\u00f3n arterial con el riesgo de demencia en este grupo de personas fr\u00e1giles\u00bb, afirm\u00f3 el autor del estudio, <strong>Jason R. Smith,<\/strong> doctor en filosof\u00eda de la Universidad de Carolina del Norte en Chapel Hill. \u00abSi bien la hipertensi\u00f3n sigue siendo una preocupaci\u00f3n para la mayor\u00eda de las personas, es posible que debamos considerar la salud general de los pacientes y si presentan signos de fragilidad al evaluar c\u00f3mo controlar su presi\u00f3n arterial\u00bb.<\/p>\n<p>Para el estudio, los investigadores analizaron datos de 6.135 personas con una edad promedio de 75 a\u00f1os, a quienes se les dio seguimiento durante una mediana de nueve a\u00f1os. Al inicio del estudio, 334 personas cumpl\u00edan los criterios de fragilidad, 2.376 los de prefragilidad y 2.383 los de robustez.<\/p>\n<p>Los autores de este trabajo definieron la prefragilidad como la presencia de uno o dos de estos s\u00edntomas. Para el estudio, se compar\u00f3 a personas con prefragilidad y fragilidad con otras que no presentaban ninguno de los s\u00edntomas, a quienes se defini\u00f3 como robustas.<\/p>\n<p>Los investigadores pudieron comprobar que el 30% de las personas con fragilidad o prefragilidad desarrollaron demencia, en comparaci\u00f3n con el 16% de las personas robustas. Entre los participantes con prefragilidad o fragilidad, aquellos con presi\u00f3n arterial elevada y aquellos con hipertensi\u00f3n desarrollaron demencia a una tasa de 29,5 y 41,2 casos, respectivamente, por cada 1000 personas-a\u00f1o, en comparaci\u00f3n con 42,3 casos por cada 1000 personas-a\u00f1o para aquellos con presi\u00f3n arterial normal. <\/p>\n<p>Las personas-a\u00f1o representan tanto el n\u00famero de personas en el estudio como el tiempo que cada persona pas\u00f3 en \u00e9l. Para los participantes robustos, aquellos con presi\u00f3n arterial elevada e hipertensi\u00f3n desarrollaron demencia a una tasa de 13,3 y 20,2 casos, respectivamente, en comparaci\u00f3n con 12,6 para aquellos con presi\u00f3n arterial normal.<\/p>\n<p>Cuando los investigadores ajustaron los datos para tener en cuenta otros factores que podr\u00edan afectar el riesgo de demencia, como la edad, el<strong> tabaquismo y la diabetes,<\/strong> descubrieron que las personas con signos de fragilidad y presi\u00f3n arterial elevada ten\u00edan un 32 % menos de probabilidades de desarrollar demencia que aquellas con presi\u00f3n arterial normal. Los participantes robustos con presi\u00f3n arterial alta ten\u00edan un 39 % m\u00e1s de probabilidades de desarrollar demencia que aquellos con presi\u00f3n arterial normal.<\/p>\n<p>\u00abEligiendo un objetivo \u00f3ptimo de presi\u00f3n arterial en funci\u00f3n de si la persona presenta signos de fragilidad podr\u00edamos ayudar a preservar la salud cerebral. No obstante, se necesita m\u00e1s investigaci\u00f3n para determinar si controlar la presi\u00f3n arterial de esta manera podr\u00eda realmente reducir el riesgo de demencia\u00bb, concluy\u00f3 el Dr. Smith.<\/p>\n","protected":false},"excerpt":{"rendered":"La fragilidad f\u00edsica se define como la presencia de tres o m\u00e1s de estos cinco s\u00edntomas: cansancio frecuente;&hellip;\n","protected":false},"author":2,"featured_media":624708,"comment_status":"","ping_status":"","sticky":false,"template":"","format":"standard","meta":{"footnotes":""},"categories":[92],"tags":[7767,29149,7554,32748,25517,2196,19622,1289,1387,25,24,693,7817,1141,1292,772,11380,59659,165,2382,44432,30687,446,2126,11289,3477,3479,45835,3073,8457,79619,77875,1288,166,23,28582,9162],"class_list":["post-624707","post","type-post","status-publish","format-standard","has-post-thumbnail","category-salud","tag-adultos","tag-arterial","tag-asociacion","tag-asociada","tag-cerebral","tag-cuenta","tag-deberian","tag-demencia","tag-edad","tag-es","tag-espana","tag-estado","tag-estadounidense","tag-estar","tag-estudio","tag-fin","tag-fragiles","tag-funcional","tag-health","tag-hipertension","tag-interpretacion","tag-manejo","tag-mayores","tag-menor","tag-neurologia","tag-personas","tag-podria","tag-preservar","tag-presion","tag-reciente","tag-relacionado","tag-respaldado","tag-riesgo","tag-salud","tag-spain","tag-sugiere","tag-tener"],"share_on_mastodon":{"url":"https:\/\/pubeurope.com\/@es\/116807990519805837","error":""},"_links":{"self":[{"href":"https:\/\/www.europesays.com\/es\/wp-json\/wp\/v2\/posts\/624707","targetHints":{"allow":["GET"]}}],"collection":[{"href":"https:\/\/www.europesays.com\/es\/wp-json\/wp\/v2\/posts"}],"about":[{"href":"https:\/\/www.europesays.com\/es\/wp-json\/wp\/v2\/types\/post"}],"author":[{"embeddable":true,"href":"https:\/\/www.europesays.com\/es\/wp-json\/wp\/v2\/users\/2"}],"replies":[{"embeddable":true,"href":"https:\/\/www.europesays.com\/es\/wp-json\/wp\/v2\/comments?post=624707"}],"version-history":[{"count":0,"href":"https:\/\/www.europesays.com\/es\/wp-json\/wp\/v2\/posts\/624707\/revisions"}],"wp:featuredmedia":[{"embeddable":true,"href":"https:\/\/www.europesays.com\/es\/wp-json\/wp\/v2\/media\/624708"}],"wp:attachment":[{"href":"https:\/\/www.europesays.com\/es\/wp-json\/wp\/v2\/media?parent=624707"}],"wp:term":[{"taxonomy":"category","embeddable":true,"href":"https:\/\/www.europesays.com\/es\/wp-json\/wp\/v2\/categories?post=624707"},{"taxonomy":"post_tag","embeddable":true,"href":"https:\/\/www.europesays.com\/es\/wp-json\/wp\/v2\/tags?post=624707"}],"curies":[{"name":"wp","href":"https:\/\/api.w.org\/{rel}","templated":true}]}}