{"id":624733,"date":"2026-06-25T01:14:12","date_gmt":"2026-06-25T01:14:12","guid":{"rendered":"https:\/\/www.europesays.com\/es\/624733\/"},"modified":"2026-06-25T01:14:12","modified_gmt":"2026-06-25T01:14:12","slug":"fernando-arrabal-revela-que-se-hara-cuando-fallezca-con-las-obras-que-dali-picasso-botero-o-miro-le-regalaron","status":"publish","type":"post","link":"https:\/\/www.europesays.com\/es\/624733\/","title":{"rendered":"Fernando Arrabal revela qu\u00e9 se har\u00e1 cuando fallezca con las obras que Dal\u00ed, Picasso, Botero o Mir\u00f3 le regalaron"},"content":{"rendered":"<p class=\"c-paragraph\">Este mi\u00e9rcoles en <a href=\"https:\/\/www.20minutos.es\/tags\/temas\/la-revuelta.html\" title=\"La Revuelta\" rel=\"nofollow noopener\" target=\"_blank\">La Revuelta<\/a> el invitado fue <a href=\"https:\/\/www.20minutos.es\/tags\/personas\/fernando-arrabal.html\" title=\"Fernando Arrabal\" rel=\"nofollow noopener\" target=\"_blank\">Fernando Arrabal<\/a>,\u00a0escritor, dramaturgo, poeta y cineasta espa\u00f1ol considerado <b>una de las figuras m\u00e1s originales y transgresoras <\/b>del arte contempor\u00e1neo.\u00a0<\/p>\n<p class=\"c-paragraph\">A sus<b> 93 a\u00f1os<\/b> (cumplir\u00e1 94 el pr\u00f3ximo 11 de agosto) Arrabal apareci\u00f3 con un regalo para David Broncano:<b> un art\u00edstico abanico personalizado con el nombre del presentador.\u00a0<\/b><\/p>\n<p class=\"c-paragraph\">El tema del arte fue uno de los que coment\u00f3 el cineasta, que<b> tiene una casa museo llena de obras de arte de todo tipo<\/b>, entre otras, obras que los propios <a href=\"https:\/\/www.20minutos.es\/tags\/personas\/picasso.html\" title=\"Picasso\" rel=\"nofollow noopener\" target=\"_blank\">Picasso<\/a>, <a href=\"https:\/\/www.20minutos.es\/tags\/personas\/dali.html\" title=\"Dal\u00ed\" rel=\"nofollow noopener\" target=\"_blank\">Dal\u00ed<\/a>, <a href=\"https:\/\/www.20minutos.es\/tags\/personas\/fernando-botero.html\" title=\"Fernando Botero\" rel=\"nofollow noopener\" target=\"_blank\">Botero<\/a> o <a href=\"https:\/\/www.20minutos.es\/tags\/personas\/joan-miro.html\" title=\"Joan Mir\u00f3\" rel=\"nofollow noopener\" target=\"_blank\">Mir\u00f3<\/a> le regalaron tras trabar amistad con ellos.\u00a0<\/p>\n<p class=\"c-paragraph\">\u00abYo lo tengo ah\u00ed guardado para Espa\u00f1a, para cuando Espa\u00f1a est\u00e9 a mi lado\u00bb, dec\u00eda Arrabal, que insist\u00eda: \u00ab<b>Mi legado es para Espa\u00f1a\u00bb. Eso s\u00ed, con humor hac\u00eda ver que no ser\u00e1 pronto<\/b>: \u00abTengo tiempo, no hay que precipitarse\u00bb.\u00a0<\/p>\n<p class=\"c-paragraph\">Durante el programa se produjo a\u00fan otro hecho ins\u00f3lito: el presentador, <b>David Broncano, fue nombrado como miembro de la orden de la Pataf\u00edsica<\/b>, una filosof\u00eda y pseudociencia creada a finales del siglo XIX y conocida formalmente como la \u00abciencia de las soluciones imaginarias\u00bb y de la que es miembro Arrabal, que ejerci\u00f3 como representante, aceptando a Broncano en ese movimiento.\u00a0\u00a0<\/p>\n","protected":false},"excerpt":{"rendered":"Este mi\u00e9rcoles en La Revuelta el invitado fue Fernando Arrabal,\u00a0escritor, dramaturgo, poeta y cineasta espa\u00f1ol considerado una de&hellip;\n","protected":false},"author":2,"featured_media":624734,"comment_status":"","ping_status":"","sticky":false,"template":"","format":"standard","meta":{"footnotes":""},"categories":[91],"tags":[116215,146,147,25,24,2421,528,23],"class_list":["post-624733","post","type-post","status-publish","format-standard","has-post-thumbnail","category-entretenimiento","tag-arrabal","tag-entertainment","tag-entretenimiento","tag-es","tag-espana","tag-fernando","tag-revuelta","tag-spain"],"share_on_mastodon":{"url":"https:\/\/pubeurope.com\/@es\/116808100268612355","error":""},"_links":{"self":[{"href":"https:\/\/www.europesays.com\/es\/wp-json\/wp\/v2\/posts\/624733","targetHints":{"allow":["GET"]}}],"collection":[{"href":"https:\/\/www.europesays.com\/es\/wp-json\/wp\/v2\/posts"}],"about":[{"href":"https:\/\/www.europesays.com\/es\/wp-json\/wp\/v2\/types\/post"}],"author":[{"embeddable":true,"href":"https:\/\/www.europesays.com\/es\/wp-json\/wp\/v2\/users\/2"}],"replies":[{"embeddable":true,"href":"https:\/\/www.europesays.com\/es\/wp-json\/wp\/v2\/comments?post=624733"}],"version-history":[{"count":0,"href":"https:\/\/www.europesays.com\/es\/wp-json\/wp\/v2\/posts\/624733\/revisions"}],"wp:featuredmedia":[{"embeddable":true,"href":"https:\/\/www.europesays.com\/es\/wp-json\/wp\/v2\/media\/624734"}],"wp:attachment":[{"href":"https:\/\/www.europesays.com\/es\/wp-json\/wp\/v2\/media?parent=624733"}],"wp:term":[{"taxonomy":"category","embeddable":true,"href":"https:\/\/www.europesays.com\/es\/wp-json\/wp\/v2\/categories?post=624733"},{"taxonomy":"post_tag","embeddable":true,"href":"https:\/\/www.europesays.com\/es\/wp-json\/wp\/v2\/tags?post=624733"}],"curies":[{"name":"wp","href":"https:\/\/api.w.org\/{rel}","templated":true}]}}