{"id":625031,"date":"2026-06-25T06:22:20","date_gmt":"2026-06-25T06:22:20","guid":{"rendered":"https:\/\/www.europesays.com\/es\/625031\/"},"modified":"2026-06-25T06:22:20","modified_gmt":"2026-06-25T06:22:20","slug":"el-tiempo-adios-a-la-ola-de-calor-descenso-de-las-temperaturas-y-lluvias-en-estas-zonas-de-espana","status":"publish","type":"post","link":"https:\/\/www.europesays.com\/es\/625031\/","title":{"rendered":"El tiempo: Adi\u00f3s a la ola de calor: descenso de las temperaturas y lluvias en estas zonas de Espa\u00f1a"},"content":{"rendered":"<p class=\"article-text\">\n        Adi\u00f3s a la primera <a href=\"https:\/\/www.eldiario.es\/sociedad\/calor-extremo-no-verano-aviso-futuro_1_13326910.html\" target=\"_blank\" data-mrf-recirculation=\"links-noticia\" class=\"link\" rel=\"nofollow noopener\">ola de calor<\/a> de la temporada. Este jueves se espera un <strong>descenso t\u00e9rmico generalizado<\/strong>, \u201cnotable en el oeste y centro peninsular\u201d, tanto en las temperaturas m\u00e1ximas como en las m\u00ednimas, de acuerdo con el portavoz de la <a href=\"https:\/\/www.eldiario.es\/temas\/aemet\/\" target=\"_blank\" data-mrf-recirculation=\"links-noticia\" class=\"link\" rel=\"nofollow noopener\">Agencia Estatal de Meteorolog\u00eda<\/a> (Aemet), Rub\u00e9n del Campo.\u00a0\n    <\/p>\n<p>    <a href=\"https:\/\/www.eldiario.es\/sociedad\/planeta-vive-escalada-estres-termico-calor-nocturno-noches-calientan-rapido-dias_1_13322689.html\" data-mrf-recirculation=\"saber-mas\" data-dl-event=\"saber-mas\" rel=\"nofollow noopener\" target=\"_blank\"><\/p>\n<p class=\"know-more__title\">El planeta vive una escalada de estr\u00e9s t\u00e9rmico y calor nocturno: las noches se calientan  m\u00e1s r\u00e1pido que los d\u00edas<\/p>\n<p>            <img decoding=\"async\" class=\"lazy\" loading=\"lazy\" data-src=\"https:\/\/static.eldiario.es\/clip\/385cf76e-dbc5-4829-b83f-81808dd4ed8b_16-9-aspect-ratio_default_0.jpg\" src=\"data:image\/svg+xml,%3Csvg xmlns=\" http:=\"\" viewbox=\"0 0 880 495\" alt=\"El planeta vive una escalada de estr\u00e9s t\u00e9rmico y calor nocturno: las noches se calientan  m\u00e1s r\u00e1pido que los d\u00edas\"\/><\/p>\n<p>                        <\/a><\/p>\n<p class=\"article-text\">\n        Sin embargo, <strong>en el Mediterr\u00e1neo y Baleares<\/strong> no habr\u00e1 grandes cambios en los valores. En el Cant\u00e1brico Oriental y nordeste tambi\u00e9n seguir\u00e1 el fuerte calor: Bilbao y San Sebasti\u00e1n alcanzar\u00e1n entre 33 y 35 grados y Logro\u00f1o, Pamplona, Lleida o Zaragoza, entre 38 y 40 grados.\n    <\/p>\n<p>    <strong>Lluvias y bajada de las temperaturas <\/strong><\/p>\n<p class=\"article-text\">\n        La jornada estar\u00e1 marcada por la entrada de <strong>una masa de aire atl\u00e1ntica m\u00e1s fr\u00eda <\/strong>por el oeste y por las precipitaciones. Predominar\u00e1n los cielos despejados, salvo en el noroeste, donde un flujo atl\u00e1ntico dejar\u00e1 cielos nubosos con precipitaciones y chubascos localmente fuertes y acompa\u00f1ados de tormenta.\u00a0\n    <\/p>\n<p class=\"article-text\">\n        Por la tarde, de acuerdo con la Aemet, se desarrollar\u00e1 nubosidad de evoluci\u00f3n en la Pen\u00ednsula, especialmente en el extremo norte, con <strong>chubascos y tormentas<\/strong> con granizo, m\u00e1s probables en el Cant\u00e1brico y el alto Ebro, pero sin descartarlas en la Ib\u00e9rica, Pirineos y otros puntos de interior. Hay avisos por lluvias o tormentas en varias comunidades: Asturias, Cantabria, Castilla-Le\u00f3n, Galicia y Pa\u00eds Vasco.\u00a0\n    <\/p>\n<blockquote class=\"twitter-tweet\" data-lang=\"es\" data-conversation=\"none\"><p><a href=\"https:\/\/twitter.com\/X\/status\/2069689234416410766?ref_src=twsrc%5Etfw\" rel=\"nofollow noopener\" target=\"_blank\"><\/p><\/blockquote>\n<p class=\"article-text\">\n        En paralelo, descender\u00e1n las temperaturas de forma generalizada en la Pen\u00ednsula, poniendo fin a la primera ola de calor de la temporada, que arranc\u00f3 el pasado fin de semana y que se ha extendido hasta este mi\u00e9rcoles.\u00a0\n    <\/p>\n<p class=\"article-text\">\n        El descenso de las m\u00e1ximas ser\u00e1 notable en <strong>amplias zonas del interior <\/strong>e incluso extraordinario en el Cant\u00e1brico y menos acusado en el tercio oriental, detalla la agencia estatal en su previsi\u00f3n. Se mover\u00e1n entre los 26 y 30 grados.\u00a0\n    <\/p>\n<p class=\"article-text\">\n        Bajar\u00e1n las temperaturas, extremas en muchos casos, pero <strong>seguir\u00e1 haciendo calor en algunos puntos<\/strong>. El descenso de las m\u00ednimas ser\u00e1 ligero en el tercio oriental. Todav\u00eda se superar\u00e1n los 34-36 grados en el Ebro, el este de la meseta sur, Baleares y, puntualmente, en otros puntos del este peninsular e incluso los 38-39 de forma puntual.\u00a0\n    <\/p>\n<p>    <a href=\"https:\/\/www.eldiario.es\/euskadi\/blogs\/viento-del-norte\/records-altas-temperaturas_132_13324111.html\" data-mrf-recirculation=\"saber-mas-abajo\" data-dl-event=\"saber-mas-abajo\" rel=\"nofollow noopener\" target=\"_blank\"><\/p>\n<p class=\"know-more__title\">La era de los r\u00e9cords de altas temperaturas\n<\/p>\n<p>            <img decoding=\"async\" class=\"lazy\" loading=\"lazy\" data-src=\"https:\/\/static.eldiario.es\/clip\/5d86b845-7604-451c-919c-2ffa1acb71f1_16-9-aspect-ratio_default_0_x2254y1364.jpg\" src=\"data:image\/svg+xml,%3Csvg xmlns=\" http:=\"\" viewbox=\"0 0 880 495\" alt=\"La era de los r\u00e9cords de altas temperaturas\"\/><\/p>\n<p>                        <\/a><\/p>\n<p class=\"article-text\">\n        <strong>Respecto a las m\u00ednimas<\/strong>, se esperan <a href=\"https:\/\/www.eldiario.es\/sociedad\/el-tiempo\/pegar-ojo-calor-diferencia-noche-tropical-torrida-e-infernal-pm_1_12435395.html\" target=\"_blank\" data-mrf-recirculation=\"links-noticia\" class=\"link\" rel=\"nofollow noopener\">noches tropicales<\/a> (m\u00ednimas por encima de los 20) en zonas del centro-sur, el Ebro y los litorales mediterr\u00e1neos. Sin cambios significativos en los archipi\u00e9lagos.\n    <\/p>\n<p>                                        <script async src=\"https:\/\/platform.twitter.com\/widgets.js\" charset=\"utf-8\"><\/script><\/p>\n","protected":false},"excerpt":{"rendered":"Adi\u00f3s a la primera ola de calor de la temporada. Este jueves se espera un descenso t\u00e9rmico generalizado,&hellip;\n","protected":false},"author":2,"featured_media":625032,"comment_status":"","ping_status":"","sticky":false,"template":"","format":"standard","meta":{"footnotes":""},"categories":[8],"tags":[6831,17,18,4922,6258,25,24,13,14,11,19,20,6194,9,10,15,16,3007,2678,23,6195,12,21,22,7996],"class_list":["post-625031","post","type-post","status-publish","format-standard","has-post-thumbnail","category-espana","tag-adios","tag-breaking-news","tag-breakingnews","tag-calor","tag-descenso","tag-es","tag-espana","tag-featured-news","tag-featurednews","tag-headlines","tag-latest-news","tag-latestnews","tag-lluvias","tag-news","tag-noticias","tag-noticias-destacadas","tag-noticiasdestacadas","tag-ola","tag-pm","tag-spain","tag-temperaturas","tag-titulares","tag-ultimas-noticias","tag-ultimasnoticias","tag-zonas"],"share_on_mastodon":{"url":"https:\/\/pubeurope.com\/@es\/116809311676320215","error":""},"_links":{"self":[{"href":"https:\/\/www.europesays.com\/es\/wp-json\/wp\/v2\/posts\/625031","targetHints":{"allow":["GET"]}}],"collection":[{"href":"https:\/\/www.europesays.com\/es\/wp-json\/wp\/v2\/posts"}],"about":[{"href":"https:\/\/www.europesays.com\/es\/wp-json\/wp\/v2\/types\/post"}],"author":[{"embeddable":true,"href":"https:\/\/www.europesays.com\/es\/wp-json\/wp\/v2\/users\/2"}],"replies":[{"embeddable":true,"href":"https:\/\/www.europesays.com\/es\/wp-json\/wp\/v2\/comments?post=625031"}],"version-history":[{"count":0,"href":"https:\/\/www.europesays.com\/es\/wp-json\/wp\/v2\/posts\/625031\/revisions"}],"wp:featuredmedia":[{"embeddable":true,"href":"https:\/\/www.europesays.com\/es\/wp-json\/wp\/v2\/media\/625032"}],"wp:attachment":[{"href":"https:\/\/www.europesays.com\/es\/wp-json\/wp\/v2\/media?parent=625031"}],"wp:term":[{"taxonomy":"category","embeddable":true,"href":"https:\/\/www.europesays.com\/es\/wp-json\/wp\/v2\/categories?post=625031"},{"taxonomy":"post_tag","embeddable":true,"href":"https:\/\/www.europesays.com\/es\/wp-json\/wp\/v2\/tags?post=625031"}],"curies":[{"name":"wp","href":"https:\/\/api.w.org\/{rel}","templated":true}]}}