{"id":625353,"date":"2026-06-25T10:50:13","date_gmt":"2026-06-25T10:50:13","guid":{"rendered":"https:\/\/www.europesays.com\/es\/625353\/"},"modified":"2026-06-25T10:50:13","modified_gmt":"2026-06-25T10:50:13","slug":"dani-martin-responde-a-las-criticas-por-lo-que-le-dijo-a-una-nina-en-pleno-concierto-caminare-de-rodillas-hasta-la-carretera-esta-tarde","status":"publish","type":"post","link":"https:\/\/www.europesays.com\/es\/625353\/","title":{"rendered":"Dani Mart\u00edn responde a las cr\u00edticas por lo que le dijo a una ni\u00f1a en pleno concierto: &#8216;Caminar\u00e9 de rodillas hasta la carretera esta tarde&#8217;"},"content":{"rendered":"<p>El cantante Dani Mart\u00edn ha protagonizado estos d\u00edas una sonada pol\u00e9mica por c\u00f3mo contest\u00f3 desde el escenario a una ni\u00f1a que le ped\u00eda con una pancarta subir al escenario de su concierto en C\u00f3rdoba como parte de su gira\u00a025 P*t*s a\u00f1os.<\/p>\n<p>En el v\u00eddeo, que ha corrido como la p\u00f3lvora en redes sociales, Mart\u00edn <a href=\"https:\/\/www.huffingtonpost.es\/virales\/dani-martin-llama-maleducadana-queria-subir-escenario-desata-criticas-si-padre-f202606.html\" rel=\"nofollow noopener\" target=\"_blank\">dec\u00eda que esa ni\u00f1a estaba \u00abmal educada\u00bb<\/a> y le dec\u00eda que no podr\u00eda subir al escenario hasta que \u00e9l lo indicara, una vez que finalizase el concierto o al final del mismo. \u00ab\u00bfQu\u00e9 crees que soy yo, un pelele? Subir\u00e1s cuando yo diga\u00bb, se\u00f1al\u00f3.<\/p>\n<p>La actitud de Mart\u00edn desat\u00f3 una oleada de cr\u00edticas, donde muchos tacharon de \u00abfalta de empat\u00eda\u00bb o apuntaron que el verdadero \u00abmaleducado\u00bb era el artista. No obstante, la madre de la ni\u00f1a comparti\u00f3 tras el concierto un v\u00eddeo en el que su hija dec\u00eda que este no le hab\u00eda subido al escenario pero le hab\u00eda regalado una camiseta.\u00a0<\/p>\n<p>\u00abDani, no me has subido al escenario, pero me has regalado una camiseta\u00bb. \u00abTodav\u00eda hay gente buena, ha parado a mi hija y le ha dicho que no la ha subido, y le ha comprado una camiseta\u00bb, a\u00f1adi\u00f3.<\/p>\n<p>Ahora, viendo el revuelo generado, Mart\u00edn ha respondido a trav\u00e9s de un v\u00eddeo de m\u00e1s de dos minutos en sus redes sociales, donde ha dejado claro que \u00abjam\u00e1s en la vida le faltar\u00eda el respeto a una ni\u00f1a de 10 a\u00f1os que se sube encima de su pap\u00e1\u00bb y ha criticado la actitud que han tenido muchos en redes sociales.<\/p>\n<p>\u00abAcabo de quedarme sorprendido por estas cosas que generan alimento en las redes sociales. El otro d\u00eda en el concierto de C\u00f3rdoba sucedi\u00f3 una situaci\u00f3n bastante tierna y c\u00f3mica, donde una ni\u00f1a con un cartel que casi no le\u00eda (porque necesito gafas) me ped\u00eda subir al escenario\u00bb, comienza diciendo.<\/p>\n<p>Mart\u00edn ha asegurado que sus palabras se dieron desde \u00abun tono payaso\u00bb. \u00abLo dije desde ese tono de comunicaci\u00f3n de risa, con todo el mundo ri\u00e9ndose. No da para m\u00e1s el asunto\u00bb, ha se\u00f1alado antes de decir que pide disculpas a \u00abtodos los ofendidos\u00bb y bromear con que incluso har\u00e1 una \u00abpenitencia\u00bb por ello.<\/p>\n<p>\u00abCaminar\u00e9 de rodillas hasta la carretera esta tarde\u00bb, se\u00f1al\u00f3 y advirti\u00f3 sobre c\u00f3mo se pueden sacar de contexto determinados gestos: \u00abCreo que lo mejor va a ser no comunicarnos entre las personas en un escenario, porque cada cosa es mirada con lupa, sacada de contexto, cortados los v\u00eddeos y editados&#8230;\u00bb<\/p>\n<p>\u00abPed\u00ed un aplauso para la ni\u00f1a y todo. No s\u00e9 qu\u00e9 m\u00e1s me falt\u00f3 a hacer. Y qu\u00e9 m\u00e1s me falta a hacer. Subo a gente que no sabe ni cantar al escenario y nadie les juzga, le damos un aplauso y hacemos todo con un cari\u00f1o tremendo\u00bb, continu\u00f3 diciendo y asegur\u00f3 que mucha gente necesita pol\u00e9micas y generar \u00abproblemas\u00bb, pero que \u00ablos verdaderos problemas son otros\u00bb.<\/p>\n<p>Mart\u00edn ha concluido su comunicado enfatizando que nunca tendr\u00eda un mal gesto con una ni\u00f1a y ha recordado que \u00abfue algo c\u00f3mico, de humor y de absoluto cari\u00f1o la forma que le habl\u00e9\u00bb.\u00a0<\/p>\n<p>\u00abEl que lo quiera sacar de contexto e incluso insultarme, como ha habido, pues &#8216;chico, \u00e9l ver\u00e1&#8217;. Yo esos tonos y esos t\u00e9rminos s\u00ed que no los utilizo. El que se siente ofendido le pido disculpas aunque no tenga que hacerlo, pero parece que tenemos la piel muy fina \u00faltimamente\u00bb, ha zanjado el artista.<\/p>\n<p>Sus disculpas tras pedir que no se votara<\/p>\n<p>No es la \u00fanica pol\u00e9mica reciente que ha protagonizado el que fuera vocalista de El Canto del Loco, el pasado mes de diciembre el artista <a href=\"https:\/\/www.huffingtonpost.es\/life\/cultura\/dani-martin-disculpa-polemicas-palabras-sobre-voto-proximas-elecciones-fue-fruto-hartazgo.html\" rel=\"nofollow noopener\" target=\"_blank\">se disculp\u00f3 despu\u00e9s de decir que no hab\u00eda que votar<\/a>. \u00abYo os animo a que no vot\u00e9is a nadie. A nadie. Para que se den cuenta de que no nos representa ninguno. Absolutamente ninguno\u00bb, dijo desde el escenario.<\/p>\n<p>Al d\u00eda siguiente, Mart\u00edn rectific\u00f3 y asegur\u00f3 que hab\u00eda cometido un \u00aberror\u00bb y sus palabras eran fruto del \u00abhartazgo\u00bb.\u00a0\u00abSi hay algo necesario en este Estado de derecho es ir a votar. As\u00ed que quiero pedir disculpas por mis palabras equivocadas, fruto del hartazgo ante la falta de integridad y compromiso que estamos viviendo\u00bb, indic\u00f3 entonces.<\/p>\n","protected":false},"excerpt":{"rendered":"El cantante Dani Mart\u00edn ha protagonizado estos d\u00edas una sonada pol\u00e9mica por c\u00f3mo contest\u00f3 desde el escenario a&hellip;\n","protected":false},"author":2,"featured_media":625354,"comment_status":"","ping_status":"","sticky":false,"template":"","format":"standard","meta":{"footnotes":""},"categories":[174],"tags":[255,208,47099,146,147,25,24,256,185,23],"class_list":["post-625353","post","type-post","status-publish","format-standard","has-post-thumbnail","category-famosos","tag-celebrities","tag-conciertos","tag-dani-martin","tag-entertainment","tag-entretenimiento","tag-es","tag-espana","tag-famosos","tag-musica","tag-spain"],"share_on_mastodon":{"url":"https:\/\/pubeurope.com\/@es\/116810366028671657","error":""},"_links":{"self":[{"href":"https:\/\/www.europesays.com\/es\/wp-json\/wp\/v2\/posts\/625353","targetHints":{"allow":["GET"]}}],"collection":[{"href":"https:\/\/www.europesays.com\/es\/wp-json\/wp\/v2\/posts"}],"about":[{"href":"https:\/\/www.europesays.com\/es\/wp-json\/wp\/v2\/types\/post"}],"author":[{"embeddable":true,"href":"https:\/\/www.europesays.com\/es\/wp-json\/wp\/v2\/users\/2"}],"replies":[{"embeddable":true,"href":"https:\/\/www.europesays.com\/es\/wp-json\/wp\/v2\/comments?post=625353"}],"version-history":[{"count":0,"href":"https:\/\/www.europesays.com\/es\/wp-json\/wp\/v2\/posts\/625353\/revisions"}],"wp:featuredmedia":[{"embeddable":true,"href":"https:\/\/www.europesays.com\/es\/wp-json\/wp\/v2\/media\/625354"}],"wp:attachment":[{"href":"https:\/\/www.europesays.com\/es\/wp-json\/wp\/v2\/media?parent=625353"}],"wp:term":[{"taxonomy":"category","embeddable":true,"href":"https:\/\/www.europesays.com\/es\/wp-json\/wp\/v2\/categories?post=625353"},{"taxonomy":"post_tag","embeddable":true,"href":"https:\/\/www.europesays.com\/es\/wp-json\/wp\/v2\/tags?post=625353"}],"curies":[{"name":"wp","href":"https:\/\/api.w.org\/{rel}","templated":true}]}}